{"id":2087,"date":"2026-03-16T07:46:33","date_gmt":"2026-03-16T06:46:33","guid":{"rendered":"http:\/\/powiatwwl.pl\/?p=2087"},"modified":"2026-03-16T07:47:46","modified_gmt":"2026-03-16T06:47:46","slug":"absolutny-hit-best-od-the-best","status":"publish","type":"post","link":"https:\/\/powiatwwl.pl\/?p=2087","title":{"rendered":"Absolutny Hit &#8222;Best od the Best&#8221;\/VIDEO\/"},"content":{"rendered":"<div class=\"wp-block-image\">\n<figure class=\"aligncenter size-large is-resized\"><img loading=\"lazy\" decoding=\"async\" width=\"1024\" height=\"683\" src=\"https:\/\/powiatwwl.pl\/wp-content\/uploads\/2026\/03\/653371938_1558550722765671_7450311119269763918_n-1024x683.jpg\" alt=\"\" class=\"wp-image-2088\" style=\"aspect-ratio:1.4992793575987737;width:718px;height:auto\" srcset=\"https:\/\/powiatwwl.pl\/wp-content\/uploads\/2026\/03\/653371938_1558550722765671_7450311119269763918_n-1024x683.jpg 1024w, https:\/\/powiatwwl.pl\/wp-content\/uploads\/2026\/03\/653371938_1558550722765671_7450311119269763918_n-300x200.jpg 300w, https:\/\/powiatwwl.pl\/wp-content\/uploads\/2026\/03\/653371938_1558550722765671_7450311119269763918_n-768x512.jpg 768w, https:\/\/powiatwwl.pl\/wp-content\/uploads\/2026\/03\/653371938_1558550722765671_7450311119269763918_n-1536x1024.jpg 1536w, https:\/\/powiatwwl.pl\/wp-content\/uploads\/2026\/03\/653371938_1558550722765671_7450311119269763918_n.jpg 2048w\" sizes=\"auto, (max-width: 1024px) 100vw, 1024px\" \/><\/figure>\n<\/div>\n\n\n<h5 class=\"wp-block-heading\"><strong>Absolutny Hit. Niesamowite. Niespodzianka. \u0141zy wzruszenia i szcz\u0119\u015bcia&#8230;!<\/strong>.<\/h5>\n\n\n\n<p>Top of the top. Best of the Best, g\u0142osi prowadz\u0105cy z TVP 3 &#8211; Bogdan Saternus, \u017ce to b\u0119dzie wisienka na torcie na sam koniec gali (nawet nie zak\u0142adamy,\u017ce &#8230;.). Sportowiec Roku 2025 Powiatu Wo\u0142omi\u0144skiego wybrany &#8211; Gabriela Przyby\u015b. A tytu\u0142 ten przys\u0142uguje tylko jednej osobie w powiecie (na 150 os\u00f3b nagrodzonych). Za nami wyj\u0105tkowa, wspaniale zorganizowana w niesamowitej scenerii 3 Gala Sportu Powiatu Wo\u0142omi\u0144skiego w Mareckim Centrum Edukacyjno Rekreacyjnym. Go\u015b\u0107mi Honorowymi byli &#8211; \u0141ukasz ,,Juras&#8221; Jurkowski, zawodnik Taekwondo i MMA, Mistrz Pucharu \u015awiata, dziennikarz sportowy oraz \u0141ukasz Kadziewicz siatkarz, Wice Mistrz Olimpijski i dziennikarz sportowy. Tytu\u0142 Sportowca Roku 2025 Powiatu Wo\u0142omi\u0144skiego trafi\u0142 do Gabrieli Przybysz&#8230;<\/p>\n\n\n\n<p>My w tym czasie jeste\u015bmy pe\u0142ni niepokoju albowiem prowadz\u0105cy buduj\u0105c napi\u0119cie og\u0142asza, \u017ce nagrody s\u0105 wr\u0119czane alfabetycznie. Gdy wyr\u00f3\u017cnienia zbli\u017caj\u0105 si\u0119 do ko\u0144ca i niemal wszystkie nazwiska zostaj\u0105 wymienione, w tym troje naszych zawodnik\u00f3w &#8211; Damian Szcz\u0119sny, Kamil Skowronek i Adrian Skowronek, a nazwisko Gabi zostaje pomini\u0119te czujemy niepok\u00f3j, dochodz\u0105c do wniosku, \u017ce jest to niezamierzone niedopatrzenie i trzeba b\u0119dzie to wyja\u015bni\u0107 w Starostwie w poniedzia\u0142ek. Skupiamy si\u0119 na tym nie zdaj\u0105c sobie sprawy co stanie si\u0119 za chwil\u0119. Na scenie robi si\u0119 bardziej podnios\u0142a atmosfera.Zmienia si\u0119 muzyka. Budowane jest napi\u0119cie. Staro\u015bcie zostaje wr\u0119czona zalakowana koperta, kt\u00f3r\u0105 z trudem otwiera. Nas to nie dotyczy, jeste\u015bmy smutni. Koperta zostaje otwarta i s\u0142yszymy&#8230; ,,Wicemistrzyni Pucharu \u015awiata w Kickboxingu&#8230;&#8221; i do nas dociera: Ten jedyny tytu\u0142 Sportowca Roku 2025 Powiatu Wo\u0142omi\u0144skiego trafia do mojej wychowanki Gabrieli Przybysz zawodniczki prowadzonego przez mnie klubu TSD Ronin Stanis\u0142aw\u00f3w<\/p>\n\n\n<div class=\"wp-block-image\">\n<figure class=\"aligncenter size-large is-resized\"><img loading=\"lazy\" decoding=\"async\" width=\"1024\" height=\"683\" src=\"https:\/\/powiatwwl.pl\/wp-content\/uploads\/2026\/03\/653706285_1558551062765637_8988954605055145015_n-1024x683.jpg\" alt=\"\" class=\"wp-image-2089\" style=\"aspect-ratio:1.4992793575987737;width:762px;height:auto\" srcset=\"https:\/\/powiatwwl.pl\/wp-content\/uploads\/2026\/03\/653706285_1558551062765637_8988954605055145015_n-1024x683.jpg 1024w, https:\/\/powiatwwl.pl\/wp-content\/uploads\/2026\/03\/653706285_1558551062765637_8988954605055145015_n-300x200.jpg 300w, https:\/\/powiatwwl.pl\/wp-content\/uploads\/2026\/03\/653706285_1558551062765637_8988954605055145015_n-768x512.jpg 768w, https:\/\/powiatwwl.pl\/wp-content\/uploads\/2026\/03\/653706285_1558551062765637_8988954605055145015_n-1536x1024.jpg 1536w, https:\/\/powiatwwl.pl\/wp-content\/uploads\/2026\/03\/653706285_1558551062765637_8988954605055145015_n.jpg 2048w\" sizes=\"auto, (max-width: 1024px) 100vw, 1024px\" \/><\/figure>\n<\/div>\n\n\n<p>A zatem kontynuujemy: Gabriela Przybysz to zawodniczka kickboxingu, Wice Mistrzyni Pucharu \u015awiata Budapeszt W\u0119gry 2025, Wice Mistrzyni Polski Ba\u0142t\u00f3w 2025<\/p>\n\n\n\n<p>Z\u0142ota Medalistka Mi\u0119dzynarodowego Turnieju Kickboxingu ,,Celtic Open&#8221; Dublin Irlandia organizowanego przez President WAKO Roy Baker. Reprezentantka Kadra Narodowa Kadet\u00f3w Pointfighting PZKB i Reprezentacji Polski Zwi\u0105zek Kickboxingu<\/p>\n\n\n\n<p>Tytu\u0142 Sportowca Roku to ogromne wyr\u00f3\u017cnienie tym bardziej, \u017ce jedyne w gronie niemal 150 nagrodzonych. Jest to ogromna duma dla zawodniczki, dla jej mamy ( Kasia Przybysz), ale te\u017c dla mnie jako trenera. Zar\u00f3wno ja jak i obie wspomniany wcze\u015bniej byli\u015bmy zaskoczeni i nie ukrywali\u015bmy \u0142ez wzruszenia. Wr\u0119czony tak uroczy\u015bcie specjalny puchar, a w \u015blad za nim odpowiednie nagrody to efekt lat ci\u0119\u017ckiej pracy, konsekwencji, systematyczno\u015bci, zaanga\u017cowania. Tak\u017ce charakteru i pasji do sportu, tak\u017ce od lat lojalno\u015bci i wzajemnego zaufania &#8211; cho\u0107 niekiedy dyskusje bywaj\u0105 trudne\u00a0(tu przybij\u0119 pi\u0105tke ,,Kadziowi&#8221; za jego wypowied\u017a).<\/p>\n\n\n\n<p>Jeste\u015bmy dumni, \u017ce Gabi jest cz\u0119\u015bci\u0105 naszego klubu i mo\u017ce reprezentowa\u0107 jego barwy na najwy\u017cszym poziomie.Kiedy widzisz szcz\u0119\u015bcie i rado\u015b\u0107 swojej podopiecznej, cieszysz si\u0119 wraz z ni\u0105. Wiesz, \u017ce to r\u00f3wnie\u017c Tw\u00f3j sukces. Cieszysz si\u0119 jej szcz\u0119\u015bciem wiedz\u0105c \u017ce b\u0119dzie to nap\u0119dza\u0142o Was oboje do dalszej pracy daj\u0105c motywacyjnego kopa.\u00a0<\/p>\n\n\n\n<p>Gratulujemy Gabi i \u017cyczmy kolejnych zwyci\u0119stw. Gratulacje dla wszystkich nagrodzonych.\u00a0W tym miejscu chcemy serdecznie podzi\u0119kowa\u0107 Arkadiusz Werelich &#8211; starosta wo\u0142omi\u0144ski dla Mieszka\u0144c\u00f3w, Katarzyna Maria PAZIO &#8211; Wicestarosta Wo\u0142omi\u0144ski, kapitu\u0142\u0119 Radnych Powiatu Wo\u0142omi\u0144skiego za przyznany tytu\u0142 i nagrody w tak uroczystej oprawie, organizacj\u0119 wydarzenia i wspieranie oraz docenienie m\u0142odych sportowc\u00f3w, co nie zawsze ma miejsce. Jeszcze raz dzi\u0119kujemy i gratulujemy poziomu wspierania sportu<\/p>\n\n\n\n<p>Dzi\u0119kujemy r\u00f3wnie\u017c Kinga Sosi\u0144ska Burmistrz Miasta i Gminy\u00a0<a href=\"https:\/\/www.facebook.com\/groups\/1167136060388987\/user\/100029115079033\/?__cft__[0]=AZY2W-fEhrBxougenipMgbVS8O7GQSejOuM5JnTrLcs57HRAY9HCm4nbfLPRaKriDTihOVtN7vY7w6dzV7ejoqMPbNXLf_lzoQdPVuSPLY9YfWPfeFeMLpUwyM0FyeYHDiVWEddERZ0NMrbYJSnVaafA7Ayl_MZpsy20ocIMtVUOD7weCpAby54I5k3ucI_ms-r73YtKGMZtDCrAzhz1DPJ8&amp;__tn__=-]K-R\">Sport i Rekreacja &#8211; Gmina Stanis\u0142aw\u00f3w<\/a>\u00a0i\u00a0<a href=\"https:\/\/www.facebook.com\/groups\/1167136060388987\/user\/100069727050478\/?__cft__[0]=AZY2W-fEhrBxougenipMgbVS8O7GQSejOuM5JnTrLcs57HRAY9HCm4nbfLPRaKriDTihOVtN7vY7w6dzV7ejoqMPbNXLf_lzoQdPVuSPLY9YfWPfeFeMLpUwyM0FyeYHDiVWEddERZ0NMrbYJSnVaafA7Ayl_MZpsy20ocIMtVUOD7weCpAby54I5k3ucI_ms-r73YtKGMZtDCrAzhz1DPJ8&amp;__tn__=-]K-R\">Gmina Stanis\u0142aw\u00f3w<\/a>\u00a0albowiem sukcesy wspomnianych wy\u017cej zawodnik\u00f3w nie by\u0142y by mo\u017cliwe gdyby nie Wasze wsparcie finansowe. Dzi\u0119kujemy za zrozumienie potrzeb m\u0142odych sportowc\u00f3w.<\/p>\n\n\n\n<p><a href=\"https:\/\/www.facebook.com\/groups\/1167136060388987\/user\/100063684786981\/?__cft__[0]=AZY2W-fEhrBxougenipMgbVS8O7GQSejOuM5JnTrLcs57HRAY9HCm4nbfLPRaKriDTihOVtN7vY7w6dzV7ejoqMPbNXLf_lzoQdPVuSPLY9YfWPfeFeMLpUwyM0FyeYHDiVWEddERZ0NMrbYJSnVaafA7Ayl_MZpsy20ocIMtVUOD7weCpAby54I5k3ucI_ms-r73YtKGMZtDCrAzhz1DPJ8&amp;__tn__=-]K-R\">Klub Tang Soo Do- Ronin TSD Stanis\u0142aw\u00f3w<\/a> <a href=\"https:\/\/www.facebook.com\/groups\/1167136060388987\/user\/100057655809840\/?__cft__[0]=AZY2W-fEhrBxougenipMgbVS8O7GQSejOuM5JnTrLcs57HRAY9HCm4nbfLPRaKriDTihOVtN7vY7w6dzV7ejoqMPbNXLf_lzoQdPVuSPLY9YfWPfeFeMLpUwyM0FyeYHDiVWEddERZ0NMrbYJSnVaafA7Ayl_MZpsy20ocIMtVUOD7weCpAby54I5k3ucI_ms-r73YtKGMZtDCrAzhz1DPJ8&amp;__tn__=-]K-R\">T\u0119cza Stanis\u0142aw\u00f3w<\/a> Sylwester Ni\u017anik <a href=\"https:\/\/www.facebook.com\/groups\/1167136060388987\/user\/100064235525923\/?__cft__[0]=AZY2W-fEhrBxougenipMgbVS8O7GQSejOuM5JnTrLcs57HRAY9HCm4nbfLPRaKriDTihOVtN7vY7w6dzV7ejoqMPbNXLf_lzoQdPVuSPLY9YfWPfeFeMLpUwyM0FyeYHDiVWEddERZ0NMrbYJSnVaafA7Ayl_MZpsy20ocIMtVUOD7weCpAby54I5k3ucI_ms-r73YtKGMZtDCrAzhz1DPJ8&amp;__tn__=-]K-R\">Radio FAMA Wo\u0142omin 94,7 FM<\/a> <a href=\"https:\/\/www.facebook.com\/groups\/1167136060388987\/user\/100063539755914\/?__cft__[0]=AZY2W-fEhrBxougenipMgbVS8O7GQSejOuM5JnTrLcs57HRAY9HCm4nbfLPRaKriDTihOVtN7vY7w6dzV7ejoqMPbNXLf_lzoQdPVuSPLY9YfWPfeFeMLpUwyM0FyeYHDiVWEddERZ0NMrbYJSnVaafA7Ayl_MZpsy20ocIMtVUOD7weCpAby54I5k3ucI_ms-r73YtKGMZtDCrAzhz1DPJ8&amp;__tn__=-]K-R\">TVP3 Regiony<\/a> <a href=\"https:\/\/www.facebook.com\/groups\/1167136060388987\/user\/100079231549679\/?__cft__[0]=AZY2W-fEhrBxougenipMgbVS8O7GQSejOuM5JnTrLcs57HRAY9HCm4nbfLPRaKriDTihOVtN7vY7w6dzV7ejoqMPbNXLf_lzoQdPVuSPLY9YfWPfeFeMLpUwyM0FyeYHDiVWEddERZ0NMrbYJSnVaafA7Ayl_MZpsy20ocIMtVUOD7weCpAby54I5k3ucI_ms-r73YtKGMZtDCrAzhz1DPJ8&amp;__tn__=-]K-R\">Komisja Sportu Kobiet Polskiego Zwi\u0105zku Kickboxingu<\/a> <a href=\"https:\/\/www.facebook.com\/groups\/1167136060388987\/user\/100063836049529\/?__cft__[0]=AZY2W-fEhrBxougenipMgbVS8O7GQSejOuM5JnTrLcs57HRAY9HCm4nbfLPRaKriDTihOVtN7vY7w6dzV7ejoqMPbNXLf_lzoQdPVuSPLY9YfWPfeFeMLpUwyM0FyeYHDiVWEddERZ0NMrbYJSnVaafA7Ayl_MZpsy20ocIMtVUOD7weCpAby54I5k3ucI_ms-r73YtKGMZtDCrAzhz1DPJ8&amp;__tn__=-]K-R\">Masters Fight Equipment<\/a> <a href=\"https:\/\/www.facebook.com\/groups\/1167136060388987\/user\/100047159778712\/?__cft__[0]=AZY2W-fEhrBxougenipMgbVS8O7GQSejOuM5JnTrLcs57HRAY9HCm4nbfLPRaKriDTihOVtN7vY7w6dzV7ejoqMPbNXLf_lzoQdPVuSPLY9YfWPfeFeMLpUwyM0FyeYHDiVWEddERZ0NMrbYJSnVaafA7Ayl_MZpsy20ocIMtVUOD7weCpAby54I5k3ucI_ms-r73YtKGMZtDCrAzhz1DPJ8&amp;__tn__=-]K-R\">IronPro<\/a> <a href=\"https:\/\/www.facebook.com\/groups\/1167136060388987\/user\/100064276345972\/?__cft__[0]=AZY2W-fEhrBxougenipMgbVS8O7GQSejOuM5JnTrLcs57HRAY9HCm4nbfLPRaKriDTihOVtN7vY7w6dzV7ejoqMPbNXLf_lzoQdPVuSPLY9YfWPfeFeMLpUwyM0FyeYHDiVWEddERZ0NMrbYJSnVaafA7Ayl_MZpsy20ocIMtVUOD7weCpAby54I5k3ucI_ms-r73YtKGMZtDCrAzhz1DPJ8&amp;__tn__=-]K-R\">Gmina Po\u015bwi\u0119tne<\/a><\/p>\n\n\n\n<p><em>\u017ar\u00f3d\u0142o: Gmina Po\u015bwi\u0119tne<\/em><\/p>\n\n\n\n<hr class=\"wp-block-separator has-alpha-channel-opacity\"\/>\n\n\n<div class=\"wp-block-image\">\n<figure class=\"alignleft size-large is-resized\"><img loading=\"lazy\" decoding=\"async\" width=\"1024\" height=\"1024\" src=\"https:\/\/powiatwwl.pl\/wp-content\/uploads\/2026\/03\/PW-logok-Zdjecie-profilowe-na-Facebooka-6-1024x1024.jpg\" alt=\"\" class=\"wp-image-1976\" style=\"width:107px;height:auto\" srcset=\"https:\/\/powiatwwl.pl\/wp-content\/uploads\/2026\/03\/PW-logok-Zdjecie-profilowe-na-Facebooka-6-1024x1024.jpg 1024w, https:\/\/powiatwwl.pl\/wp-content\/uploads\/2026\/03\/PW-logok-Zdjecie-profilowe-na-Facebooka-6-300x300.jpg 300w, https:\/\/powiatwwl.pl\/wp-content\/uploads\/2026\/03\/PW-logok-Zdjecie-profilowe-na-Facebooka-6-150x150.jpg 150w, https:\/\/powiatwwl.pl\/wp-content\/uploads\/2026\/03\/PW-logok-Zdjecie-profilowe-na-Facebooka-6-768x768.jpg 768w, https:\/\/powiatwwl.pl\/wp-content\/uploads\/2026\/03\/PW-logok-Zdjecie-profilowe-na-Facebooka-6-80x80.jpg 80w, https:\/\/powiatwwl.pl\/wp-content\/uploads\/2026\/03\/PW-logok-Zdjecie-profilowe-na-Facebooka-6-320x320.jpg 320w, https:\/\/powiatwwl.pl\/wp-content\/uploads\/2026\/03\/PW-logok-Zdjecie-profilowe-na-Facebooka-6.jpg 1280w\" sizes=\"auto, (max-width: 1024px) 100vw, 1024px\" \/><\/figure>\n<\/div>\n\n\n<h2 class=\"wp-block-heading\"><strong><a href=\"https:\/\/www.facebook.com\/reel\/814923758295863\">ROLKA VIDEO<\/a><\/strong><\/h2>\n\n\n\n<hr class=\"wp-block-separator aligncenter has-alpha-channel-opacity\"\/>\n\n\n<div class=\"wp-block-image\">\n<figure class=\"alignleft size-large is-resized\"><img loading=\"lazy\" decoding=\"async\" width=\"1024\" height=\"1024\" src=\"https:\/\/powiatwwl.pl\/wp-content\/uploads\/2026\/03\/PW-logok-Zdjecie-profilowe-na-Facebooka-6-1024x1024.jpg\" alt=\"\" class=\"wp-image-1976\" style=\"width:96px;height:auto\" srcset=\"https:\/\/powiatwwl.pl\/wp-content\/uploads\/2026\/03\/PW-logok-Zdjecie-profilowe-na-Facebooka-6-1024x1024.jpg 1024w, https:\/\/powiatwwl.pl\/wp-content\/uploads\/2026\/03\/PW-logok-Zdjecie-profilowe-na-Facebooka-6-300x300.jpg 300w, https:\/\/powiatwwl.pl\/wp-content\/uploads\/2026\/03\/PW-logok-Zdjecie-profilowe-na-Facebooka-6-150x150.jpg 150w, https:\/\/powiatwwl.pl\/wp-content\/uploads\/2026\/03\/PW-logok-Zdjecie-profilowe-na-Facebooka-6-768x768.jpg 768w, https:\/\/powiatwwl.pl\/wp-content\/uploads\/2026\/03\/PW-logok-Zdjecie-profilowe-na-Facebooka-6-80x80.jpg 80w, https:\/\/powiatwwl.pl\/wp-content\/uploads\/2026\/03\/PW-logok-Zdjecie-profilowe-na-Facebooka-6-320x320.jpg 320w, https:\/\/powiatwwl.pl\/wp-content\/uploads\/2026\/03\/PW-logok-Zdjecie-profilowe-na-Facebooka-6.jpg 1280w\" sizes=\"auto, (max-width: 1024px) 100vw, 1024px\" \/><\/figure>\n<\/div>\n\n\n<h2 class=\"wp-block-heading\"><strong><a href=\"https:\/\/www.facebook.com\/reel\/944364364630033\">ROLKA VIDEO<\/a><\/strong><\/h2>\n\n\n\n<p><\/p>\n","protected":false},"excerpt":{"rendered":"<p>Top of the top. Best of the Best, g\u0142osi prowadz\u0105cy z TVP 3 &#8211; Bogdan Saternus, \u017ce to b\u0119dzie wisienka na torcie na sam koniec gali (nawet nie zak\u0142adamy,\u017ce &#8230;.). Sportowiec Roku 2025 Powiatu Wo\u0142omi\u0144skiego wybrany &#8211; Gabriela Przyby\u015b. A tytu\u0142 ten przys\u0142uguje tylko jednej osobie w powiecie (na 150 os\u00f3b nagrodzonych). Za nami wyj\u0105tkowa, wspaniale zorganizowana w niesamowitej scenerii 3 Gala Sportu Powiatu Wo\u0142omi\u0144skiego w Mareckim Centrum Edukacyjno Rekreacyjnym. Go\u015b\u0107mi Honorowymi byli &#8211; \u0141ukasz ,,Juras&#8221; Jurkowski, zawodnik Taekwondo i MMA, Mistrz Pucharu \u015awiata, dziennikarz sportowy oraz \u0141ukasz Kadziewicz siatkarz, Wice Mistrz Olimpijski i dziennikarz sportowy. Tytu\u0142 Sportowca Roku 2025 Powiatu Wo\u0142omi\u0144skiego trafi\u0142 do Gabrieli Przybysz&#8230;<\/p>\n","protected":false},"author":1,"featured_media":2090,"comment_status":"open","ping_status":"open","sticky":false,"template":"","format":"standard","meta":{"footnotes":""},"categories":[1],"tags":[],"class_list":["post-2087","post","type-post","status-publish","format-standard","has-post-thumbnail","hentry","category-aktualnosci"],"_links":{"self":[{"href":"https:\/\/powiatwwl.pl\/index.php?rest_route=\/wp\/v2\/posts\/2087","targetHints":{"allow":["GET"]}}],"collection":[{"href":"https:\/\/powiatwwl.pl\/index.php?rest_route=\/wp\/v2\/posts"}],"about":[{"href":"https:\/\/powiatwwl.pl\/index.php?rest_route=\/wp\/v2\/types\/post"}],"author":[{"embeddable":true,"href":"https:\/\/powiatwwl.pl\/index.php?rest_route=\/wp\/v2\/users\/1"}],"replies":[{"embeddable":true,"href":"https:\/\/powiatwwl.pl\/index.php?rest_route=%2Fwp%2Fv2%2Fcomments&post=2087"}],"version-history":[{"count":2,"href":"https:\/\/powiatwwl.pl\/index.php?rest_route=\/wp\/v2\/posts\/2087\/revisions"}],"predecessor-version":[{"id":2092,"href":"https:\/\/powiatwwl.pl\/index.php?rest_route=\/wp\/v2\/posts\/2087\/revisions\/2092"}],"wp:featuredmedia":[{"embeddable":true,"href":"https:\/\/powiatwwl.pl\/index.php?rest_route=\/wp\/v2\/media\/2090"}],"wp:attachment":[{"href":"https:\/\/powiatwwl.pl\/index.php?rest_route=%2Fwp%2Fv2%2Fmedia&parent=2087"}],"wp:term":[{"taxonomy":"category","embeddable":true,"href":"https:\/\/powiatwwl.pl\/index.php?rest_route=%2Fwp%2Fv2%2Fcategories&post=2087"},{"taxonomy":"post_tag","embeddable":true,"href":"https:\/\/powiatwwl.pl\/index.php?rest_route=%2Fwp%2Fv2%2Ftags&post=2087"}],"curies":[{"name":"wp","href":"https:\/\/api.w.org\/{rel}","templated":true}]}}