{"id":2093,"date":"2026-03-16T08:00:49","date_gmt":"2026-03-16T07:00:49","guid":{"rendered":"http:\/\/powiatwwl.pl\/?p=2093"},"modified":"2026-03-16T08:00:50","modified_gmt":"2026-03-16T07:00:50","slug":"iii-liga-przykra-porazka-01","status":"publish","type":"post","link":"https:\/\/powiatwwl.pl\/?p=2093","title":{"rendered":"III liga. Przykra pora\u017cka 0:1"},"content":{"rendered":"<div class=\"wp-block-image\">\n<figure class=\"aligncenter size-large is-resized\"><img loading=\"lazy\" decoding=\"async\" width=\"1024\" height=\"683\" src=\"https:\/\/powiatwwl.pl\/wp-content\/uploads\/2026\/03\/651263108_1375444641051285_7546422000191549439_n-1024x683.jpg\" alt=\"\" class=\"wp-image-2094\" style=\"aspect-ratio:1.4992793575987737;width:714px;height:auto\" srcset=\"https:\/\/powiatwwl.pl\/wp-content\/uploads\/2026\/03\/651263108_1375444641051285_7546422000191549439_n-1024x683.jpg 1024w, https:\/\/powiatwwl.pl\/wp-content\/uploads\/2026\/03\/651263108_1375444641051285_7546422000191549439_n-300x200.jpg 300w, https:\/\/powiatwwl.pl\/wp-content\/uploads\/2026\/03\/651263108_1375444641051285_7546422000191549439_n-768x512.jpg 768w, https:\/\/powiatwwl.pl\/wp-content\/uploads\/2026\/03\/651263108_1375444641051285_7546422000191549439_n-1536x1024.jpg 1536w, https:\/\/powiatwwl.pl\/wp-content\/uploads\/2026\/03\/651263108_1375444641051285_7546422000191549439_n.jpg 2048w\" sizes=\"auto, (max-width: 1024px) 100vw, 1024px\" \/><\/figure>\n<\/div>\n\n\n<p>Trzecie spotkanie rundy wiosennej 2026 i niestety trzecia pora\u017cka. Dwa wcze\u015bniejsze spotkania bardzo trudne w Elbl\u0105gu i w Sieradzu ewentualne pora\u017cki by\u0142y wkalkulowane, ale nikt nie spodziewa\u0142 si\u0119 braku punkt\u00f3w w sobotnim spotkaniu ze s\u0142abo notowana dru\u017cyn\u0105 JAGIELLONI Bia\u0142ystok II. Mecz og\u00f3lnie na niskim poziomie, a gospodarze z Z\u0105bek nie byli w stanie mimo kilku sytuacji pokona\u0107 bramkarza z Bia\u0142egostoku. Dru\u017cyna JAGIELLONI w ci\u0105gu 90 minut mia\u0142a dwa rzuty karne i jeden z nich pod sam koniec meczu wykorzysta\u0142a i zwyci\u0119\u017cy\u0142a sensacyjnie 1:0. Z\u0104BKOVIA Z\u0105bki nadal jest w czo\u0142\u00f3wce na 5 miejscu, ale strata do miejsca bara\u017cowego o awans do II ligi niestety coraz dalej<\/p>\n\n\n\n<hr class=\"wp-block-separator aligncenter has-alpha-channel-opacity\"\/>\n\n\n<div class=\"wp-block-image\">\n<figure class=\"alignleft size-full is-resized\"><img loading=\"lazy\" decoding=\"async\" width=\"500\" height=\"500\" src=\"https:\/\/powiatwwl.pl\/wp-content\/uploads\/2026\/02\/zabkovia-herb.png\" alt=\"\" class=\"wp-image-926\" style=\"width:108px;height:auto\" srcset=\"https:\/\/powiatwwl.pl\/wp-content\/uploads\/2026\/02\/zabkovia-herb.png 500w, https:\/\/powiatwwl.pl\/wp-content\/uploads\/2026\/02\/zabkovia-herb-300x300.png 300w, https:\/\/powiatwwl.pl\/wp-content\/uploads\/2026\/02\/zabkovia-herb-150x150.png 150w, https:\/\/powiatwwl.pl\/wp-content\/uploads\/2026\/02\/zabkovia-herb-80x80.png 80w, https:\/\/powiatwwl.pl\/wp-content\/uploads\/2026\/02\/zabkovia-herb-320x320.png 320w\" sizes=\"auto, (max-width: 500px) 100vw, 500px\" \/><\/figure>\n<\/div>\n\n\n<h2 class=\"wp-block-heading\"><strong>Z\u0104BKOVIA Z\u0105bki<\/strong><\/h2>\n\n\n\n<p><\/p>\n","protected":false},"excerpt":{"rendered":"<p>Trzecie spotkanie rundy wiosennej 2026 i niestety trzecia pora\u017cka. Dwa wcze\u015bniejsze spotkania bardzo trudne w Elbl\u0105gu i w Sieradzu ewentualne pora\u017cki by\u0142y wkalkulowane, ale nikt nie spodziewa\u0142 si\u0119 braku punkt\u00f3w w sobotnim spotkaniu ze s\u0142abo notowana dru\u017cyn\u0105 JAGIELLONI Bia\u0142ystok II. Mecz og\u00f3lnie na niskim poziomie, a gospodarze z Z\u0105bek nie byli w stanie mimo kilku sytuacji pokona\u0107 bramkarza z Bia\u0142egostoku&#8230;<\/p>\n","protected":false},"author":1,"featured_media":2095,"comment_status":"open","ping_status":"open","sticky":false,"template":"","format":"standard","meta":{"footnotes":""},"categories":[1],"tags":[],"class_list":["post-2093","post","type-post","status-publish","format-standard","has-post-thumbnail","hentry","category-aktualnosci"],"_links":{"self":[{"href":"https:\/\/powiatwwl.pl\/index.php?rest_route=\/wp\/v2\/posts\/2093","targetHints":{"allow":["GET"]}}],"collection":[{"href":"https:\/\/powiatwwl.pl\/index.php?rest_route=\/wp\/v2\/posts"}],"about":[{"href":"https:\/\/powiatwwl.pl\/index.php?rest_route=\/wp\/v2\/types\/post"}],"author":[{"embeddable":true,"href":"https:\/\/powiatwwl.pl\/index.php?rest_route=\/wp\/v2\/users\/1"}],"replies":[{"embeddable":true,"href":"https:\/\/powiatwwl.pl\/index.php?rest_route=%2Fwp%2Fv2%2Fcomments&post=2093"}],"version-history":[{"count":1,"href":"https:\/\/powiatwwl.pl\/index.php?rest_route=\/wp\/v2\/posts\/2093\/revisions"}],"predecessor-version":[{"id":2096,"href":"https:\/\/powiatwwl.pl\/index.php?rest_route=\/wp\/v2\/posts\/2093\/revisions\/2096"}],"wp:featuredmedia":[{"embeddable":true,"href":"https:\/\/powiatwwl.pl\/index.php?rest_route=\/wp\/v2\/media\/2095"}],"wp:attachment":[{"href":"https:\/\/powiatwwl.pl\/index.php?rest_route=%2Fwp%2Fv2%2Fmedia&parent=2093"}],"wp:term":[{"taxonomy":"category","embeddable":true,"href":"https:\/\/powiatwwl.pl\/index.php?rest_route=%2Fwp%2Fv2%2Fcategories&post=2093"},{"taxonomy":"post_tag","embeddable":true,"href":"https:\/\/powiatwwl.pl\/index.php?rest_route=%2Fwp%2Fv2%2Ftags&post=2093"}],"curies":[{"name":"wp","href":"https:\/\/api.w.org\/{rel}","templated":true}]}}