{"id":2097,"date":"2026-03-16T08:14:09","date_gmt":"2026-03-16T07:14:09","guid":{"rendered":"http:\/\/powiatwwl.pl\/?p=2097"},"modified":"2026-03-16T08:14:56","modified_gmt":"2026-03-16T07:14:56","slug":"kgw-ossowianki-w-przestworzach","status":"publish","type":"post","link":"https:\/\/powiatwwl.pl\/?p=2097","title":{"rendered":"KGW OSSOWIANKI &#8222;w przestworzach&#8221;"},"content":{"rendered":"<div class=\"wp-block-image\">\n<figure class=\"aligncenter size-large is-resized\"><img loading=\"lazy\" decoding=\"async\" width=\"1024\" height=\"696\" src=\"https:\/\/powiatwwl.pl\/wp-content\/uploads\/2026\/03\/650741262_26653273180936659_895591853101572135_n-1024x696.jpg\" alt=\"\" class=\"wp-image-2098\" style=\"aspect-ratio:1.4712749478032463;width:755px;height:auto\" srcset=\"https:\/\/powiatwwl.pl\/wp-content\/uploads\/2026\/03\/650741262_26653273180936659_895591853101572135_n-1024x696.jpg 1024w, https:\/\/powiatwwl.pl\/wp-content\/uploads\/2026\/03\/650741262_26653273180936659_895591853101572135_n-300x204.jpg 300w, https:\/\/powiatwwl.pl\/wp-content\/uploads\/2026\/03\/650741262_26653273180936659_895591853101572135_n-768x522.jpg 768w, https:\/\/powiatwwl.pl\/wp-content\/uploads\/2026\/03\/650741262_26653273180936659_895591853101572135_n-1536x1043.jpg 1536w, https:\/\/powiatwwl.pl\/wp-content\/uploads\/2026\/03\/650741262_26653273180936659_895591853101572135_n.jpg 2048w\" sizes=\"auto, (max-width: 1024px) 100vw, 1024px\" \/><\/figure>\n<\/div>\n\n\n<p>Historia polskiego lotnictwa, wydarzenie \u201eAsy przestworzy\u201d oraz lotnicze przek\u0105ski od <a href=\"https:\/\/www.facebook.com\/profile.php?id=61572400120695&amp;__cft__[0]=AZbaf2zxExIbdm0bCyTemjvALUpBYLSuTPOZRWheuwmvNu-hyExIO_JXWSr5T6NTc1jm6Z1UY6GmPK2S62dzXV249zKCHSVjlvKbanDxpzVPqbP9kCMvwCMFGZQLQ7gyBnhR3s-Nmq1B8sDTjc59oKXjrdibj1ncCwWMeWXVXe_nTekb-ZBOjB1a_QxbQL9QwsI&amp;__tn__=-]K-R\">KGW w Ossowie ,,My S\u0142owianki Ossowianki&#8221;<\/a> ju\u017c za nami!. To by\u0142o wyj\u0105tkowe spotkanie z histori\u0105 \u2013 pe\u0142ne inspiruj\u0105cych opowie\u015bci, pasji do lotnictwa i \u015bwietnej atmosfery. Dzi\u0119kujemy wszystkim uczestnikom za obecno\u015b\u0107! . A to dopiero pocz\u0105tek serii wydarze\u0144 w <a href=\"https:\/\/www.facebook.com\/MuzeumBW1920?__cft__[0]=AZbaf2zxExIbdm0bCyTemjvALUpBYLSuTPOZRWheuwmvNu-hyExIO_JXWSr5T6NTc1jm6Z1UY6GmPK2S62dzXV249zKCHSVjlvKbanDxpzVPqbP9kCMvwCMFGZQLQ7gyBnhR3s-Nmq1B8sDTjc59oKXjrdibj1ncCwWMeWXVXe_nTekb-ZBOjB1a_QxbQL9QwsI&amp;__tn__=-]K-R\">Muzeum Bitwy Warszawskiej 1920 roku<\/a> w Ossowie. Ju\u017c dzi\u015b serdecznie zapraszamy na kolejne spotkania z histori\u0105 w Ossowie \u2013 b\u0119dzie ciekawie, inspiruj\u0105co i patriotycznie. Dzisiaj mia\u0142y\u015bmy ogromn\u0105 przyjemno\u015b\u0107 uczestniczy\u0107 w spotkaniu \u201eAsy przestworzy\u201d w Muzeum Bitwy Warszawskiej 1920 roku.\/MH\/<\/p>\n\n\n\n<p>Dzi\u0119kujemy za zaufanie oraz za wszystkie mi\u0142e s\u0142owa skierowane w nasz\u0105 stron\u0119. To by\u0142o dla nas niezwykle inspiruj\u0105ce i warto\u015bciowe spotkanie\/VB\/<\/p>\n\n\n\n<hr class=\"wp-block-separator aligncenter has-alpha-channel-opacity\"\/>\n\n\n<div class=\"wp-block-image\">\n<figure class=\"alignleft size-large is-resized\"><img loading=\"lazy\" decoding=\"async\" width=\"1024\" height=\"1024\" src=\"https:\/\/powiatwwl.pl\/wp-content\/uploads\/2026\/03\/473316229_1021076896732532_4986367307569304919_n-1024x1024.jpg\" alt=\"\" class=\"wp-image-1501\" style=\"width:108px;height:auto\" srcset=\"https:\/\/powiatwwl.pl\/wp-content\/uploads\/2026\/03\/473316229_1021076896732532_4986367307569304919_n-1024x1024.jpg 1024w, https:\/\/powiatwwl.pl\/wp-content\/uploads\/2026\/03\/473316229_1021076896732532_4986367307569304919_n-300x300.jpg 300w, https:\/\/powiatwwl.pl\/wp-content\/uploads\/2026\/03\/473316229_1021076896732532_4986367307569304919_n-150x150.jpg 150w, https:\/\/powiatwwl.pl\/wp-content\/uploads\/2026\/03\/473316229_1021076896732532_4986367307569304919_n-768x768.jpg 768w, https:\/\/powiatwwl.pl\/wp-content\/uploads\/2026\/03\/473316229_1021076896732532_4986367307569304919_n-80x80.jpg 80w, https:\/\/powiatwwl.pl\/wp-content\/uploads\/2026\/03\/473316229_1021076896732532_4986367307569304919_n-320x320.jpg 320w, https:\/\/powiatwwl.pl\/wp-content\/uploads\/2026\/03\/473316229_1021076896732532_4986367307569304919_n.jpg 1181w\" sizes=\"auto, (max-width: 1024px) 100vw, 1024px\" \/><\/figure>\n<\/div>\n\n\n<h2 class=\"wp-block-heading\"><strong><a href=\"https:\/\/www.facebook.com\/profile.php?id=61572400120695\">KGW OSSOWIANKI<\/a><\/strong><\/h2>\n\n\n\n<hr class=\"wp-block-separator aligncenter has-alpha-channel-opacity\"\/>\n\n\n<div class=\"wp-block-image\">\n<figure class=\"alignleft size-large is-resized\"><img loading=\"lazy\" decoding=\"async\" width=\"1024\" height=\"1024\" src=\"https:\/\/powiatwwl.pl\/wp-content\/uploads\/2026\/03\/PW-logok-Zdjecie-profilowe-na-Facebooka-3-1-1024x1024.jpg\" alt=\"\" class=\"wp-image-1866\" style=\"width:110px;height:auto\" srcset=\"https:\/\/powiatwwl.pl\/wp-content\/uploads\/2026\/03\/PW-logok-Zdjecie-profilowe-na-Facebooka-3-1-1024x1024.jpg 1024w, https:\/\/powiatwwl.pl\/wp-content\/uploads\/2026\/03\/PW-logok-Zdjecie-profilowe-na-Facebooka-3-1-300x300.jpg 300w, https:\/\/powiatwwl.pl\/wp-content\/uploads\/2026\/03\/PW-logok-Zdjecie-profilowe-na-Facebooka-3-1-150x150.jpg 150w, https:\/\/powiatwwl.pl\/wp-content\/uploads\/2026\/03\/PW-logok-Zdjecie-profilowe-na-Facebooka-3-1-768x768.jpg 768w, https:\/\/powiatwwl.pl\/wp-content\/uploads\/2026\/03\/PW-logok-Zdjecie-profilowe-na-Facebooka-3-1-1536x1536.jpg 1536w, https:\/\/powiatwwl.pl\/wp-content\/uploads\/2026\/03\/PW-logok-Zdjecie-profilowe-na-Facebooka-3-1-80x80.jpg 80w, https:\/\/powiatwwl.pl\/wp-content\/uploads\/2026\/03\/PW-logok-Zdjecie-profilowe-na-Facebooka-3-1-320x320.jpg 320w, https:\/\/powiatwwl.pl\/wp-content\/uploads\/2026\/03\/PW-logok-Zdjecie-profilowe-na-Facebooka-3-1.jpg 2048w\" sizes=\"auto, (max-width: 1024px) 100vw, 1024px\" \/><\/figure>\n<\/div>\n\n\n<h2 class=\"wp-block-heading\"><strong><a href=\"https:\/\/www.facebook.com\/marta.hoppe.33\">Marta HOPPE<\/a><\/strong><\/h2>\n\n\n\n<p><\/p>\n","protected":false},"excerpt":{"rendered":"<p>Historia polskiego lotnictwa, wydarzenie \u201eAsy przestworzy\u201d oraz lotnicze przek\u0105ski od KGW w Ossowie ,,My S\u0142owianki Ossowianki&#8221; ju\u017c za nami!. To by\u0142o wyj\u0105tkowe spotkanie z histori\u0105 \u2013 pe\u0142ne inspiruj\u0105cych opowie\u015bci, pasji do lotnictwa i \u015bwietnej atmosfery. Dzi\u0119kujemy wszystkim uczestnikom za obecno\u015b\u0107! . A to dopiero pocz\u0105tek serii wydarze\u0144 w Muzeum Bitwy Warszawskiej 1920 roku w Ossowie&#8230;<\/p>\n","protected":false},"author":1,"featured_media":2100,"comment_status":"open","ping_status":"open","sticky":false,"template":"","format":"standard","meta":{"footnotes":""},"categories":[1],"tags":[],"class_list":["post-2097","post","type-post","status-publish","format-standard","has-post-thumbnail","hentry","category-aktualnosci"],"_links":{"self":[{"href":"https:\/\/powiatwwl.pl\/index.php?rest_route=\/wp\/v2\/posts\/2097","targetHints":{"allow":["GET"]}}],"collection":[{"href":"https:\/\/powiatwwl.pl\/index.php?rest_route=\/wp\/v2\/posts"}],"about":[{"href":"https:\/\/powiatwwl.pl\/index.php?rest_route=\/wp\/v2\/types\/post"}],"author":[{"embeddable":true,"href":"https:\/\/powiatwwl.pl\/index.php?rest_route=\/wp\/v2\/users\/1"}],"replies":[{"embeddable":true,"href":"https:\/\/powiatwwl.pl\/index.php?rest_route=%2Fwp%2Fv2%2Fcomments&post=2097"}],"version-history":[{"count":2,"href":"https:\/\/powiatwwl.pl\/index.php?rest_route=\/wp\/v2\/posts\/2097\/revisions"}],"predecessor-version":[{"id":2101,"href":"https:\/\/powiatwwl.pl\/index.php?rest_route=\/wp\/v2\/posts\/2097\/revisions\/2101"}],"wp:featuredmedia":[{"embeddable":true,"href":"https:\/\/powiatwwl.pl\/index.php?rest_route=\/wp\/v2\/media\/2100"}],"wp:attachment":[{"href":"https:\/\/powiatwwl.pl\/index.php?rest_route=%2Fwp%2Fv2%2Fmedia&parent=2097"}],"wp:term":[{"taxonomy":"category","embeddable":true,"href":"https:\/\/powiatwwl.pl\/index.php?rest_route=%2Fwp%2Fv2%2Fcategories&post=2097"},{"taxonomy":"post_tag","embeddable":true,"href":"https:\/\/powiatwwl.pl\/index.php?rest_route=%2Fwp%2Fv2%2Ftags&post=2097"}],"curies":[{"name":"wp","href":"https:\/\/api.w.org\/{rel}","templated":true}]}}