{"id":2102,"date":"2026-03-16T12:44:50","date_gmt":"2026-03-16T11:44:50","guid":{"rendered":"http:\/\/powiatwwl.pl\/?p=2102"},"modified":"2026-03-16T12:44:51","modified_gmt":"2026-03-16T11:44:51","slug":"bedzie-bezpieczniej-w-markach","status":"publish","type":"post","link":"https:\/\/powiatwwl.pl\/?p=2102","title":{"rendered":"B\u0119dzie bezpieczniej w Markach"},"content":{"rendered":"<div class=\"wp-block-image\">\n<figure class=\"aligncenter size-full\"><img loading=\"lazy\" decoding=\"async\" width=\"600\" height=\"503\" src=\"https:\/\/powiatwwl.pl\/wp-content\/uploads\/2026\/03\/653066751_1485574080239513_6787006872927564883_n.jpg\" alt=\"\" class=\"wp-image-2103\" srcset=\"https:\/\/powiatwwl.pl\/wp-content\/uploads\/2026\/03\/653066751_1485574080239513_6787006872927564883_n.jpg 600w, https:\/\/powiatwwl.pl\/wp-content\/uploads\/2026\/03\/653066751_1485574080239513_6787006872927564883_n-300x252.jpg 300w\" sizes=\"auto, (max-width: 600px) 100vw, 600px\" \/><\/figure>\n<\/div>\n\n\n<p>Ju\u017c w \u015brod\u0119 rusza  przebudowa skrzy\u017cowania ulic Pi\u0142sudskiego i Fabrycznej w Markach. Rozpocznie si\u0119 inwestycja, kt\u00f3ra ma poprawi\u0107 bezpiecze\u0144stwo i usprawni\u0107 ruch w jednym z wa\u017cniejszych punkt\u00f3w komunikacyjnych w <a href=\"https:\/\/www.facebook.com\/markiwlaczsie?__cft__[0]=AZaYUdYldIO85CqyXivuDOF2B2a3f0pByEJY0LPDL-fdi7lUVDfs7ROLMHPh54msLouYYo0lAI6kWSyBspnpP_vws_oeaFlQRQ4FAoQJ0wlD2RgpD0D-c9c0ZEivTVeCbpcXwudrePbdppZyxFmADLaX6i3GmE7fwS9RYqtsPr_vzI2EQqmu8hJH3vH0Sfsf9j3cXrx9ZsrUmJgijDv4lbpV&amp;__tn__=-]K-R\">Miasto Marki<\/a>. W ramach prac poprawiona zostanie geometria jezdni i chodnika (aby u\u0142atwi\u0107 prawoskr\u0119t w stron\u0119 Radzymina), pojawi si\u0119 nowa sygnalizacja \u015bwietlna \ud835\ude07 \ud835\ude00\ud835\uddf2\ud835\uddf8\ud835\ude02\ud835\uddfb\ud835\uddf1\ud835\uddfb\ud835\uddf6\ud835\uddf8\ud835\uddee\ud835\uddfa\ud835\uddf6, do\u015bwietlenie przej\u015b\u0107 dla pieszych oraz poprawione zostanie odwodnienie w rejonie skrzy\u017cowania. \ud835\udde2\ud835\uddf1 \ud835\ude00\u0301\ud835\uddff\ud835\uddfc\ud835\uddf1\ud835\ude06 \ud835\udfed\ud835\udff4 \ud835\uddfa\ud835\uddee\ud835\uddff\ud835\uddf0\ud835\uddee w rejonie skrzy\u017cowania wprowadzona zostanie czasowa organizacja ruchu, kt\u00f3ra oznacza utrudnienia dla kierowc\u00f3w. Na kr\u00f3tkim odcinku ul. Fabrycznej przy skrzy\u017cowaniu nie b\u0119dzie mo\u017cliwo\u015bci skr\u0119tu: z Pi\u0142sudskiego w Fabryczn\u0105, z Fabrycznej w Pi\u0142sudskiego. Utrudnienia potrwaj\u0105 oko\u0142o 4-6 tygodni. Objazd wyznaczono ulicami Z\u0105bkowsk\u0105 i Lisa-Kuli, a nast\u0119pnie dalej ul. Fabryczn\u0105. Dojazd ulic\u0105 Fabryczn\u0105 do targowiska oraz przychodni b\u0119dzie utrzymany, w tym r\u00f3wnie\u017c ruch pieszych na przej\u015bciu w rejonie przystanku autobusowego.\/AW\/<\/p>\n\n\n\n<hr class=\"wp-block-separator has-alpha-channel-opacity\"\/>\n\n\n<div class=\"wp-block-image\">\n<figure class=\"alignleft size-large is-resized\"><img loading=\"lazy\" decoding=\"async\" width=\"1024\" height=\"1024\" src=\"https:\/\/powiatwwl.pl\/wp-content\/uploads\/2026\/03\/PW-logo12-Zdjecie-profilowe-na-Facebooka-1-1-1024x1024.jpg\" alt=\"\" class=\"wp-image-1847\" style=\"width:107px;height:auto\" srcset=\"https:\/\/powiatwwl.pl\/wp-content\/uploads\/2026\/03\/PW-logo12-Zdjecie-profilowe-na-Facebooka-1-1-1024x1024.jpg 1024w, https:\/\/powiatwwl.pl\/wp-content\/uploads\/2026\/03\/PW-logo12-Zdjecie-profilowe-na-Facebooka-1-1-300x300.jpg 300w, https:\/\/powiatwwl.pl\/wp-content\/uploads\/2026\/03\/PW-logo12-Zdjecie-profilowe-na-Facebooka-1-1-150x150.jpg 150w, https:\/\/powiatwwl.pl\/wp-content\/uploads\/2026\/03\/PW-logo12-Zdjecie-profilowe-na-Facebooka-1-1-768x768.jpg 768w, https:\/\/powiatwwl.pl\/wp-content\/uploads\/2026\/03\/PW-logo12-Zdjecie-profilowe-na-Facebooka-1-1-1536x1536.jpg 1536w, https:\/\/powiatwwl.pl\/wp-content\/uploads\/2026\/03\/PW-logo12-Zdjecie-profilowe-na-Facebooka-1-1-80x80.jpg 80w, https:\/\/powiatwwl.pl\/wp-content\/uploads\/2026\/03\/PW-logo12-Zdjecie-profilowe-na-Facebooka-1-1-320x320.jpg 320w, https:\/\/powiatwwl.pl\/wp-content\/uploads\/2026\/03\/PW-logo12-Zdjecie-profilowe-na-Facebooka-1-1.jpg 2048w\" sizes=\"auto, (max-width: 1024px) 100vw, 1024px\" \/><\/figure>\n<\/div>\n\n\n<h2 class=\"wp-block-heading\"><strong><a href=\"https:\/\/www.facebook.com\/starostaWerelich\">Arkadiusz WERELICH<\/a><\/strong><\/h2>\n\n\n\n<p><\/p>\n","protected":false},"excerpt":{"rendered":"<p>Ju\u017c w \u015brod\u0119 rusza  przebudowa skrzy\u017cowania ulic Pi\u0142sudskiego i Fabrycznej w Markach. Rozpocznie si\u0119 inwestycja, kt\u00f3ra ma poprawi\u0107 bezpiecze\u0144stwo i usprawni\u0107 ruch w jednym z wa\u017cniejszych punkt\u00f3w komunikacyjnych w Miasto Marki. W ramach prac poprawiona zostanie geometria jezdni i chodnika (aby u\u0142atwi\u0107 prawoskr\u0119t w stron\u0119 Radzymina), pojawi si\u0119 nowa sygnalizacja \u015bwietlna \ud835\ude07 \ud835\ude00\ud835\uddf2\ud835\uddf8\ud835\ude02\ud835\uddfb\ud835\uddf1\ud835\uddfb\ud835\uddf6\ud835\uddf8\ud835\uddee\ud835\uddfa\ud835\uddf6, do\u015bwietlenie przej\u015b\u0107 dla pieszych oraz poprawione zostanie odwodnienie w rejonie skrzy\u017cowania. \ud835\udde2\ud835\uddf1 \ud835\ude00\u0301\ud835\uddff\ud835\uddfc\ud835\uddf1\ud835\ude06 \ud835\udfed\ud835\udff4 \ud835\uddfa\ud835\uddee\ud835\uddff\ud835\uddf0\ud835\uddee w rejonie skrzy\u017cowania wprowadzona zostanie czasowa organizacja ruchu, kt\u00f3ra oznacza utrudnienia dla kierowc\u00f3w&#8230;<\/p>\n","protected":false},"author":1,"featured_media":2103,"comment_status":"open","ping_status":"open","sticky":false,"template":"","format":"standard","meta":{"footnotes":""},"categories":[1],"tags":[],"class_list":["post-2102","post","type-post","status-publish","format-standard","has-post-thumbnail","hentry","category-aktualnosci"],"_links":{"self":[{"href":"https:\/\/powiatwwl.pl\/index.php?rest_route=\/wp\/v2\/posts\/2102","targetHints":{"allow":["GET"]}}],"collection":[{"href":"https:\/\/powiatwwl.pl\/index.php?rest_route=\/wp\/v2\/posts"}],"about":[{"href":"https:\/\/powiatwwl.pl\/index.php?rest_route=\/wp\/v2\/types\/post"}],"author":[{"embeddable":true,"href":"https:\/\/powiatwwl.pl\/index.php?rest_route=\/wp\/v2\/users\/1"}],"replies":[{"embeddable":true,"href":"https:\/\/powiatwwl.pl\/index.php?rest_route=%2Fwp%2Fv2%2Fcomments&post=2102"}],"version-history":[{"count":1,"href":"https:\/\/powiatwwl.pl\/index.php?rest_route=\/wp\/v2\/posts\/2102\/revisions"}],"predecessor-version":[{"id":2104,"href":"https:\/\/powiatwwl.pl\/index.php?rest_route=\/wp\/v2\/posts\/2102\/revisions\/2104"}],"wp:featuredmedia":[{"embeddable":true,"href":"https:\/\/powiatwwl.pl\/index.php?rest_route=\/wp\/v2\/media\/2103"}],"wp:attachment":[{"href":"https:\/\/powiatwwl.pl\/index.php?rest_route=%2Fwp%2Fv2%2Fmedia&parent=2102"}],"wp:term":[{"taxonomy":"category","embeddable":true,"href":"https:\/\/powiatwwl.pl\/index.php?rest_route=%2Fwp%2Fv2%2Fcategories&post=2102"},{"taxonomy":"post_tag","embeddable":true,"href":"https:\/\/powiatwwl.pl\/index.php?rest_route=%2Fwp%2Fv2%2Ftags&post=2102"}],"curies":[{"name":"wp","href":"https:\/\/api.w.org\/{rel}","templated":true}]}}