{"id":2105,"date":"2026-03-16T12:52:25","date_gmt":"2026-03-16T11:52:25","guid":{"rendered":"http:\/\/powiatwwl.pl\/?p=2105"},"modified":"2026-03-16T12:52:26","modified_gmt":"2026-03-16T11:52:26","slug":"jarmark-wielkanocny-w-wolominie","status":"publish","type":"post","link":"https:\/\/powiatwwl.pl\/?p=2105","title":{"rendered":"Jarmark Wielkanocny w Wo\u0142ominie"},"content":{"rendered":"<div class=\"wp-block-image\">\n<figure class=\"aligncenter size-full is-resized\"><img loading=\"lazy\" decoding=\"async\" width=\"810\" height=\"540\" src=\"https:\/\/powiatwwl.pl\/wp-content\/uploads\/2026\/03\/651792297_1306222438006138_4418713648986544075_n.jpg\" alt=\"\" class=\"wp-image-2106\" style=\"width:601px;height:auto\" srcset=\"https:\/\/powiatwwl.pl\/wp-content\/uploads\/2026\/03\/651792297_1306222438006138_4418713648986544075_n.jpg 810w, https:\/\/powiatwwl.pl\/wp-content\/uploads\/2026\/03\/651792297_1306222438006138_4418713648986544075_n-300x200.jpg 300w, https:\/\/powiatwwl.pl\/wp-content\/uploads\/2026\/03\/651792297_1306222438006138_4418713648986544075_n-768x512.jpg 768w\" sizes=\"auto, (max-width: 810px) 100vw, 810px\" \/><\/figure>\n<\/div>\n\n\n<p>Jarmark Wielkanocny i Wyprzeda\u017c Gara\u017cowa. Kupieckie Centrum Handlowe, al. Armii Krajowej 49 w Wo\u0142ominie, <strong>niedziela<\/strong> <strong>22 marca 9:00\u201316:00.<\/strong> Czekaj\u0105 na Was: smaki z Podlasia i swojskie jad\u0142o, domowe ciasta, krzewy i kwiaty, stroiki i palemki wielkanocne, klocki LEGO oraz wiele stoisk wyprzeda\u017cy gara\u017cowej. Zabierzcie dzieci, s\u0105siad\u00f3w i dobry humor \u2013 b\u0119dzie wiosennie, smacznie i rodzinnie! Zaprasza Przedsi\u0119biorstwo Komunalne w Wo\u0142ominie.<\/p>\n\n\n\n<hr class=\"wp-block-separator aligncenter has-alpha-channel-opacity\"\/>\n","protected":false},"excerpt":{"rendered":"<p>Jarmark Wielkanocny i Wyprzeda\u017c Gara\u017cowa. Kupieckie Centrum Handlowe, al. Armii Krajowej 49 w Wo\u0142ominie, 22 marca 9:00\u201316:00. Czekaj\u0105 na Was: smaki z Podlasia i swojskie jad\u0142o, domowe ciasta, krzewy i kwiaty, stroiki i palemki wielkanocne, klocki LEGO oraz wiele stoisk wyprzeda\u017cy gara\u017cowej. Zabierzcie dzieci, s\u0105siad\u00f3w i dobry humor \u2013 b\u0119dzie wiosennie, smacznie i rodzinnie! Zaprasza Przedsi\u0119biorstwo Komunalne w Wo\u0142ominie.<\/p>\n","protected":false},"author":1,"featured_media":2106,"comment_status":"open","ping_status":"open","sticky":false,"template":"","format":"standard","meta":{"footnotes":""},"categories":[1],"tags":[],"class_list":["post-2105","post","type-post","status-publish","format-standard","has-post-thumbnail","hentry","category-aktualnosci"],"_links":{"self":[{"href":"https:\/\/powiatwwl.pl\/index.php?rest_route=\/wp\/v2\/posts\/2105","targetHints":{"allow":["GET"]}}],"collection":[{"href":"https:\/\/powiatwwl.pl\/index.php?rest_route=\/wp\/v2\/posts"}],"about":[{"href":"https:\/\/powiatwwl.pl\/index.php?rest_route=\/wp\/v2\/types\/post"}],"author":[{"embeddable":true,"href":"https:\/\/powiatwwl.pl\/index.php?rest_route=\/wp\/v2\/users\/1"}],"replies":[{"embeddable":true,"href":"https:\/\/powiatwwl.pl\/index.php?rest_route=%2Fwp%2Fv2%2Fcomments&post=2105"}],"version-history":[{"count":1,"href":"https:\/\/powiatwwl.pl\/index.php?rest_route=\/wp\/v2\/posts\/2105\/revisions"}],"predecessor-version":[{"id":2107,"href":"https:\/\/powiatwwl.pl\/index.php?rest_route=\/wp\/v2\/posts\/2105\/revisions\/2107"}],"wp:featuredmedia":[{"embeddable":true,"href":"https:\/\/powiatwwl.pl\/index.php?rest_route=\/wp\/v2\/media\/2106"}],"wp:attachment":[{"href":"https:\/\/powiatwwl.pl\/index.php?rest_route=%2Fwp%2Fv2%2Fmedia&parent=2105"}],"wp:term":[{"taxonomy":"category","embeddable":true,"href":"https:\/\/powiatwwl.pl\/index.php?rest_route=%2Fwp%2Fv2%2Fcategories&post=2105"},{"taxonomy":"post_tag","embeddable":true,"href":"https:\/\/powiatwwl.pl\/index.php?rest_route=%2Fwp%2Fv2%2Ftags&post=2105"}],"curies":[{"name":"wp","href":"https:\/\/api.w.org\/{rel}","templated":true}]}}