{"id":2108,"date":"2026-03-17T07:51:26","date_gmt":"2026-03-17T06:51:26","guid":{"rendered":"http:\/\/powiatwwl.pl\/?p=2108"},"modified":"2026-03-17T07:51:28","modified_gmt":"2026-03-17T06:51:28","slug":"uks-bankowka-azs-pl-cochice-lodz-95","status":"publish","type":"post","link":"https:\/\/powiatwwl.pl\/?p=2108","title":{"rendered":"UKS BANK\u00d3WKA &#8211; AZS P\u0141 Cochice \u0141\u00f3d\u017a 9:5"},"content":{"rendered":"<div class=\"wp-block-image\">\n<figure class=\"aligncenter size-full\"><img loading=\"lazy\" decoding=\"async\" width=\"552\" height=\"501\" src=\"https:\/\/powiatwwl.pl\/wp-content\/uploads\/2026\/03\/652549060_1538312108299010_1115508010207252241_n.jpg\" alt=\"\" class=\"wp-image-2109\" srcset=\"https:\/\/powiatwwl.pl\/wp-content\/uploads\/2026\/03\/652549060_1538312108299010_1115508010207252241_n.jpg 552w, https:\/\/powiatwwl.pl\/wp-content\/uploads\/2026\/03\/652549060_1538312108299010_1115508010207252241_n-300x272.jpg 300w\" sizes=\"auto, (max-width: 552px) 100vw, 552px\" \/><\/figure>\n<\/div>\n\n\n<p> W ostatnim spotkaniu rundy zasadniczej mierzyli\u015bmy si\u0119 z <a href=\"https:\/\/www.facebook.com\/UnihokeisciLodz?__cft__[0]=AZazqs-v4piNmVFByO2bpbU2Vat2Fl2-Zm0bSw43G9o17wCWJ5e7TObXAFC1qn0cvshFUu8Sl-SMFo9Z6_OMuDn8jpyZtaJQYZpXNvdUAWwNQE0wTx2ZmbbYhqrA3mCD8emXzXxFDA0pVbtgU_dnZsnEh8YAay6sEl0OiD2RwBeuZzJLL0T86iaNjgbYU0xJjoo&amp;__tn__=-]K-R\">AZS P\u0141 Cochise \u0141\u00f3d\u017a<\/a>. Rywal postawi\u0142 twarde warunki i mimo przegranej pierwszej tercji 0:2 potrafili\u015bmy przechyli\u0107 szal\u0119 zwyci\u0119stwa na nasz\u0105 korzy\u015b\u0107. Druga tercja wygrana 5:0 pozwoli\u0142a nam nabra\u0107 wiatr w \u017cagle i wygra\u0107 ca\u0142e spotkanie 9:5. MVP: Mateusz \u201cProfesor\u201d Kowalski. Rund\u0119 zasadnicz\u0105 ko\u0144czymy na drugim miejscu w tabeli. Dzi\u0119kujemy Wam drodzy kibice za wsparcie przez ca\u0142\u0105 rund\u0119! To dzi\u0119ki Wam mo\u017cemy walczy\u0107 o najwy\u017csze cele!. Dzi\u0119kujemy r\u00f3wnie\u017c naszym partnerom samorz\u0105dowym, kt\u00f3rzy cz\u0119sto oferuj\u0105 swoj\u0105 pomoc! Jeste\u015bmy dumni, \u017ce mo\u017cemy reprezentowa\u0107 nasze miasto i powiat na terenie ca\u0142ej Polski!<\/p>\n\n\n\n<hr class=\"wp-block-separator aligncenter has-alpha-channel-opacity\"\/>\n\n\n<div class=\"wp-block-image\">\n<figure class=\"alignleft size-full is-resized\"><img loading=\"lazy\" decoding=\"async\" width=\"484\" height=\"432\" src=\"https:\/\/powiatwwl.pl\/wp-content\/uploads\/2026\/02\/70763932_1420903134714632_3253339032666505216_n.jpg\" alt=\"\" class=\"wp-image-983\" style=\"aspect-ratio:1.1204152499457427;width:110px;height:auto\" srcset=\"https:\/\/powiatwwl.pl\/wp-content\/uploads\/2026\/02\/70763932_1420903134714632_3253339032666505216_n.jpg 484w, https:\/\/powiatwwl.pl\/wp-content\/uploads\/2026\/02\/70763932_1420903134714632_3253339032666505216_n-300x268.jpg 300w\" sizes=\"auto, (max-width: 484px) 100vw, 484px\" \/><\/figure>\n<\/div>\n\n\n<h2 class=\"wp-block-heading\"><a href=\"https:\/\/www.facebook.com\/uksbankowkazielonka\">UKS <strong>BANK\u00d3WKA Zielonka<\/strong><\/a><\/h2>\n\n\n\n<p><\/p>\n","protected":false},"excerpt":{"rendered":"<p> W ostatnim spotkaniu rundy zasadniczej mierzyli\u015bmy si\u0119 z AZS P\u0141 Cochise \u0141\u00f3d\u017a. Rywal postawi\u0142 twarde warunki i mimo przegranej pierwszej tercji 0:2 potrafili\u015bmy przechyli\u0107 szal\u0119 zwyci\u0119stwa na nasz\u0105 korzy\u015b\u0107. Druga tercja wygrana 5:0 pozwoli\u0142a nam nabra\u0107 wiatr w \u017cagle i wygra\u0107 ca\u0142e spotkanie 9:5. MVP: Mateusz \u201cProfesor\u201d Kowalski. Rund\u0119 zasadnicz\u0105 ko\u0144czymy na drugim miejscu w tabeli&#8230;<\/p>\n","protected":false},"author":1,"featured_media":2109,"comment_status":"open","ping_status":"open","sticky":false,"template":"","format":"standard","meta":{"footnotes":""},"categories":[1],"tags":[],"class_list":["post-2108","post","type-post","status-publish","format-standard","has-post-thumbnail","hentry","category-aktualnosci"],"_links":{"self":[{"href":"https:\/\/powiatwwl.pl\/index.php?rest_route=\/wp\/v2\/posts\/2108","targetHints":{"allow":["GET"]}}],"collection":[{"href":"https:\/\/powiatwwl.pl\/index.php?rest_route=\/wp\/v2\/posts"}],"about":[{"href":"https:\/\/powiatwwl.pl\/index.php?rest_route=\/wp\/v2\/types\/post"}],"author":[{"embeddable":true,"href":"https:\/\/powiatwwl.pl\/index.php?rest_route=\/wp\/v2\/users\/1"}],"replies":[{"embeddable":true,"href":"https:\/\/powiatwwl.pl\/index.php?rest_route=%2Fwp%2Fv2%2Fcomments&post=2108"}],"version-history":[{"count":1,"href":"https:\/\/powiatwwl.pl\/index.php?rest_route=\/wp\/v2\/posts\/2108\/revisions"}],"predecessor-version":[{"id":2110,"href":"https:\/\/powiatwwl.pl\/index.php?rest_route=\/wp\/v2\/posts\/2108\/revisions\/2110"}],"wp:featuredmedia":[{"embeddable":true,"href":"https:\/\/powiatwwl.pl\/index.php?rest_route=\/wp\/v2\/media\/2109"}],"wp:attachment":[{"href":"https:\/\/powiatwwl.pl\/index.php?rest_route=%2Fwp%2Fv2%2Fmedia&parent=2108"}],"wp:term":[{"taxonomy":"category","embeddable":true,"href":"https:\/\/powiatwwl.pl\/index.php?rest_route=%2Fwp%2Fv2%2Fcategories&post=2108"},{"taxonomy":"post_tag","embeddable":true,"href":"https:\/\/powiatwwl.pl\/index.php?rest_route=%2Fwp%2Fv2%2Ftags&post=2108"}],"curies":[{"name":"wp","href":"https:\/\/api.w.org\/{rel}","templated":true}]}}