{"id":2111,"date":"2026-03-17T08:29:21","date_gmt":"2026-03-17T07:29:21","guid":{"rendered":"http:\/\/powiatwwl.pl\/?p=2111"},"modified":"2026-03-17T08:42:54","modified_gmt":"2026-03-17T07:42:54","slug":"przezyjmy-to-jeszcze-raz-video","status":"publish","type":"post","link":"https:\/\/powiatwwl.pl\/?p=2111","title":{"rendered":"Prze\u017cyjmy to jeszcze raz \/VIDEO\/"},"content":{"rendered":"<div class=\"wp-block-image\">\n<figure class=\"aligncenter size-large is-resized\"><img loading=\"lazy\" decoding=\"async\" width=\"1024\" height=\"683\" src=\"https:\/\/powiatwwl.pl\/wp-content\/uploads\/2026\/03\/651184679_1558551096098967_5883273227085675906_n-1024x683.jpg\" alt=\"\" class=\"wp-image-2112\" style=\"aspect-ratio:1.4992793575987737;width:586px;height:auto\" srcset=\"https:\/\/powiatwwl.pl\/wp-content\/uploads\/2026\/03\/651184679_1558551096098967_5883273227085675906_n-1024x683.jpg 1024w, https:\/\/powiatwwl.pl\/wp-content\/uploads\/2026\/03\/651184679_1558551096098967_5883273227085675906_n-300x200.jpg 300w, https:\/\/powiatwwl.pl\/wp-content\/uploads\/2026\/03\/651184679_1558551096098967_5883273227085675906_n-768x512.jpg 768w, https:\/\/powiatwwl.pl\/wp-content\/uploads\/2026\/03\/651184679_1558551096098967_5883273227085675906_n-1536x1024.jpg 1536w, https:\/\/powiatwwl.pl\/wp-content\/uploads\/2026\/03\/651184679_1558551096098967_5883273227085675906_n.jpg 2048w\" sizes=\"auto, (max-width: 1024px) 100vw, 1024px\" \/><\/figure>\n<\/div>\n\n\n<p>Sobotnia 3 Powiatowa Gala Sportu by\u0142a fantastycznym wydarzeniem, kt\u00f3re nie tylko dla 160 nagrodzonych sportowc\u00f3w, trener\u00f3w pozostanie w pami\u0119ci. To by\u0142 medialno &#8211; sportowy spektakl na najwy\u017cszym poziomie czego osobi\u015bcie razem z Ma\u0142gosi\u0105 do\u015bwiadczyli\u015bmy. Serdeczne Gratulacje dla Nagrodzonych, dla Rodzic\u00f3w i ca\u0142ej sportowej Rodziny Powiatu Wo\u0142omi\u0144skiego. Brawa dla organizator\u00f3w. Zapraszam do obejrzenia relacji filmowej. Prze\u017cyjmy to jeszcze raz.\/Piotr Wyszy\u0144ski\/<\/p>\n\n\n\n<hr class=\"wp-block-separator aligncenter has-alpha-channel-opacity\"\/>\n\n\n<div class=\"wp-block-image\">\n<figure class=\"alignleft size-full is-resized\"><img loading=\"lazy\" decoding=\"async\" width=\"688\" height=\"688\" src=\"https:\/\/powiatwwl.pl\/wp-content\/uploads\/2026\/02\/Colorful-Live-News-Free-Logo.jpg\" alt=\"\" class=\"wp-image-371\" style=\"width:111px;height:auto\" srcset=\"https:\/\/powiatwwl.pl\/wp-content\/uploads\/2026\/02\/Colorful-Live-News-Free-Logo.jpg 688w, https:\/\/powiatwwl.pl\/wp-content\/uploads\/2026\/02\/Colorful-Live-News-Free-Logo-300x300.jpg 300w, https:\/\/powiatwwl.pl\/wp-content\/uploads\/2026\/02\/Colorful-Live-News-Free-Logo-150x150.jpg 150w, https:\/\/powiatwwl.pl\/wp-content\/uploads\/2026\/02\/Colorful-Live-News-Free-Logo-80x80.jpg 80w, https:\/\/powiatwwl.pl\/wp-content\/uploads\/2026\/02\/Colorful-Live-News-Free-Logo-320x320.jpg 320w\" sizes=\"auto, (max-width: 688px) 100vw, 688px\" \/><\/figure>\n<\/div>\n\n\n<h2 class=\"wp-block-heading\"><strong><a href=\"https:\/\/www.facebook.com\/reel\/1318830136746092\">RELACJA VIDEO<\/a><\/strong><\/h2>\n\n\n\n<p><\/p>\n","protected":false},"excerpt":{"rendered":"<p>Sobotnia 3 Powiatowa Gala Sportu by\u0142a fantastycznym wydarzeniem, kt\u00f3re nie tylko dla 160 nagrodzonych sportowc\u00f3w, trener\u00f3w pozostanie w pami\u0119ci.To by\u0142 medialno &#8211; sportowy spektakl na najwy\u017cszym poziomie czego osobi\u015bcie do\u015bwiadczy\u0142em. Serdeczne Gratulacje dla Nagrodzonych, dla Rodzic\u00f3w i ca\u0142ej sportowej Rodziny Powiatu Wo\u0142omi\u0144skiego. Brawa dla organizator\u00f3w. Zapraszam do obejrzenia relacji filmowej. Prze\u017cyjmy to jeszcze raz.\/Piotr Wyszy\u0144ski\/<\/p>\n","protected":false},"author":1,"featured_media":2113,"comment_status":"open","ping_status":"open","sticky":false,"template":"","format":"standard","meta":{"footnotes":""},"categories":[1],"tags":[],"class_list":["post-2111","post","type-post","status-publish","format-standard","has-post-thumbnail","hentry","category-aktualnosci"],"_links":{"self":[{"href":"https:\/\/powiatwwl.pl\/index.php?rest_route=\/wp\/v2\/posts\/2111","targetHints":{"allow":["GET"]}}],"collection":[{"href":"https:\/\/powiatwwl.pl\/index.php?rest_route=\/wp\/v2\/posts"}],"about":[{"href":"https:\/\/powiatwwl.pl\/index.php?rest_route=\/wp\/v2\/types\/post"}],"author":[{"embeddable":true,"href":"https:\/\/powiatwwl.pl\/index.php?rest_route=\/wp\/v2\/users\/1"}],"replies":[{"embeddable":true,"href":"https:\/\/powiatwwl.pl\/index.php?rest_route=%2Fwp%2Fv2%2Fcomments&post=2111"}],"version-history":[{"count":3,"href":"https:\/\/powiatwwl.pl\/index.php?rest_route=\/wp\/v2\/posts\/2111\/revisions"}],"predecessor-version":[{"id":2118,"href":"https:\/\/powiatwwl.pl\/index.php?rest_route=\/wp\/v2\/posts\/2111\/revisions\/2118"}],"wp:featuredmedia":[{"embeddable":true,"href":"https:\/\/powiatwwl.pl\/index.php?rest_route=\/wp\/v2\/media\/2113"}],"wp:attachment":[{"href":"https:\/\/powiatwwl.pl\/index.php?rest_route=%2Fwp%2Fv2%2Fmedia&parent=2111"}],"wp:term":[{"taxonomy":"category","embeddable":true,"href":"https:\/\/powiatwwl.pl\/index.php?rest_route=%2Fwp%2Fv2%2Fcategories&post=2111"},{"taxonomy":"post_tag","embeddable":true,"href":"https:\/\/powiatwwl.pl\/index.php?rest_route=%2Fwp%2Fv2%2Ftags&post=2111"}],"curies":[{"name":"wp","href":"https:\/\/api.w.org\/{rel}","templated":true}]}}