{"id":2119,"date":"2026-03-17T08:54:15","date_gmt":"2026-03-17T07:54:15","guid":{"rendered":"http:\/\/powiatwwl.pl\/?p=2119"},"modified":"2026-03-17T09:32:06","modified_gmt":"2026-03-17T08:32:06","slug":"nowy-rocznik-wolominski","status":"publish","type":"post","link":"https:\/\/powiatwwl.pl\/?p=2119","title":{"rendered":"Nowy &#8222;XXI Rocznik Wo\u0142omi\u0144ski&#8221;"},"content":{"rendered":"<div class=\"wp-block-image\">\n<figure class=\"aligncenter size-full is-resized\"><img loading=\"lazy\" decoding=\"async\" width=\"331\" height=\"590\" src=\"https:\/\/powiatwwl.pl\/wp-content\/uploads\/2026\/03\/649755330_3984998888311782_3664070040040824123_n.jpg\" alt=\"\" class=\"wp-image-2120\" style=\"aspect-ratio:0.5610350398601583;width:291px;height:auto\" srcset=\"https:\/\/powiatwwl.pl\/wp-content\/uploads\/2026\/03\/649755330_3984998888311782_3664070040040824123_n.jpg 331w, https:\/\/powiatwwl.pl\/wp-content\/uploads\/2026\/03\/649755330_3984998888311782_3664070040040824123_n-168x300.jpg 168w\" sizes=\"auto, (max-width: 331px) 100vw, 331px\" \/><\/figure>\n<\/div>\n\n\n<p>Serdecznie zapraszamy na promocj\u0119 najnowszego &#8222;Rocznika Wo\u0142omi\u0144skiego&#8221; \u2013 publikacji po\u015bwi\u0119conej historii naszego regionu. To wyj\u0105tkowa okazja, aby spotka\u0107 si\u0119 z autorami i mi\u0142o\u015bnikami lokalnej historii oraz wsp\u00f3lnie odkrywa\u0107 wydarzenia i postaci, kt\u00f3re tworzy\u0142y dzieje Wo\u0142omina i okolic. Przeczytaj, zapami\u0119taj, przyjd\u017a, przyjed\u017a: 20 marca 2026 (pi\u0105tek), godz. 18,00, Filia Biblioteki Miejskiej, Lipinki k. Wo\u0142omina ul. Klonowa 24, a w nagrod\u0119 otrzymasz nowiutki egzemplarz &#8222;Rocznika&#8230;&#8221; i to tom XXI (oczko). Na zdj\u0119ciach redaktorzy &#8222;Rocznika&#8230;&#8221; od I do XXI tomu.\/ Anna Wojtkowska\/<\/p>\n\n\n<div class=\"wp-block-image\">\n<figure class=\"alignleft size-full is-resized\"><img loading=\"lazy\" decoding=\"async\" width=\"283\" height=\"392\" src=\"https:\/\/powiatwwl.pl\/wp-content\/uploads\/2026\/03\/651661803_3985001584978179_6697446689327604173_n.jpg\" alt=\"\" class=\"wp-image-2122\" style=\"aspect-ratio:0.7219564697440803;width:254px;height:auto\" srcset=\"https:\/\/powiatwwl.pl\/wp-content\/uploads\/2026\/03\/651661803_3985001584978179_6697446689327604173_n.jpg 283w, https:\/\/powiatwwl.pl\/wp-content\/uploads\/2026\/03\/651661803_3985001584978179_6697446689327604173_n-217x300.jpg 217w\" sizes=\"auto, (max-width: 283px) 100vw, 283px\" \/><\/figure>\n<\/div>\n\n<div class=\"wp-block-image\">\n<figure class=\"alignleft size-full\"><img loading=\"lazy\" decoding=\"async\" width=\"231\" height=\"354\" src=\"https:\/\/powiatwwl.pl\/wp-content\/uploads\/2026\/03\/650723098_3985001918311479_7987956295318951029_n.jpg\" alt=\"\" class=\"wp-image-2121\" srcset=\"https:\/\/powiatwwl.pl\/wp-content\/uploads\/2026\/03\/650723098_3985001918311479_7987956295318951029_n.jpg 231w, https:\/\/powiatwwl.pl\/wp-content\/uploads\/2026\/03\/650723098_3985001918311479_7987956295318951029_n-196x300.jpg 196w\" sizes=\"auto, (max-width: 231px) 100vw, 231px\" \/><\/figure>\n<\/div>\n\n<div class=\"wp-block-image\">\n<figure class=\"alignleft size-full\"><img loading=\"lazy\" decoding=\"async\" width=\"191\" height=\"238\" src=\"https:\/\/powiatwwl.pl\/wp-content\/uploads\/2026\/03\/653807724_3985002251644779_348471492804976430_n.jpg\" alt=\"\" class=\"wp-image-2124\"\/><\/figure>\n<\/div>\n\n\n<figure class=\"wp-block-image size-full is-resized\"><img loading=\"lazy\" decoding=\"async\" width=\"395\" height=\"549\" src=\"https:\/\/powiatwwl.pl\/wp-content\/uploads\/2026\/03\/651744771_3985001201644884_91989574671222026_n.jpg\" alt=\"\" class=\"wp-image-2123\" style=\"aspect-ratio:0.7195104596556141;width:262px;height:auto\" srcset=\"https:\/\/powiatwwl.pl\/wp-content\/uploads\/2026\/03\/651744771_3985001201644884_91989574671222026_n.jpg 395w, https:\/\/powiatwwl.pl\/wp-content\/uploads\/2026\/03\/651744771_3985001201644884_91989574671222026_n-216x300.jpg 216w\" sizes=\"auto, (max-width: 395px) 100vw, 395px\" \/><\/figure>\n\n\n\n<hr class=\"wp-block-separator aligncenter has-alpha-channel-opacity\"\/>\n","protected":false},"excerpt":{"rendered":"<p>Serdecznie zapraszamy na promocj\u0119 najnowszego &#8222;Rocznika Wo\u0142omi\u0144skiego&#8221; \u2013 publikacji po\u015bwi\u0119conej historii naszego regionu. To wyj\u0105tkowa okazja, aby spotka\u0107 si\u0119 z autorami i mi\u0142o\u015bnikami lokalnej historii oraz wsp\u00f3lnie odkrywa\u0107 wydarzenia i postaci, kt\u00f3re tworzy\u0142y dzieje Wo\u0142omina i okolic. Przeczytaj, zapami\u0119taj, przyjd\u017a, przyjed\u017a: 20 marca 2026 (pi\u0105tek), godz. 18,00, Filia Biblioteki Miejskiej, Lipinki k. Wo\u0142omina ul. Klonowa 24&#8230;<\/p>\n","protected":false},"author":1,"featured_media":2120,"comment_status":"open","ping_status":"open","sticky":false,"template":"","format":"standard","meta":{"footnotes":""},"categories":[1],"tags":[],"class_list":["post-2119","post","type-post","status-publish","format-standard","has-post-thumbnail","hentry","category-aktualnosci"],"_links":{"self":[{"href":"https:\/\/powiatwwl.pl\/index.php?rest_route=\/wp\/v2\/posts\/2119","targetHints":{"allow":["GET"]}}],"collection":[{"href":"https:\/\/powiatwwl.pl\/index.php?rest_route=\/wp\/v2\/posts"}],"about":[{"href":"https:\/\/powiatwwl.pl\/index.php?rest_route=\/wp\/v2\/types\/post"}],"author":[{"embeddable":true,"href":"https:\/\/powiatwwl.pl\/index.php?rest_route=\/wp\/v2\/users\/1"}],"replies":[{"embeddable":true,"href":"https:\/\/powiatwwl.pl\/index.php?rest_route=%2Fwp%2Fv2%2Fcomments&post=2119"}],"version-history":[{"count":2,"href":"https:\/\/powiatwwl.pl\/index.php?rest_route=\/wp\/v2\/posts\/2119\/revisions"}],"predecessor-version":[{"id":2129,"href":"https:\/\/powiatwwl.pl\/index.php?rest_route=\/wp\/v2\/posts\/2119\/revisions\/2129"}],"wp:featuredmedia":[{"embeddable":true,"href":"https:\/\/powiatwwl.pl\/index.php?rest_route=\/wp\/v2\/media\/2120"}],"wp:attachment":[{"href":"https:\/\/powiatwwl.pl\/index.php?rest_route=%2Fwp%2Fv2%2Fmedia&parent=2119"}],"wp:term":[{"taxonomy":"category","embeddable":true,"href":"https:\/\/powiatwwl.pl\/index.php?rest_route=%2Fwp%2Fv2%2Fcategories&post=2119"},{"taxonomy":"post_tag","embeddable":true,"href":"https:\/\/powiatwwl.pl\/index.php?rest_route=%2Fwp%2Fv2%2Ftags&post=2119"}],"curies":[{"name":"wp","href":"https:\/\/api.w.org\/{rel}","templated":true}]}}