{"id":2126,"date":"2026-03-17T09:30:47","date_gmt":"2026-03-17T08:30:47","guid":{"rendered":"http:\/\/powiatwwl.pl\/?p=2126"},"modified":"2026-03-17T09:30:49","modified_gmt":"2026-03-17T08:30:49","slug":"sladami-kobiecej-duszy","status":"publish","type":"post","link":"https:\/\/powiatwwl.pl\/?p=2126","title":{"rendered":"&#8222;\u015aladami Kobiecej Duszy&#8221;"},"content":{"rendered":"<div class=\"wp-block-image\">\n<figure class=\"aligncenter size-full\"><img loading=\"lazy\" decoding=\"async\" width=\"417\" height=\"590\" src=\"https:\/\/powiatwwl.pl\/wp-content\/uploads\/2026\/03\/652553293_866244419790870_1651373809170445902_n.jpg\" alt=\"\" class=\"wp-image-2127\" srcset=\"https:\/\/powiatwwl.pl\/wp-content\/uploads\/2026\/03\/652553293_866244419790870_1651373809170445902_n.jpg 417w, https:\/\/powiatwwl.pl\/wp-content\/uploads\/2026\/03\/652553293_866244419790870_1651373809170445902_n-212x300.jpg 212w\" sizes=\"auto, (max-width: 417px) 100vw, 417px\" \/><\/figure>\n<\/div>\n\n\n<p>We wtorek 24 marca w Medycznej Szkole Policealnej w Wo\u0142ominie spotkamy si\u0119 na wyj\u0105tkowym wydarzeniu pe\u0142nym inspiracji, wiedzy i kobiecej energii. W\u015br\u00f3d prelegentek pojawi si\u0119 r\u00f3wnie\u017c <strong>Katarzyna Pazio \u2013 Wicestarosta Powiatu Wo\u0142omi\u0144skiego<\/strong>, kt\u00f3ra poprowadzi sw\u00f3j wyk\u0142ad pt.: \u201eKobiety w samorz\u0105dzie \u2013 razem mo\u017cemy wi\u0119cej\u201d. To doskona\u0142a okazja, aby pos\u0142ucha\u0107 o sile wsp\u00f3\u0142pracy, roli kobiet w \u017cyciu publicznym i inspiruj\u0105cych dzia\u0142aniach na rzecz lokalnej spo\u0142eczno\u015bci. Na uczestniczki czekaj\u0105 tak\u017ce: ciekawe prelekcje, warsztaty i konkursy, wyj\u0105tkowa atmosfera, niespodzianki<\/p>\n\n\n\n<p><strong>Wtorek 24.03.2026, godz. 18:00, Wo\u0142omin, ul. Sasina 33, Wst\u0119p wolny<\/strong><\/p>\n\n\n\n<hr class=\"wp-block-separator has-alpha-channel-opacity\"\/>\n\n\n<div class=\"wp-block-image\">\n<figure class=\"alignleft size-large is-resized\"><img loading=\"lazy\" decoding=\"async\" width=\"1024\" height=\"1024\" src=\"https:\/\/powiatwwl.pl\/wp-content\/uploads\/2026\/03\/PW-logok-Zdjecie-profilowe-na-Facebooka-1024x1024.jpg\" alt=\"\" class=\"wp-image-1850\" style=\"width:107px;height:auto\" srcset=\"https:\/\/powiatwwl.pl\/wp-content\/uploads\/2026\/03\/PW-logok-Zdjecie-profilowe-na-Facebooka-1024x1024.jpg 1024w, https:\/\/powiatwwl.pl\/wp-content\/uploads\/2026\/03\/PW-logok-Zdjecie-profilowe-na-Facebooka-300x300.jpg 300w, https:\/\/powiatwwl.pl\/wp-content\/uploads\/2026\/03\/PW-logok-Zdjecie-profilowe-na-Facebooka-150x150.jpg 150w, https:\/\/powiatwwl.pl\/wp-content\/uploads\/2026\/03\/PW-logok-Zdjecie-profilowe-na-Facebooka-768x768.jpg 768w, https:\/\/powiatwwl.pl\/wp-content\/uploads\/2026\/03\/PW-logok-Zdjecie-profilowe-na-Facebooka-1536x1536.jpg 1536w, https:\/\/powiatwwl.pl\/wp-content\/uploads\/2026\/03\/PW-logok-Zdjecie-profilowe-na-Facebooka-80x80.jpg 80w, https:\/\/powiatwwl.pl\/wp-content\/uploads\/2026\/03\/PW-logok-Zdjecie-profilowe-na-Facebooka-320x320.jpg 320w, https:\/\/powiatwwl.pl\/wp-content\/uploads\/2026\/03\/PW-logok-Zdjecie-profilowe-na-Facebooka.jpg 2048w\" sizes=\"auto, (max-width: 1024px) 100vw, 1024px\" \/><\/figure>\n<\/div>\n\n\n<h2 class=\"wp-block-heading\"><strong><a href=\"https:\/\/www.facebook.com\/profile.php?id=100058322747273\">Katarzyna PAZIO<\/a><\/strong><\/h2>\n","protected":false},"excerpt":{"rendered":"<p>We wtorek 24 marca w Medycznej Szkole Policealnej w Wo\u0142ominie spotkamy si\u0119 na wyj\u0105tkowym wydarzeniu pe\u0142nym inspiracji, wiedzy i kobiecej energii. W\u015br\u00f3d prelegentek pojawi si\u0119 r\u00f3wnie\u017c Katarzyna Pazio \u2013 Wicestarosta Powiatu Wo\u0142omi\u0144skiego, kt\u00f3ra poprowadzi sw\u00f3j wyk\u0142ad pt.: \u201eKobiety w samorz\u0105dzie \u2013 razem mo\u017cemy wi\u0119cej\u201d&#8230;<\/p>\n","protected":false},"author":1,"featured_media":642,"comment_status":"open","ping_status":"open","sticky":false,"template":"","format":"standard","meta":{"footnotes":""},"categories":[1],"tags":[],"class_list":["post-2126","post","type-post","status-publish","format-standard","has-post-thumbnail","hentry","category-aktualnosci"],"_links":{"self":[{"href":"https:\/\/powiatwwl.pl\/index.php?rest_route=\/wp\/v2\/posts\/2126","targetHints":{"allow":["GET"]}}],"collection":[{"href":"https:\/\/powiatwwl.pl\/index.php?rest_route=\/wp\/v2\/posts"}],"about":[{"href":"https:\/\/powiatwwl.pl\/index.php?rest_route=\/wp\/v2\/types\/post"}],"author":[{"embeddable":true,"href":"https:\/\/powiatwwl.pl\/index.php?rest_route=\/wp\/v2\/users\/1"}],"replies":[{"embeddable":true,"href":"https:\/\/powiatwwl.pl\/index.php?rest_route=%2Fwp%2Fv2%2Fcomments&post=2126"}],"version-history":[{"count":1,"href":"https:\/\/powiatwwl.pl\/index.php?rest_route=\/wp\/v2\/posts\/2126\/revisions"}],"predecessor-version":[{"id":2128,"href":"https:\/\/powiatwwl.pl\/index.php?rest_route=\/wp\/v2\/posts\/2126\/revisions\/2128"}],"wp:featuredmedia":[{"embeddable":true,"href":"https:\/\/powiatwwl.pl\/index.php?rest_route=\/wp\/v2\/media\/642"}],"wp:attachment":[{"href":"https:\/\/powiatwwl.pl\/index.php?rest_route=%2Fwp%2Fv2%2Fmedia&parent=2126"}],"wp:term":[{"taxonomy":"category","embeddable":true,"href":"https:\/\/powiatwwl.pl\/index.php?rest_route=%2Fwp%2Fv2%2Fcategories&post=2126"},{"taxonomy":"post_tag","embeddable":true,"href":"https:\/\/powiatwwl.pl\/index.php?rest_route=%2Fwp%2Fv2%2Ftags&post=2126"}],"curies":[{"name":"wp","href":"https:\/\/api.w.org\/{rel}","templated":true}]}}