{"id":2130,"date":"2026-03-17T09:52:42","date_gmt":"2026-03-17T08:52:42","guid":{"rendered":"http:\/\/powiatwwl.pl\/?p=2130"},"modified":"2026-03-17T09:52:44","modified_gmt":"2026-03-17T08:52:44","slug":"nowy-szpitalny-oddzial-ratunkowy-budowa-trwa-video","status":"publish","type":"post","link":"https:\/\/powiatwwl.pl\/?p=2130","title":{"rendered":"Nowy Szpitalny Oddzia\u0142 Ratunkowy &#8211; budowa trwa \/VIDEO\/"},"content":{"rendered":"<div class=\"wp-block-image\">\n<figure class=\"aligncenter size-full\"><img loading=\"lazy\" decoding=\"async\" width=\"640\" height=\"426\" src=\"https:\/\/powiatwwl.pl\/wp-content\/uploads\/2026\/03\/fot.maciej_kulczynski_pap.jpg\" alt=\"\" class=\"wp-image-2131\" srcset=\"https:\/\/powiatwwl.pl\/wp-content\/uploads\/2026\/03\/fot.maciej_kulczynski_pap.jpg 640w, https:\/\/powiatwwl.pl\/wp-content\/uploads\/2026\/03\/fot.maciej_kulczynski_pap-300x200.jpg 300w\" sizes=\"auto, (max-width: 640px) 100vw, 640px\" \/><\/figure>\n<\/div>\n\n\n<p>Powiatowa Rada Spo\u0142eczna odwiedzi\u0142a nasz powiatowy szpital by zobaczy\u0107 jak przebiega kompleksowa budowa i modernizacja Szpitalnego Oddzia\u0142u Ratunkowego. O post\u0119pie i zaawansowaniu prac w szpitalu nie tylko na SOR opowiada\u0142 dyrektor szpitala Piotr Go\u0142aszewski. Zapraszam na kr\u00f3tk\u0105 relacj\u0119 video.<\/p>\n\n\n\n<hr class=\"wp-block-separator has-alpha-channel-opacity\"\/>\n\n\n<div class=\"wp-block-image\">\n<figure class=\"alignleft size-full is-resized\"><img loading=\"lazy\" decoding=\"async\" width=\"1280\" height=\"1280\" src=\"https:\/\/powiatwwl.pl\/wp-content\/uploads\/2026\/03\/PW-logok-Zdjecie-profilowe-na-Facebooka-6.jpg\" alt=\"\" class=\"wp-image-1976\" style=\"width:108px;height:auto\" srcset=\"https:\/\/powiatwwl.pl\/wp-content\/uploads\/2026\/03\/PW-logok-Zdjecie-profilowe-na-Facebooka-6.jpg 1280w, https:\/\/powiatwwl.pl\/wp-content\/uploads\/2026\/03\/PW-logok-Zdjecie-profilowe-na-Facebooka-6-300x300.jpg 300w, https:\/\/powiatwwl.pl\/wp-content\/uploads\/2026\/03\/PW-logok-Zdjecie-profilowe-na-Facebooka-6-1024x1024.jpg 1024w, https:\/\/powiatwwl.pl\/wp-content\/uploads\/2026\/03\/PW-logok-Zdjecie-profilowe-na-Facebooka-6-150x150.jpg 150w, https:\/\/powiatwwl.pl\/wp-content\/uploads\/2026\/03\/PW-logok-Zdjecie-profilowe-na-Facebooka-6-768x768.jpg 768w, https:\/\/powiatwwl.pl\/wp-content\/uploads\/2026\/03\/PW-logok-Zdjecie-profilowe-na-Facebooka-6-80x80.jpg 80w, https:\/\/powiatwwl.pl\/wp-content\/uploads\/2026\/03\/PW-logok-Zdjecie-profilowe-na-Facebooka-6-320x320.jpg 320w\" sizes=\"auto, (max-width: 1280px) 100vw, 1280px\" \/><\/figure>\n<\/div>\n\n\n<h2 class=\"wp-block-heading\"><strong><a href=\"https:\/\/www.facebook.com\/reel\/1680045493369307\">ROLKA VIDEO<\/a><\/strong><\/h2>\n\n\n\n<p><\/p>\n","protected":false},"excerpt":{"rendered":"<p>Powiatowa Rada Spo\u0142eczna odwiedzi\u0142a nasz powiatowy szpital by zobaczy\u0107 jak przebiega kompleksowa budowa i modernizacja Szpitalnego Oddzia\u0142u Ratunkowego. O post\u0119pie i zaawansowaniu prac w szpitalu nie tylko na SOR opowiada\u0142 dyrektor szpitala Piotr Go\u0142aszewski. Zapraszam na kr\u00f3tk\u0105 relacj\u0119 video.<\/p>\n","protected":false},"author":1,"featured_media":2131,"comment_status":"open","ping_status":"open","sticky":false,"template":"","format":"standard","meta":{"footnotes":""},"categories":[1],"tags":[],"class_list":["post-2130","post","type-post","status-publish","format-standard","has-post-thumbnail","hentry","category-aktualnosci"],"_links":{"self":[{"href":"https:\/\/powiatwwl.pl\/index.php?rest_route=\/wp\/v2\/posts\/2130","targetHints":{"allow":["GET"]}}],"collection":[{"href":"https:\/\/powiatwwl.pl\/index.php?rest_route=\/wp\/v2\/posts"}],"about":[{"href":"https:\/\/powiatwwl.pl\/index.php?rest_route=\/wp\/v2\/types\/post"}],"author":[{"embeddable":true,"href":"https:\/\/powiatwwl.pl\/index.php?rest_route=\/wp\/v2\/users\/1"}],"replies":[{"embeddable":true,"href":"https:\/\/powiatwwl.pl\/index.php?rest_route=%2Fwp%2Fv2%2Fcomments&post=2130"}],"version-history":[{"count":1,"href":"https:\/\/powiatwwl.pl\/index.php?rest_route=\/wp\/v2\/posts\/2130\/revisions"}],"predecessor-version":[{"id":2132,"href":"https:\/\/powiatwwl.pl\/index.php?rest_route=\/wp\/v2\/posts\/2130\/revisions\/2132"}],"wp:featuredmedia":[{"embeddable":true,"href":"https:\/\/powiatwwl.pl\/index.php?rest_route=\/wp\/v2\/media\/2131"}],"wp:attachment":[{"href":"https:\/\/powiatwwl.pl\/index.php?rest_route=%2Fwp%2Fv2%2Fmedia&parent=2130"}],"wp:term":[{"taxonomy":"category","embeddable":true,"href":"https:\/\/powiatwwl.pl\/index.php?rest_route=%2Fwp%2Fv2%2Fcategories&post=2130"},{"taxonomy":"post_tag","embeddable":true,"href":"https:\/\/powiatwwl.pl\/index.php?rest_route=%2Fwp%2Fv2%2Ftags&post=2130"}],"curies":[{"name":"wp","href":"https:\/\/api.w.org\/{rel}","templated":true}]}}