{"id":2133,"date":"2026-03-17T12:57:55","date_gmt":"2026-03-17T11:57:55","guid":{"rendered":"http:\/\/powiatwwl.pl\/?p=2133"},"modified":"2026-03-17T12:57:57","modified_gmt":"2026-03-17T11:57:57","slug":"nowa-powiatowa-rada-rynku-pracy","status":"publish","type":"post","link":"https:\/\/powiatwwl.pl\/?p=2133","title":{"rendered":"Nowa Powiatowa Rada Rynku Pracy"},"content":{"rendered":"<div class=\"wp-block-image\">\n<figure class=\"aligncenter size-full is-resized\"><img loading=\"lazy\" decoding=\"async\" width=\"843\" height=\"538\" src=\"https:\/\/powiatwwl.pl\/wp-content\/uploads\/2026\/03\/653701678_1486377920159129_6644644723039621666_n.jpg\" alt=\"\" class=\"wp-image-2134\" style=\"aspect-ratio:1.5669309633760273;width:565px;height:auto\" srcset=\"https:\/\/powiatwwl.pl\/wp-content\/uploads\/2026\/03\/653701678_1486377920159129_6644644723039621666_n.jpg 843w, https:\/\/powiatwwl.pl\/wp-content\/uploads\/2026\/03\/653701678_1486377920159129_6644644723039621666_n-300x191.jpg 300w, https:\/\/powiatwwl.pl\/wp-content\/uploads\/2026\/03\/653701678_1486377920159129_6644644723039621666_n-768x490.jpg 768w\" sizes=\"auto, (max-width: 843px) 100vw, 843px\" \/><\/figure>\n<\/div>\n\n\n<p>Rozpocz\u0119\u0142a prac\u0119 Powiatowa Rada Rynku Pracy w Wo\u0142ominie na lata 2026\u20132030. To wa\u017cne cia\u0142o doradcze wspieraj\u0105ce dzia\u0142ania na rzecz zatrudnienia i aktywizacji zawodowej mieszka\u0144c\u00f3w. Podczas pierwszego posiedzenia mia\u0142em przyjemno\u015b\u0107 wr\u0119czy\u0107 akty powo\u0142ania, wsp\u00f3lnie om\u00f3wili\u015bmy aktualn\u0105 sytuacj\u0119 na rynku pracy w powiecie oraz wybrali\u015bmy przewodnicz\u0105c\u0105 Rady, kt\u00f3r\u0105 zosta\u0142a Przewodnicz\u0105ca Rady Powiatu <a href=\"https:\/\/www.facebook.com\/magdalena.suchenek.7?__cft__[0]=AZbsFBbIygJjGZZeoN8IbwB2Zx3452pdg3qddpZOlXQjywnFtsgyqj9XWm4SbluX7MlHnoNehBjshwj7fqcCIbOLPqhFGzRIPgFsYA3SrCwZFK4CbIUnYMKl-P7bhDiBtxMLv5yC7Pgu3CsLataqVe6VAwjMqWtDlrxrLUy9fvWPRESE3SPDRCxRz0KE6QCtv9oDdRg343Q0wlDQofFFa4mH&amp;__tn__=-]K-R\">Magdalena Suchenek<\/a>.<\/p>\n\n\n\n<p>Nowo powo\u0142ana Rada b\u0119dzie w najbli\u017cszych latach wspiera\u0107 dzia\u0142ania <a href=\"https:\/\/www.facebook.com\/Powiat.Wolominski?__cft__[0]=AZbsFBbIygJjGZZeoN8IbwB2Zx3452pdg3qddpZOlXQjywnFtsgyqj9XWm4SbluX7MlHnoNehBjshwj7fqcCIbOLPqhFGzRIPgFsYA3SrCwZFK4CbIUnYMKl-P7bhDiBtxMLv5yC7Pgu3CsLataqVe6VAwjMqWtDlrxrLUy9fvWPRESE3SPDRCxRz0KE6QCtv9oDdRg343Q0wlDQofFFa4mH&amp;__tn__=-]K-R\">Powiat Wo\u0142omi\u0144ski<\/a> oraz <a href=\"https:\/\/www.facebook.com\/powurzdpracy?__cft__[0]=AZbsFBbIygJjGZZeoN8IbwB2Zx3452pdg3qddpZOlXQjywnFtsgyqj9XWm4SbluX7MlHnoNehBjshwj7fqcCIbOLPqhFGzRIPgFsYA3SrCwZFK4CbIUnYMKl-P7bhDiBtxMLv5yC7Pgu3CsLataqVe6VAwjMqWtDlrxrLUy9fvWPRESE3SPDRCxRz0KE6QCtv9oDdRg343Q0wlDQofFFa4mH&amp;__tn__=-]K-R\">Powiatowy Urz\u0105d Pracy w Wo\u0142ominie<\/a>, wzmacniaj\u0105c lokalny rynek pracy i aktywno\u015b\u0107 zawodow\u0105 mieszka\u0144c\u00f3w.<\/p>\n\n\n<div class=\"wp-block-image\">\n<figure class=\"alignleft size-large is-resized\"><img loading=\"lazy\" decoding=\"async\" width=\"1024\" height=\"1024\" src=\"https:\/\/powiatwwl.pl\/wp-content\/uploads\/2026\/03\/PW-logok-Zdjecie-profilowe-na-Facebooka-1-1024x1024.jpg\" alt=\"\" class=\"wp-image-1851\" style=\"width:109px;height:auto\" srcset=\"https:\/\/powiatwwl.pl\/wp-content\/uploads\/2026\/03\/PW-logok-Zdjecie-profilowe-na-Facebooka-1-1024x1024.jpg 1024w, https:\/\/powiatwwl.pl\/wp-content\/uploads\/2026\/03\/PW-logok-Zdjecie-profilowe-na-Facebooka-1-300x300.jpg 300w, https:\/\/powiatwwl.pl\/wp-content\/uploads\/2026\/03\/PW-logok-Zdjecie-profilowe-na-Facebooka-1-150x150.jpg 150w, https:\/\/powiatwwl.pl\/wp-content\/uploads\/2026\/03\/PW-logok-Zdjecie-profilowe-na-Facebooka-1-768x768.jpg 768w, https:\/\/powiatwwl.pl\/wp-content\/uploads\/2026\/03\/PW-logok-Zdjecie-profilowe-na-Facebooka-1-1536x1536.jpg 1536w, https:\/\/powiatwwl.pl\/wp-content\/uploads\/2026\/03\/PW-logok-Zdjecie-profilowe-na-Facebooka-1-80x80.jpg 80w, https:\/\/powiatwwl.pl\/wp-content\/uploads\/2026\/03\/PW-logok-Zdjecie-profilowe-na-Facebooka-1-320x320.jpg 320w, https:\/\/powiatwwl.pl\/wp-content\/uploads\/2026\/03\/PW-logok-Zdjecie-profilowe-na-Facebooka-1.jpg 2048w\" sizes=\"auto, (max-width: 1024px) 100vw, 1024px\" \/><\/figure>\n<\/div>\n\n\n<h2 class=\"wp-block-heading\"><strong><a href=\"https:\/\/www.facebook.com\/profile.php?id=61561185435479\">Tomasz KALATA<\/a><\/strong><\/h2>\n","protected":false},"excerpt":{"rendered":"<p>Rozpocz\u0119\u0142a prac\u0119 Powiatowa Rada Rynku Pracy w Wo\u0142ominie na lata 2026\u20132030. To wa\u017cne cia\u0142o doradcze wspieraj\u0105ce dzia\u0142ania na rzecz zatrudnienia i aktywizacji zawodowej mieszka\u0144c\u00f3w. Podczas pierwszego posiedzenia mia\u0142em przyjemno\u015b\u0107 wr\u0119czy\u0107 akty powo\u0142ania, wsp\u00f3lnie om\u00f3wili\u015bmy aktualn\u0105 sytuacj\u0119 na rynku pracy w powiecie oraz wybrali\u015bmy przewodnicz\u0105c\u0105 Rady, kt\u00f3r\u0105 zosta\u0142a Przewodnicz\u0105ca Rady Powiatu Magdalena Suchenek&#8230;<\/p>\n","protected":false},"author":1,"featured_media":2134,"comment_status":"open","ping_status":"open","sticky":false,"template":"","format":"standard","meta":{"footnotes":""},"categories":[1],"tags":[],"class_list":["post-2133","post","type-post","status-publish","format-standard","has-post-thumbnail","hentry","category-aktualnosci"],"_links":{"self":[{"href":"https:\/\/powiatwwl.pl\/index.php?rest_route=\/wp\/v2\/posts\/2133","targetHints":{"allow":["GET"]}}],"collection":[{"href":"https:\/\/powiatwwl.pl\/index.php?rest_route=\/wp\/v2\/posts"}],"about":[{"href":"https:\/\/powiatwwl.pl\/index.php?rest_route=\/wp\/v2\/types\/post"}],"author":[{"embeddable":true,"href":"https:\/\/powiatwwl.pl\/index.php?rest_route=\/wp\/v2\/users\/1"}],"replies":[{"embeddable":true,"href":"https:\/\/powiatwwl.pl\/index.php?rest_route=%2Fwp%2Fv2%2Fcomments&post=2133"}],"version-history":[{"count":1,"href":"https:\/\/powiatwwl.pl\/index.php?rest_route=\/wp\/v2\/posts\/2133\/revisions"}],"predecessor-version":[{"id":2135,"href":"https:\/\/powiatwwl.pl\/index.php?rest_route=\/wp\/v2\/posts\/2133\/revisions\/2135"}],"wp:featuredmedia":[{"embeddable":true,"href":"https:\/\/powiatwwl.pl\/index.php?rest_route=\/wp\/v2\/media\/2134"}],"wp:attachment":[{"href":"https:\/\/powiatwwl.pl\/index.php?rest_route=%2Fwp%2Fv2%2Fmedia&parent=2133"}],"wp:term":[{"taxonomy":"category","embeddable":true,"href":"https:\/\/powiatwwl.pl\/index.php?rest_route=%2Fwp%2Fv2%2Fcategories&post=2133"},{"taxonomy":"post_tag","embeddable":true,"href":"https:\/\/powiatwwl.pl\/index.php?rest_route=%2Fwp%2Fv2%2Ftags&post=2133"}],"curies":[{"name":"wp","href":"https:\/\/api.w.org\/{rel}","templated":true}]}}