{"id":2136,"date":"2026-03-17T13:14:53","date_gmt":"2026-03-17T12:14:53","guid":{"rendered":"http:\/\/powiatwwl.pl\/?p=2136"},"modified":"2026-03-17T13:14:54","modified_gmt":"2026-03-17T12:14:54","slug":"stabat-mater-w-kobylce","status":"publish","type":"post","link":"https:\/\/powiatwwl.pl\/?p=2136","title":{"rendered":"&#8222;STABAT MATER&#8221; w Koby\u0142ce"},"content":{"rendered":"<div class=\"wp-block-image\">\n<figure class=\"aligncenter size-full\"><img loading=\"lazy\" decoding=\"async\" width=\"400\" height=\"400\" src=\"https:\/\/powiatwwl.pl\/wp-content\/uploads\/2026\/03\/7aRGvjRN_400x400.jpg\" alt=\"\" class=\"wp-image-2137\" srcset=\"https:\/\/powiatwwl.pl\/wp-content\/uploads\/2026\/03\/7aRGvjRN_400x400.jpg 400w, https:\/\/powiatwwl.pl\/wp-content\/uploads\/2026\/03\/7aRGvjRN_400x400-300x300.jpg 300w, https:\/\/powiatwwl.pl\/wp-content\/uploads\/2026\/03\/7aRGvjRN_400x400-150x150.jpg 150w, https:\/\/powiatwwl.pl\/wp-content\/uploads\/2026\/03\/7aRGvjRN_400x400-80x80.jpg 80w, https:\/\/powiatwwl.pl\/wp-content\/uploads\/2026\/03\/7aRGvjRN_400x400-320x320.jpg 320w\" sizes=\"auto, (max-width: 400px) 100vw, 400px\" \/><\/figure>\n<\/div>\n\n\n<p>Zapraszamy na wyj\u0105tkowe muzyczne spotkanie, kt\u00f3re pozwoli nam w g\u0142\u0119bi serca prze\u017cy\u0107 czas Wielkiego Postu \u2013 okres pe\u0142en refleksji, zadumy i duchowego wyciszenia. <strong>Parafia \u015bw. Matki Teresy z Kalkuty w Koby\u0142ce ul. Nadarzy\u0144ska 62, Koby\u0142ka, 21 marca 2026 (sobota) godz. 18:00<\/strong><\/p>\n\n\n\n<p>Koncert z cyklu \u201eWielkopostne Dialogi\u201d to przejmuj\u0105ca opowie\u015b\u0107 o najg\u0142\u0119bszych ludzkich emocjach. Centralnym punktem programu b\u0119dzie dzie\u0142o \u201eStabat Mater\u201d, kt\u00f3re w mistyczny spos\u00f3b obrazuje matczyn\u0105 mi\u0142o\u015b\u0107 i wsp\u00f3\u0142cierpienie. To zaproszenie do wsp\u00f3lnego obcowania ze sztuk\u0105 wysok\u0105, gdzie pot\u0119ga g\u0142os\u00f3w solowych oraz brzmienie ch\u00f3ru \u0142\u0105cz\u0105 si\u0119 w modlitewnym dialogu. Wiecz\u00f3r ten stanie si\u0119 przestrzeni\u0105 do osobistych przemy\u015ble\u0144, ukazuj\u0105c pi\u0119kno tradycji muzyki sakralnej w profesjonalnym wykonaniu artyst\u00f3w zwi\u0105zanych z Uniwersytetem Muzycznym Fryderyka Chopina.<\/p>\n\n\n\n<p>Wykonawcy: Paulina Herman \u2013 sopran (opieka wokalna), Monika Trzaskowska \u2013 alt, Ernest Tymczyszyn \u2013 tenor, Hubert Dzietczyk \u2013 bas, Ewa Wr\u00f3blewska \u2013 pianistka, Warszawski Ch\u00f3r Ch\u0142opi\u0119co-Dziewcz\u0119cy i M\u0119ski przy UMFC Jakub Hutek \u2013 dyrygent<\/p>\n\n\n\n<p>Wydarzenie jest wsp\u00f3\u0142finansowane przez Powiat Wo\u0142omi\u0144ski pod patronatem honorowym Starosty Arkadiusza Werelicha. Wst\u0119p wolny. Serdecznie zapraszamy do wsp\u00f3lnego prze\u017cycia tego wyj\u0105tkowego czasu poprzez muzyk\u0119.<\/p>\n\n\n\n<hr class=\"wp-block-separator has-alpha-channel-opacity\"\/>\n\n\n<div class=\"wp-block-image\">\n<figure class=\"alignleft size-large is-resized\"><img loading=\"lazy\" decoding=\"async\" width=\"1024\" height=\"1024\" src=\"https:\/\/powiatwwl.pl\/wp-content\/uploads\/2026\/03\/PW-logo12-Zdjecie-profilowe-na-Facebooka-1-1-1024x1024.jpg\" alt=\"\" class=\"wp-image-1847\" style=\"width:111px;height:auto\" srcset=\"https:\/\/powiatwwl.pl\/wp-content\/uploads\/2026\/03\/PW-logo12-Zdjecie-profilowe-na-Facebooka-1-1-1024x1024.jpg 1024w, https:\/\/powiatwwl.pl\/wp-content\/uploads\/2026\/03\/PW-logo12-Zdjecie-profilowe-na-Facebooka-1-1-300x300.jpg 300w, https:\/\/powiatwwl.pl\/wp-content\/uploads\/2026\/03\/PW-logo12-Zdjecie-profilowe-na-Facebooka-1-1-150x150.jpg 150w, https:\/\/powiatwwl.pl\/wp-content\/uploads\/2026\/03\/PW-logo12-Zdjecie-profilowe-na-Facebooka-1-1-768x768.jpg 768w, https:\/\/powiatwwl.pl\/wp-content\/uploads\/2026\/03\/PW-logo12-Zdjecie-profilowe-na-Facebooka-1-1-1536x1536.jpg 1536w, https:\/\/powiatwwl.pl\/wp-content\/uploads\/2026\/03\/PW-logo12-Zdjecie-profilowe-na-Facebooka-1-1-80x80.jpg 80w, https:\/\/powiatwwl.pl\/wp-content\/uploads\/2026\/03\/PW-logo12-Zdjecie-profilowe-na-Facebooka-1-1-320x320.jpg 320w, https:\/\/powiatwwl.pl\/wp-content\/uploads\/2026\/03\/PW-logo12-Zdjecie-profilowe-na-Facebooka-1-1.jpg 2048w\" sizes=\"auto, (max-width: 1024px) 100vw, 1024px\" \/><\/figure>\n<\/div>\n\n\n<h2 class=\"wp-block-heading\"><strong><a href=\"https:\/\/www.facebook.com\/starostaWerelich\">Arkadiusz WERELICH<\/a><\/strong><\/h2>\n\n\n\n<p><\/p>\n","protected":false},"excerpt":{"rendered":"<p>Zapraszamy na wyj\u0105tkowe muzyczne spotkanie, kt\u00f3re pozwoli nam w g\u0142\u0119bi serca prze\u017cy\u0107 czas Wielkiego Postu \u2013 okres pe\u0142en refleksji, zadumy i duchowego wyciszenia. Parafia \u015bw. Matki Teresy z Kalkuty w Koby\u0142ce ul. Nadarzy\u0144ska 62, Koby\u0142ka, 21 marca 2026 (sobota) godz. 18:00<\/p>\n<p>Koncert z cyklu \u201eWielkopostne Dialogi\u201d to przejmuj\u0105ca opowie\u015b\u0107 o najg\u0142\u0119bszych ludzkich emocjach. Centralnym punktem programu b\u0119dzie dzie\u0142o \u201eStabat Mater\u201d, kt\u00f3re w mistyczny spos\u00f3b obrazuje matczyn\u0105 mi\u0142o\u015b\u0107 i wsp\u00f3\u0142cierpienie&#8230;<\/p>\n","protected":false},"author":1,"featured_media":2138,"comment_status":"open","ping_status":"open","sticky":false,"template":"","format":"standard","meta":{"footnotes":""},"categories":[1],"tags":[],"class_list":["post-2136","post","type-post","status-publish","format-standard","has-post-thumbnail","hentry","category-aktualnosci"],"_links":{"self":[{"href":"https:\/\/powiatwwl.pl\/index.php?rest_route=\/wp\/v2\/posts\/2136","targetHints":{"allow":["GET"]}}],"collection":[{"href":"https:\/\/powiatwwl.pl\/index.php?rest_route=\/wp\/v2\/posts"}],"about":[{"href":"https:\/\/powiatwwl.pl\/index.php?rest_route=\/wp\/v2\/types\/post"}],"author":[{"embeddable":true,"href":"https:\/\/powiatwwl.pl\/index.php?rest_route=\/wp\/v2\/users\/1"}],"replies":[{"embeddable":true,"href":"https:\/\/powiatwwl.pl\/index.php?rest_route=%2Fwp%2Fv2%2Fcomments&post=2136"}],"version-history":[{"count":1,"href":"https:\/\/powiatwwl.pl\/index.php?rest_route=\/wp\/v2\/posts\/2136\/revisions"}],"predecessor-version":[{"id":2139,"href":"https:\/\/powiatwwl.pl\/index.php?rest_route=\/wp\/v2\/posts\/2136\/revisions\/2139"}],"wp:featuredmedia":[{"embeddable":true,"href":"https:\/\/powiatwwl.pl\/index.php?rest_route=\/wp\/v2\/media\/2138"}],"wp:attachment":[{"href":"https:\/\/powiatwwl.pl\/index.php?rest_route=%2Fwp%2Fv2%2Fmedia&parent=2136"}],"wp:term":[{"taxonomy":"category","embeddable":true,"href":"https:\/\/powiatwwl.pl\/index.php?rest_route=%2Fwp%2Fv2%2Fcategories&post=2136"},{"taxonomy":"post_tag","embeddable":true,"href":"https:\/\/powiatwwl.pl\/index.php?rest_route=%2Fwp%2Fv2%2Ftags&post=2136"}],"curies":[{"name":"wp","href":"https:\/\/api.w.org\/{rel}","templated":true}]}}