{"id":2141,"date":"2026-03-17T19:41:33","date_gmt":"2026-03-17T18:41:33","guid":{"rendered":"http:\/\/powiatwwl.pl\/?p=2141"},"modified":"2026-03-17T19:41:35","modified_gmt":"2026-03-17T18:41:35","slug":"bezplatna-profilaktyka-osteoporoza","status":"publish","type":"post","link":"https:\/\/powiatwwl.pl\/?p=2141","title":{"rendered":"Bezp\u0142atna Profilaktyka &#8211; OSTEOPOROZA"},"content":{"rendered":"<div class=\"wp-block-image\">\n<figure class=\"aligncenter size-large\"><img loading=\"lazy\" decoding=\"async\" width=\"724\" height=\"1024\" src=\"https:\/\/powiatwwl.pl\/wp-content\/uploads\/2026\/03\/653425075_1387588690051668_246432427579443583_n-724x1024.jpg\" alt=\"\" class=\"wp-image-2142\" srcset=\"https:\/\/powiatwwl.pl\/wp-content\/uploads\/2026\/03\/653425075_1387588690051668_246432427579443583_n-724x1024.jpg 724w, https:\/\/powiatwwl.pl\/wp-content\/uploads\/2026\/03\/653425075_1387588690051668_246432427579443583_n-212x300.jpg 212w, https:\/\/powiatwwl.pl\/wp-content\/uploads\/2026\/03\/653425075_1387588690051668_246432427579443583_n-768x1087.jpg 768w, https:\/\/powiatwwl.pl\/wp-content\/uploads\/2026\/03\/653425075_1387588690051668_246432427579443583_n.jpg 1080w\" sizes=\"auto, (max-width: 724px) 100vw, 724px\" \/><\/figure>\n<\/div>\n\n\n<p>Bezp\u0142atna profilaktyka. Zapraszamy mieszka\u0144c\u00f3w 30+ na badania profilaktyczne: Wczesne wykrywanie osteoporozy \u2013 pomiar g\u0119sto\u015bci ko\u015bci w mobilnym osteobusie oraz badanie witaminy D3. Szczeg\u00f3\u0142y na plakacie .Liczba miejsc jest ograniczona! Obowi\u0105zuj\u0105 zapisy: 22 76 33 200. Koszt: Akcje profilaktyczne s\u0105 BEZP\u0141ATNE , obowi\u0105zuj\u0105 ZAPISY (sfinansowane ze \u015brodk\u00f3w Powiatu Wo\u0142omi\u0144skiego).<\/p>\n\n\n\n<hr class=\"wp-block-separator has-alpha-channel-opacity\"\/>\n\n\n<div class=\"wp-block-image\">\n<figure class=\"alignleft size-full is-resized\"><img loading=\"lazy\" decoding=\"async\" width=\"986\" height=\"986\" src=\"https:\/\/powiatwwl.pl\/wp-content\/uploads\/2026\/02\/471215420_1097417855172626_438410656441550007_n.jpg\" alt=\"\" class=\"wp-image-306\" style=\"width:109px;height:auto\" srcset=\"https:\/\/powiatwwl.pl\/wp-content\/uploads\/2026\/02\/471215420_1097417855172626_438410656441550007_n.jpg 986w, https:\/\/powiatwwl.pl\/wp-content\/uploads\/2026\/02\/471215420_1097417855172626_438410656441550007_n-300x300.jpg 300w, https:\/\/powiatwwl.pl\/wp-content\/uploads\/2026\/02\/471215420_1097417855172626_438410656441550007_n-150x150.jpg 150w, https:\/\/powiatwwl.pl\/wp-content\/uploads\/2026\/02\/471215420_1097417855172626_438410656441550007_n-768x768.jpg 768w, https:\/\/powiatwwl.pl\/wp-content\/uploads\/2026\/02\/471215420_1097417855172626_438410656441550007_n-80x80.jpg 80w, https:\/\/powiatwwl.pl\/wp-content\/uploads\/2026\/02\/471215420_1097417855172626_438410656441550007_n-320x320.jpg 320w\" sizes=\"auto, (max-width: 986px) 100vw, 986px\" \/><\/figure>\n<\/div>\n\n\n<h2 class=\"wp-block-heading\"><strong><a href=\"https:\/\/www.facebook.com\/szpitalwolomin\">SZPITAL w WO\u0141OMINIE<\/a><\/strong><\/h2>\n\n\n\n<hr class=\"wp-block-separator aligncenter has-alpha-channel-opacity\"\/>\n\n\n<div class=\"wp-block-image\">\n<figure class=\"alignleft size-large is-resized\"><img loading=\"lazy\" decoding=\"async\" width=\"1024\" height=\"1024\" src=\"https:\/\/powiatwwl.pl\/wp-content\/uploads\/2026\/02\/pw-1024x1024.jpg\" alt=\"\" class=\"wp-image-395\" style=\"width:97px;height:auto\" srcset=\"https:\/\/powiatwwl.pl\/wp-content\/uploads\/2026\/02\/pw-1024x1024.jpg 1024w, https:\/\/powiatwwl.pl\/wp-content\/uploads\/2026\/02\/pw-300x300.jpg 300w, https:\/\/powiatwwl.pl\/wp-content\/uploads\/2026\/02\/pw-150x150.jpg 150w, https:\/\/powiatwwl.pl\/wp-content\/uploads\/2026\/02\/pw-768x768.jpg 768w, https:\/\/powiatwwl.pl\/wp-content\/uploads\/2026\/02\/pw-80x80.jpg 80w, https:\/\/powiatwwl.pl\/wp-content\/uploads\/2026\/02\/pw-320x320.jpg 320w, https:\/\/powiatwwl.pl\/wp-content\/uploads\/2026\/02\/pw.jpg 1280w\" sizes=\"auto, (max-width: 1024px) 100vw, 1024px\" \/><\/figure>\n<\/div>\n\n\n<h2 class=\"wp-block-heading\"><strong><a href=\"https:\/\/www.facebook.com\/Powiat.Wolominski\">POWIAT WO\u0141OMI\u0143SKI<\/a><\/strong><\/h2>\n\n\n\n<p><\/p>\n","protected":false},"excerpt":{"rendered":"<p>Bezp\u0142atna profilaktyka. Zapraszamy mieszka\u0144c\u00f3w 30+ na badania profilaktyczne: Wczesne wykrywanie osteoporozy \u2013 pomiar g\u0119sto\u015bci ko\u015bci w mobilnym osteobusie oraz badanie witaminy D3. Szczeg\u00f3\u0142y na plakacie .Liczba miejsc jest ograniczona! Obowi\u0105zuj\u0105 zapisy: 22 76 33 200. Koszt: Akcje profilaktyczne s\u0105 BEZP\u0141ATNE , obowi\u0105zuj\u0105 ZAPISY (sfinansowane ze \u015brodk\u00f3w Powiatu Wo\u0142omi\u0144skiego).<\/p>\n","protected":false},"author":1,"featured_media":2142,"comment_status":"open","ping_status":"open","sticky":false,"template":"","format":"standard","meta":{"footnotes":""},"categories":[1],"tags":[],"class_list":["post-2141","post","type-post","status-publish","format-standard","has-post-thumbnail","hentry","category-aktualnosci"],"_links":{"self":[{"href":"https:\/\/powiatwwl.pl\/index.php?rest_route=\/wp\/v2\/posts\/2141","targetHints":{"allow":["GET"]}}],"collection":[{"href":"https:\/\/powiatwwl.pl\/index.php?rest_route=\/wp\/v2\/posts"}],"about":[{"href":"https:\/\/powiatwwl.pl\/index.php?rest_route=\/wp\/v2\/types\/post"}],"author":[{"embeddable":true,"href":"https:\/\/powiatwwl.pl\/index.php?rest_route=\/wp\/v2\/users\/1"}],"replies":[{"embeddable":true,"href":"https:\/\/powiatwwl.pl\/index.php?rest_route=%2Fwp%2Fv2%2Fcomments&post=2141"}],"version-history":[{"count":1,"href":"https:\/\/powiatwwl.pl\/index.php?rest_route=\/wp\/v2\/posts\/2141\/revisions"}],"predecessor-version":[{"id":2143,"href":"https:\/\/powiatwwl.pl\/index.php?rest_route=\/wp\/v2\/posts\/2141\/revisions\/2143"}],"wp:featuredmedia":[{"embeddable":true,"href":"https:\/\/powiatwwl.pl\/index.php?rest_route=\/wp\/v2\/media\/2142"}],"wp:attachment":[{"href":"https:\/\/powiatwwl.pl\/index.php?rest_route=%2Fwp%2Fv2%2Fmedia&parent=2141"}],"wp:term":[{"taxonomy":"category","embeddable":true,"href":"https:\/\/powiatwwl.pl\/index.php?rest_route=%2Fwp%2Fv2%2Fcategories&post=2141"},{"taxonomy":"post_tag","embeddable":true,"href":"https:\/\/powiatwwl.pl\/index.php?rest_route=%2Fwp%2Fv2%2Ftags&post=2141"}],"curies":[{"name":"wp","href":"https:\/\/api.w.org\/{rel}","templated":true}]}}