{"id":2144,"date":"2026-03-17T19:48:45","date_gmt":"2026-03-17T18:48:45","guid":{"rendered":"http:\/\/powiatwwl.pl\/?p=2144"},"modified":"2026-03-17T19:59:28","modified_gmt":"2026-03-17T18:59:28","slug":"1-300-000-zl-dla-powiatowej-strazy-pozarnej","status":"publish","type":"post","link":"https:\/\/powiatwwl.pl\/?p=2144","title":{"rendered":"1 mln 300 tys. z\u0142 dla Powiatowej Pa\u0144stwowej Stra\u017cy Po\u017carnej"},"content":{"rendered":"<div class=\"wp-block-image\">\n<figure class=\"aligncenter size-large is-resized\"><img loading=\"lazy\" decoding=\"async\" width=\"1024\" height=\"859\" src=\"https:\/\/powiatwwl.pl\/wp-content\/uploads\/2026\/03\/653822320_1258863389690790_6240199243683302434_n-1024x859.jpg\" alt=\"\" class=\"wp-image-2145\" style=\"width:596px;height:auto\" srcset=\"https:\/\/powiatwwl.pl\/wp-content\/uploads\/2026\/03\/653822320_1258863389690790_6240199243683302434_n-1024x859.jpg 1024w, https:\/\/powiatwwl.pl\/wp-content\/uploads\/2026\/03\/653822320_1258863389690790_6240199243683302434_n-300x252.jpg 300w, https:\/\/powiatwwl.pl\/wp-content\/uploads\/2026\/03\/653822320_1258863389690790_6240199243683302434_n-768x644.jpg 768w, https:\/\/powiatwwl.pl\/wp-content\/uploads\/2026\/03\/653822320_1258863389690790_6240199243683302434_n-1536x1288.jpg 1536w, https:\/\/powiatwwl.pl\/wp-content\/uploads\/2026\/03\/653822320_1258863389690790_6240199243683302434_n.jpg 2048w\" sizes=\"auto, (max-width: 1024px) 100vw, 1024px\" \/><\/figure>\n<\/div>\n\n\n<p><a href=\"https:\/\/www.facebook.com\/KomendaPowiatowaPSPWolomin?__cft__[0]=AZbq2yVrX3z8HMSkN89t2mQORGGRJQiqPMvseRStpqfUZ_hA20aWry0j9j9p-aPCHQXRs6giIeAia0UsqVhpyx1lkVJnZTFWUi31Hh2vIeo6TWGjcIEq4COgOovjZqJVranLoX4WckuaLDg-ZMTJqkvx&amp;__tn__=-]K-R\">Komenda Powiatowa Pa\u0144stwowej Stra\u017cy Po\u017carnej w Wo\u0142ominie<\/a> otrzyma\u0142a 1,3 mln z\u0142 na bie\u017c\u0105c\u0105 dzia\u0142alno\u015b\u0107!. \u015arodki przyzna\u0142 Wojewoda Mazowiecki <a href=\"https:\/\/www.facebook.com\/profile.php?id=100064159172256&amp;__cft__[0]=AZbq2yVrX3z8HMSkN89t2mQORGGRJQiqPMvseRStpqfUZ_hA20aWry0j9j9p-aPCHQXRs6giIeAia0UsqVhpyx1lkVJnZTFWUi31Hh2vIeo6TWGjcIEq4COgOovjZqJVranLoX4WckuaLDg-ZMTJqkvx&amp;__tn__=-]K-R\">Mariusz R. Frankowski<\/a>, wspieraj\u0105c codzienn\u0105 prac\u0119 stra\u017cak\u00f3w, kt\u00f3rzy dbaj\u0105 o bezpiecze\u0144stwo naszych mieszka\u0144c\u00f3w i ochron\u0119 mienia.<\/p>\n\n\n\n<hr class=\"wp-block-separator aligncenter has-alpha-channel-opacity\"\/>\n\n\n<div class=\"wp-block-image\">\n<figure class=\"alignleft size-large is-resized\"><img loading=\"lazy\" decoding=\"async\" width=\"1024\" height=\"1024\" src=\"https:\/\/powiatwwl.pl\/wp-content\/uploads\/2026\/03\/PW-logo12-Zdjecie-profilowe-na-Facebooka-1-1024x1024.jpg\" alt=\"\" class=\"wp-image-1845\" style=\"width:109px;height:auto\" srcset=\"https:\/\/powiatwwl.pl\/wp-content\/uploads\/2026\/03\/PW-logo12-Zdjecie-profilowe-na-Facebooka-1-1024x1024.jpg 1024w, https:\/\/powiatwwl.pl\/wp-content\/uploads\/2026\/03\/PW-logo12-Zdjecie-profilowe-na-Facebooka-1-300x300.jpg 300w, https:\/\/powiatwwl.pl\/wp-content\/uploads\/2026\/03\/PW-logo12-Zdjecie-profilowe-na-Facebooka-1-150x150.jpg 150w, https:\/\/powiatwwl.pl\/wp-content\/uploads\/2026\/03\/PW-logo12-Zdjecie-profilowe-na-Facebooka-1-768x768.jpg 768w, https:\/\/powiatwwl.pl\/wp-content\/uploads\/2026\/03\/PW-logo12-Zdjecie-profilowe-na-Facebooka-1-1536x1536.jpg 1536w, https:\/\/powiatwwl.pl\/wp-content\/uploads\/2026\/03\/PW-logo12-Zdjecie-profilowe-na-Facebooka-1-80x80.jpg 80w, https:\/\/powiatwwl.pl\/wp-content\/uploads\/2026\/03\/PW-logo12-Zdjecie-profilowe-na-Facebooka-1-320x320.jpg 320w, https:\/\/powiatwwl.pl\/wp-content\/uploads\/2026\/03\/PW-logo12-Zdjecie-profilowe-na-Facebooka-1.jpg 2048w\" sizes=\"auto, (max-width: 1024px) 100vw, 1024px\" \/><\/figure>\n<\/div>\n\n\n<h2 class=\"wp-block-heading\"><strong><a href=\"https:\/\/www.facebook.com\/starostaWerelich\">Arkadiusz WERELICH<\/a><\/strong><\/h2>\n\n\n\n<p><\/p>\n","protected":false},"excerpt":{"rendered":"<p>Komenda Powiatowa Pa\u0144stwowej Stra\u017cy Po\u017carnej w Wo\u0142ominie otrzyma\u0142a 1,3 mln z\u0142 na bie\u017c\u0105c\u0105 dzia\u0142alno\u015b\u0107!. \u015arodki przyzna\u0142 Wojewoda Mazowiecki Mariusz R. Frankowski, wspieraj\u0105c codzienn\u0105 prac\u0119 stra\u017cak\u00f3w, kt\u00f3rzy dbaj\u0105 o bezpiecze\u0144stwo naszych mieszka\u0144c\u00f3w i ochron\u0119 mienia.<\/p>\n","protected":false},"author":1,"featured_media":2145,"comment_status":"open","ping_status":"open","sticky":false,"template":"","format":"standard","meta":{"footnotes":""},"categories":[1],"tags":[],"class_list":["post-2144","post","type-post","status-publish","format-standard","has-post-thumbnail","hentry","category-aktualnosci"],"_links":{"self":[{"href":"https:\/\/powiatwwl.pl\/index.php?rest_route=\/wp\/v2\/posts\/2144","targetHints":{"allow":["GET"]}}],"collection":[{"href":"https:\/\/powiatwwl.pl\/index.php?rest_route=\/wp\/v2\/posts"}],"about":[{"href":"https:\/\/powiatwwl.pl\/index.php?rest_route=\/wp\/v2\/types\/post"}],"author":[{"embeddable":true,"href":"https:\/\/powiatwwl.pl\/index.php?rest_route=\/wp\/v2\/users\/1"}],"replies":[{"embeddable":true,"href":"https:\/\/powiatwwl.pl\/index.php?rest_route=%2Fwp%2Fv2%2Fcomments&post=2144"}],"version-history":[{"count":4,"href":"https:\/\/powiatwwl.pl\/index.php?rest_route=\/wp\/v2\/posts\/2144\/revisions"}],"predecessor-version":[{"id":2150,"href":"https:\/\/powiatwwl.pl\/index.php?rest_route=\/wp\/v2\/posts\/2144\/revisions\/2150"}],"wp:featuredmedia":[{"embeddable":true,"href":"https:\/\/powiatwwl.pl\/index.php?rest_route=\/wp\/v2\/media\/2145"}],"wp:attachment":[{"href":"https:\/\/powiatwwl.pl\/index.php?rest_route=%2Fwp%2Fv2%2Fmedia&parent=2144"}],"wp:term":[{"taxonomy":"category","embeddable":true,"href":"https:\/\/powiatwwl.pl\/index.php?rest_route=%2Fwp%2Fv2%2Fcategories&post=2144"},{"taxonomy":"post_tag","embeddable":true,"href":"https:\/\/powiatwwl.pl\/index.php?rest_route=%2Fwp%2Fv2%2Ftags&post=2144"}],"curies":[{"name":"wp","href":"https:\/\/api.w.org\/{rel}","templated":true}]}}