{"id":2158,"date":"2026-03-18T08:40:04","date_gmt":"2026-03-18T07:40:04","guid":{"rendered":"http:\/\/powiatwwl.pl\/?p=2158"},"modified":"2026-03-18T08:45:28","modified_gmt":"2026-03-18T07:45:28","slug":"marszalek-adam-struzik-odwiedzil-powiat-wolominski","status":"publish","type":"post","link":"https:\/\/powiatwwl.pl\/?p=2158","title":{"rendered":"Marsza\u0142ek Adam Struzik odwiedzi\u0142 Powiat Wo\u0142omi\u0144ski"},"content":{"rendered":"<div class=\"wp-block-image\">\n<figure class=\"aligncenter size-large is-resized\"><img loading=\"lazy\" decoding=\"async\" width=\"1024\" height=\"697\" src=\"https:\/\/powiatwwl.pl\/wp-content\/uploads\/2026\/03\/653907158_1486839080113013_1914978864413854715_n-1024x697.jpg\" alt=\"\" class=\"wp-image-2160\" style=\"aspect-ratio:1.469196969017621;width:662px;height:auto\" srcset=\"https:\/\/powiatwwl.pl\/wp-content\/uploads\/2026\/03\/653907158_1486839080113013_1914978864413854715_n-1024x697.jpg 1024w, https:\/\/powiatwwl.pl\/wp-content\/uploads\/2026\/03\/653907158_1486839080113013_1914978864413854715_n-300x204.jpg 300w, https:\/\/powiatwwl.pl\/wp-content\/uploads\/2026\/03\/653907158_1486839080113013_1914978864413854715_n-768x523.jpg 768w, https:\/\/powiatwwl.pl\/wp-content\/uploads\/2026\/03\/653907158_1486839080113013_1914978864413854715_n-1536x1046.jpg 1536w, https:\/\/powiatwwl.pl\/wp-content\/uploads\/2026\/03\/653907158_1486839080113013_1914978864413854715_n.jpg 2048w\" sizes=\"auto, (max-width: 1024px) 100vw, 1024px\" \/><\/figure>\n<\/div>\n\n\n<p>W naszym powiecie go\u015bcili\u015bmy Marsza\u0142ka Wojew\u00f3dztwa Mazowieckiego <a href=\"https:\/\/www.facebook.com\/struzikadam?__cft__[0]=AZZOiOkVlU4rrplu25sq2Tg9TW4XjUGZyX2hMIRFJ77J3VSwtGVhPUTMWUc0Iv3WB01vhDIeC6uSaLVe36S0TC9RsdYQP4YtG5li0FtXHr1rYhoO9_8gMA0U_ySOy9Xaie4HfdqmEzL6rUCQyIaMn-oDFcg0B-hVpA4_zNkeilJXs8nsGmzYg7CjAgVy0XAeiOMe-BsgrIcfJyjxhCALYQqd&amp;__tn__=-]K-R\">Adam Struzik<\/a> oraz Radnego Sejmiku <a href=\"https:\/\/www.facebook.com\/grzegorz.benedykcinski55?__cft__[0]=AZZOiOkVlU4rrplu25sq2Tg9TW4XjUGZyX2hMIRFJ77J3VSwtGVhPUTMWUc0Iv3WB01vhDIeC6uSaLVe36S0TC9RsdYQP4YtG5li0FtXHr1rYhoO9_8gMA0U_ySOy9Xaie4HfdqmEzL6rUCQyIaMn-oDFcg0B-hVpA4_zNkeilJXs8nsGmzYg7CjAgVy0XAeiOMe-BsgrIcfJyjxhCALYQqd&amp;__tn__=-]K-R\">Grzegorz Benedykci\u0144ski<\/a>, Przewodnicz\u0105cego Komisji Strategii Rozwoju Regionalnego i Zagospodarowania Przestrzennego. Rozmawiali\u015bmy o najwa\u017cniejszych powiatowych inwestycjach. Wsp\u00f3lnie z Dyrektorem <a href=\"https:\/\/www.facebook.com\/szpitalwolomin?__cft__[0]=AZZOiOkVlU4rrplu25sq2Tg9TW4XjUGZyX2hMIRFJ77J3VSwtGVhPUTMWUc0Iv3WB01vhDIeC6uSaLVe36S0TC9RsdYQP4YtG5li0FtXHr1rYhoO9_8gMA0U_ySOy9Xaie4HfdqmEzL6rUCQyIaMn-oDFcg0B-hVpA4_zNkeilJXs8nsGmzYg7CjAgVy0XAeiOMe-BsgrIcfJyjxhCALYQqd&amp;__tn__=-]K-R\">Szpital Matki Bo\u017cej Nieustaj\u0105cej Pomocy w Wo\u0142ominie<\/a> przygl\u0105dali\u015bmy si\u0119 post\u0119powi prac zwi\u0105zanych z budow\u0105 nowoczesnego SOR -u i Zak\u0142adu Diagnostyki Obrazowej, miejsc kt\u00f3re ju\u017c za kilka miesi\u0119cy zapewni\u0105 szybsz\u0105 i skuteczniejsz\u0105 pomoc naszym mieszka\u0144com. Zajrzeli\u015bmy r\u00f3wnie\u017c na doln\u0105 kondygnacj\u0119 budynku Starostwa, gdzie trwaj\u0105 ko\u0144cowe prace remontowe (przebudowa). Te dzia\u0142ania prowadzimy przy wsparciu finansowym z poziomu <a href=\"https:\/\/www.facebook.com\/hashtag\/mazowsze?__eep__=6&amp;__cft__[0]=AZZOiOkVlU4rrplu25sq2Tg9TW4XjUGZyX2hMIRFJ77J3VSwtGVhPUTMWUc0Iv3WB01vhDIeC6uSaLVe36S0TC9RsdYQP4YtG5li0FtXHr1rYhoO9_8gMA0U_ySOy9Xaie4HfdqmEzL6rUCQyIaMn-oDFcg0B-hVpA4_zNkeilJXs8nsGmzYg7CjAgVy0XAeiOMe-BsgrIcfJyjxhCALYQqd&amp;__tn__=*NK-R\">#Mazowsze<\/a>.Dzi\u0119kujemy za dotychczasow\u0105 bardzo dobr\u0105 wsp\u00f3\u0142prac\u0119 i deklaracj\u0119 dalszego wsparcia. \/AW\/<\/p>\n\n\n<div class=\"wp-block-image\">\n<figure class=\"aligncenter size-large is-resized\"><img loading=\"lazy\" decoding=\"async\" width=\"1024\" height=\"726\" src=\"https:\/\/powiatwwl.pl\/wp-content\/uploads\/2026\/03\/654206664_1486838806779707_9101420439758726773_n-1024x726.jpg\" alt=\"\" class=\"wp-image-2161\" style=\"aspect-ratio:1.4104771538643652;width:659px;height:auto\" srcset=\"https:\/\/powiatwwl.pl\/wp-content\/uploads\/2026\/03\/654206664_1486838806779707_9101420439758726773_n-1024x726.jpg 1024w, https:\/\/powiatwwl.pl\/wp-content\/uploads\/2026\/03\/654206664_1486838806779707_9101420439758726773_n-300x213.jpg 300w, https:\/\/powiatwwl.pl\/wp-content\/uploads\/2026\/03\/654206664_1486838806779707_9101420439758726773_n-768x544.jpg 768w, https:\/\/powiatwwl.pl\/wp-content\/uploads\/2026\/03\/654206664_1486838806779707_9101420439758726773_n-1536x1088.jpg 1536w, https:\/\/powiatwwl.pl\/wp-content\/uploads\/2026\/03\/654206664_1486838806779707_9101420439758726773_n.jpg 2048w\" sizes=\"auto, (max-width: 1024px) 100vw, 1024px\" \/><\/figure>\n<\/div>\n\n<div class=\"wp-block-image\">\n<figure class=\"aligncenter size-large is-resized\"><img loading=\"lazy\" decoding=\"async\" width=\"1024\" height=\"829\" src=\"https:\/\/powiatwwl.pl\/wp-content\/uploads\/2026\/03\/654199752_1486838726779715_8734637149212446151_n-1024x829.jpg\" alt=\"\" class=\"wp-image-2162\" style=\"aspect-ratio:1.23522759400622;width:659px;height:auto\" srcset=\"https:\/\/powiatwwl.pl\/wp-content\/uploads\/2026\/03\/654199752_1486838726779715_8734637149212446151_n-1024x829.jpg 1024w, https:\/\/powiatwwl.pl\/wp-content\/uploads\/2026\/03\/654199752_1486838726779715_8734637149212446151_n-300x243.jpg 300w, https:\/\/powiatwwl.pl\/wp-content\/uploads\/2026\/03\/654199752_1486838726779715_8734637149212446151_n-768x622.jpg 768w, https:\/\/powiatwwl.pl\/wp-content\/uploads\/2026\/03\/654199752_1486838726779715_8734637149212446151_n-1536x1244.jpg 1536w, https:\/\/powiatwwl.pl\/wp-content\/uploads\/2026\/03\/654199752_1486838726779715_8734637149212446151_n.jpg 2048w\" sizes=\"auto, (max-width: 1024px) 100vw, 1024px\" \/><\/figure>\n<\/div>\n\n\n<hr class=\"wp-block-separator has-alpha-channel-opacity\"\/>\n\n\n<div class=\"wp-block-image\">\n<figure class=\"alignleft size-large is-resized\"><img loading=\"lazy\" decoding=\"async\" width=\"1024\" height=\"1024\" src=\"https:\/\/powiatwwl.pl\/wp-content\/uploads\/2026\/03\/PW-logo12-Zdjecie-profilowe-na-Facebooka-1-1024x1024.jpg\" alt=\"\" class=\"wp-image-1845\" style=\"width:110px;height:auto\" srcset=\"https:\/\/powiatwwl.pl\/wp-content\/uploads\/2026\/03\/PW-logo12-Zdjecie-profilowe-na-Facebooka-1-1024x1024.jpg 1024w, https:\/\/powiatwwl.pl\/wp-content\/uploads\/2026\/03\/PW-logo12-Zdjecie-profilowe-na-Facebooka-1-300x300.jpg 300w, https:\/\/powiatwwl.pl\/wp-content\/uploads\/2026\/03\/PW-logo12-Zdjecie-profilowe-na-Facebooka-1-150x150.jpg 150w, https:\/\/powiatwwl.pl\/wp-content\/uploads\/2026\/03\/PW-logo12-Zdjecie-profilowe-na-Facebooka-1-768x768.jpg 768w, https:\/\/powiatwwl.pl\/wp-content\/uploads\/2026\/03\/PW-logo12-Zdjecie-profilowe-na-Facebooka-1-1536x1536.jpg 1536w, https:\/\/powiatwwl.pl\/wp-content\/uploads\/2026\/03\/PW-logo12-Zdjecie-profilowe-na-Facebooka-1-80x80.jpg 80w, https:\/\/powiatwwl.pl\/wp-content\/uploads\/2026\/03\/PW-logo12-Zdjecie-profilowe-na-Facebooka-1-320x320.jpg 320w, https:\/\/powiatwwl.pl\/wp-content\/uploads\/2026\/03\/PW-logo12-Zdjecie-profilowe-na-Facebooka-1.jpg 2048w\" sizes=\"auto, (max-width: 1024px) 100vw, 1024px\" \/><\/figure>\n<\/div>\n\n\n<h2 class=\"wp-block-heading\"><strong><a href=\"https:\/\/www.facebook.com\/starostaWerelich\">Arkadiusz WERELICH<\/a><\/strong><\/h2>\n\n\n\n<p><\/p>\n","protected":false},"excerpt":{"rendered":"<p>W naszym powiecie go\u015bcili\u015bmy Marsza\u0142ka Wojew\u00f3dztwa Mazowieckiego Adam Struzik oraz Radnego Sejmiku Grzegorz Benedykci\u0144skiego, Przewodnicz\u0105cego Komisji Strategii Rozwoju Regionalnego i Zagospodarowania Przestrzennego. Rozmawiali\u015bmy o najwa\u017cniejszych powiatowych inwestycjach. Wsp\u00f3lnie z Dyrektorem Szpitala Matki Bo\u017cej Nieustaj\u0105cej Pomocy w Wo\u0142ominie przygl\u0105dali\u015bmy si\u0119 post\u0119powi prac zwi\u0105zanych z budow\u0105 nowoczesnego SOR -u i Zak\u0142adu Diagnostyki Obrazowej,&#8230;<\/p>\n","protected":false},"author":1,"featured_media":2159,"comment_status":"open","ping_status":"open","sticky":false,"template":"","format":"standard","meta":{"footnotes":""},"categories":[1],"tags":[],"class_list":["post-2158","post","type-post","status-publish","format-standard","has-post-thumbnail","hentry","category-aktualnosci"],"_links":{"self":[{"href":"https:\/\/powiatwwl.pl\/index.php?rest_route=\/wp\/v2\/posts\/2158","targetHints":{"allow":["GET"]}}],"collection":[{"href":"https:\/\/powiatwwl.pl\/index.php?rest_route=\/wp\/v2\/posts"}],"about":[{"href":"https:\/\/powiatwwl.pl\/index.php?rest_route=\/wp\/v2\/types\/post"}],"author":[{"embeddable":true,"href":"https:\/\/powiatwwl.pl\/index.php?rest_route=\/wp\/v2\/users\/1"}],"replies":[{"embeddable":true,"href":"https:\/\/powiatwwl.pl\/index.php?rest_route=%2Fwp%2Fv2%2Fcomments&post=2158"}],"version-history":[{"count":2,"href":"https:\/\/powiatwwl.pl\/index.php?rest_route=\/wp\/v2\/posts\/2158\/revisions"}],"predecessor-version":[{"id":2164,"href":"https:\/\/powiatwwl.pl\/index.php?rest_route=\/wp\/v2\/posts\/2158\/revisions\/2164"}],"wp:featuredmedia":[{"embeddable":true,"href":"https:\/\/powiatwwl.pl\/index.php?rest_route=\/wp\/v2\/media\/2159"}],"wp:attachment":[{"href":"https:\/\/powiatwwl.pl\/index.php?rest_route=%2Fwp%2Fv2%2Fmedia&parent=2158"}],"wp:term":[{"taxonomy":"category","embeddable":true,"href":"https:\/\/powiatwwl.pl\/index.php?rest_route=%2Fwp%2Fv2%2Fcategories&post=2158"},{"taxonomy":"post_tag","embeddable":true,"href":"https:\/\/powiatwwl.pl\/index.php?rest_route=%2Fwp%2Fv2%2Ftags&post=2158"}],"curies":[{"name":"wp","href":"https:\/\/api.w.org\/{rel}","templated":true}]}}