{"id":2173,"date":"2026-03-18T09:10:56","date_gmt":"2026-03-18T08:10:56","guid":{"rendered":"http:\/\/powiatwwl.pl\/?p=2173"},"modified":"2026-03-18T09:20:32","modified_gmt":"2026-03-18T08:20:32","slug":"bez-cenzury-zawiadomic-poczta-polecona-prezydenta-rp","status":"publish","type":"post","link":"https:\/\/powiatwwl.pl\/?p=2173","title":{"rendered":"Warto wiedzie\u0107: &#8222;Zawiadomi\u0107 poczt\u0105 polecon\u0105 Prezydenta RP&#8221;"},"content":{"rendered":"<div class=\"wp-block-image\">\n<figure class=\"aligncenter size-full\"><img loading=\"lazy\" decoding=\"async\" width=\"843\" height=\"527\" src=\"https:\/\/powiatwwl.pl\/wp-content\/uploads\/2026\/03\/653680254_2887671911584777_7276978706491114764_n.jpg\" alt=\"\" class=\"wp-image-2174\" srcset=\"https:\/\/powiatwwl.pl\/wp-content\/uploads\/2026\/03\/653680254_2887671911584777_7276978706491114764_n.jpg 843w, https:\/\/powiatwwl.pl\/wp-content\/uploads\/2026\/03\/653680254_2887671911584777_7276978706491114764_n-300x188.jpg 300w, https:\/\/powiatwwl.pl\/wp-content\/uploads\/2026\/03\/653680254_2887671911584777_7276978706491114764_n-768x480.jpg 768w\" sizes=\"auto, (max-width: 843px) 100vw, 843px\" \/><\/figure>\n<\/div>\n\n\n<p><strong>W\u0142odzimierz Wr\u00f3bel<\/strong>, profesor prawa Uniwersytetu Jagiello\u0144skiego, jeden z najlepszych polskich i europejskich prawnik\u00f3w powiedzia\u0142, \u017ce &#8222;\u015blubowanie s\u0119dzi\u00f3w wybranych do Trybuna\u0142u Konstytucyjnego przed Prezydentem to zwyczaj a nie wym\u00f3g prawa konstytucyjnego. Natomiast odmowa przyj\u0119cia \u015blubowania przez Prezydenta zgodnie z art. 144 ust. 2 Konstytucji wymaga kontrasygnaty Prezesa Rady Ministr\u00f3w.<\/p>\n\n\n\n<p>Zgodnie z ustrojem Polski, na kt\u00f3ry um\u00f3wili\u015bmy si\u0119 w Konstytucji z 1997 Prezydent jest przedstawicielem w\u0142adzy wykonawczej, a Trybuna\u0142 Konstytucyjny organem w\u0142adzy sadowniczej. Chodzi o tr\u00f3jpodzia\u0142 w\u0142adzy ustawodawczej, wykonawczej i sadowniczej jako podstawy demokratycznego pa\u0144stwa prawa. Prezydent, Premier, Sejm, Senat nie maja w\u0142adzy nad niezale\u017cnym sadownictwem! Przyjmowanie przez Prezydenta \u015blubowania od mianowanych s\u0119dzi\u00f3w to zwyczaj i kurtuazja wynikaj\u0105ca z tradycji, gdy kr\u00f3l wyznacza\u0142 s\u0119dzi\u00f3w, by uroczysto\u015bci nadania urz\u0119dnikowi w\u0142adzy sadowej doda\u0107 splendoru i donios\u0142o\u015bci.<\/p>\n\n\n\n<p>Je\u017celi Karol Nawrocki nie przyjmie \u015blubowania od legalnie wybranych przez Sejm RP s\u0119dzi\u00f3w Trybuna\u0142u Konstytucyjnego nale\u017cy zawiadomi\u0107 go np. <strong>poczt\u0105 polecon\u0105 o dokonanym wyborze&#8230;<\/strong> Przywr\u00f3cenie niezale\u017cno\u015bci Trybuna\u0142u Konstytucyjnego, Krajowej Rady Sadownictwa, Sadu Najwy\u017cszego, likwidacja IKNiSP, powr\u00f3t neos\u0119dzi\u00f3w na poprzednio zajmowane stanowiska to podstawa naprawy ustroju Polski&#8230; <strong><em> \/\u017ar\u00f3d\u0142o, foto FB\/<\/em><\/strong><\/p>\n\n\n\n<hr class=\"wp-block-separator aligncenter has-alpha-channel-opacity\"\/>\n","protected":false},"excerpt":{"rendered":"<p>W\u0142odzimierz Wr\u00f3bel, profesor prawa Uniwersytetu Jagiello\u0144skiego, jeden z najlepszych polskich i europejskich prawnik\u00f3w powiedzia\u0142, \u017ce &#8222;\u015blubowanie s\u0119dzi\u00f3w wybranych do Trybuna\u0142u Konstytucyjnego przed Prezydentem to zwyczaj a nie wym\u00f3g prawa konstytucyjnego. Natomiast odmowa przyj\u0119cia \u015blubowania przez Prezydenta zgodnie z art. 144 ust. 2 Konstytucji wymaga kontrasygnaty Prezesa Rady Ministr\u00f3w&#8230;<\/p>\n","protected":false},"author":1,"featured_media":2174,"comment_status":"open","ping_status":"open","sticky":false,"template":"","format":"standard","meta":{"footnotes":""},"categories":[1],"tags":[],"class_list":["post-2173","post","type-post","status-publish","format-standard","has-post-thumbnail","hentry","category-aktualnosci"],"_links":{"self":[{"href":"https:\/\/powiatwwl.pl\/index.php?rest_route=\/wp\/v2\/posts\/2173","targetHints":{"allow":["GET"]}}],"collection":[{"href":"https:\/\/powiatwwl.pl\/index.php?rest_route=\/wp\/v2\/posts"}],"about":[{"href":"https:\/\/powiatwwl.pl\/index.php?rest_route=\/wp\/v2\/types\/post"}],"author":[{"embeddable":true,"href":"https:\/\/powiatwwl.pl\/index.php?rest_route=\/wp\/v2\/users\/1"}],"replies":[{"embeddable":true,"href":"https:\/\/powiatwwl.pl\/index.php?rest_route=%2Fwp%2Fv2%2Fcomments&post=2173"}],"version-history":[{"count":3,"href":"https:\/\/powiatwwl.pl\/index.php?rest_route=\/wp\/v2\/posts\/2173\/revisions"}],"predecessor-version":[{"id":2178,"href":"https:\/\/powiatwwl.pl\/index.php?rest_route=\/wp\/v2\/posts\/2173\/revisions\/2178"}],"wp:featuredmedia":[{"embeddable":true,"href":"https:\/\/powiatwwl.pl\/index.php?rest_route=\/wp\/v2\/media\/2174"}],"wp:attachment":[{"href":"https:\/\/powiatwwl.pl\/index.php?rest_route=%2Fwp%2Fv2%2Fmedia&parent=2173"}],"wp:term":[{"taxonomy":"category","embeddable":true,"href":"https:\/\/powiatwwl.pl\/index.php?rest_route=%2Fwp%2Fv2%2Fcategories&post=2173"},{"taxonomy":"post_tag","embeddable":true,"href":"https:\/\/powiatwwl.pl\/index.php?rest_route=%2Fwp%2Fv2%2Ftags&post=2173"}],"curies":[{"name":"wp","href":"https:\/\/api.w.org\/{rel}","templated":true}]}}