{"id":2195,"date":"2026-03-19T08:56:50","date_gmt":"2026-03-19T07:56:50","guid":{"rendered":"http:\/\/powiatwwl.pl\/?p=2195"},"modified":"2026-03-19T08:57:18","modified_gmt":"2026-03-19T07:57:18","slug":"wielkanocny-catering-premium-tekst-promocyjny","status":"publish","type":"post","link":"https:\/\/powiatwwl.pl\/?p=2195","title":{"rendered":"Wielkanocny Catering Premium \/Tekst Promocyjny\/"},"content":{"rendered":"<div class=\"wp-block-image\">\n<figure class=\"aligncenter size-large\"><img loading=\"lazy\" decoding=\"async\" width=\"1024\" height=\"536\" src=\"https:\/\/powiatwwl.pl\/wp-content\/uploads\/2026\/03\/Kalendarz-4-1-1024x536.jpg\" alt=\"\" class=\"wp-image-2196\" srcset=\"https:\/\/powiatwwl.pl\/wp-content\/uploads\/2026\/03\/Kalendarz-4-1-1024x536.jpg 1024w, https:\/\/powiatwwl.pl\/wp-content\/uploads\/2026\/03\/Kalendarz-4-1-300x157.jpg 300w, https:\/\/powiatwwl.pl\/wp-content\/uploads\/2026\/03\/Kalendarz-4-1-768x402.jpg 768w, https:\/\/powiatwwl.pl\/wp-content\/uploads\/2026\/03\/Kalendarz-4-1.jpg 1200w\" sizes=\"auto, (max-width: 1024px) 100vw, 1024px\" \/><\/figure>\n<\/div>\n\n\n<p>To ju\u017c ostatnia chwila by zam\u00f3wi\u0107 wszechstronny, smaczny i obfity catering na tzw. &#8222;Jajeczko&#8221;. Zapraszamy serdecznie biura, biznes, urz\u0119dy instytucje publiczne i prywatne. Zam\u00f3wienia tel. 530 957 784, 696 420 230.<\/p>\n\n\n\n<hr class=\"wp-block-separator aligncenter has-alpha-channel-opacity\"\/>\n\n\n<div class=\"wp-block-image\">\n<figure class=\"alignleft size-full is-resized\"><img loading=\"lazy\" decoding=\"async\" width=\"140\" height=\"145\" src=\"https:\/\/powiatwwl.pl\/wp-content\/uploads\/2026\/02\/logo-1-140x145-1.jpg\" alt=\"\" class=\"wp-image-131\" style=\"width:110px;height:auto\"\/><\/figure>\n<\/div>\n\n\n<h2 class=\"wp-block-heading\"><strong><a href=\"https:\/\/www.facebook.com\/salauartura\">SALA u ARTURA<\/a><\/strong><\/h2>\n\n\n\n<p><\/p>\n","protected":false},"excerpt":{"rendered":"<p>To ju\u017c ostatnia chwila by zam\u00f3wi\u0107 wszechstronny, smaczny i obfity catering na tzw. &#8222;Jajeczko&#8221;. Zapraszamy serdecznie biura, biznes, urz\u0119dy instytucje publiczne i prywatne. Zam\u00f3wienia tel. 530 957 784, 696 420 230.<\/p>\n","protected":false},"author":1,"featured_media":2196,"comment_status":"open","ping_status":"open","sticky":false,"template":"","format":"standard","meta":{"footnotes":""},"categories":[1],"tags":[],"class_list":["post-2195","post","type-post","status-publish","format-standard","has-post-thumbnail","hentry","category-aktualnosci"],"_links":{"self":[{"href":"https:\/\/powiatwwl.pl\/index.php?rest_route=\/wp\/v2\/posts\/2195","targetHints":{"allow":["GET"]}}],"collection":[{"href":"https:\/\/powiatwwl.pl\/index.php?rest_route=\/wp\/v2\/posts"}],"about":[{"href":"https:\/\/powiatwwl.pl\/index.php?rest_route=\/wp\/v2\/types\/post"}],"author":[{"embeddable":true,"href":"https:\/\/powiatwwl.pl\/index.php?rest_route=\/wp\/v2\/users\/1"}],"replies":[{"embeddable":true,"href":"https:\/\/powiatwwl.pl\/index.php?rest_route=%2Fwp%2Fv2%2Fcomments&post=2195"}],"version-history":[{"count":2,"href":"https:\/\/powiatwwl.pl\/index.php?rest_route=\/wp\/v2\/posts\/2195\/revisions"}],"predecessor-version":[{"id":2198,"href":"https:\/\/powiatwwl.pl\/index.php?rest_route=\/wp\/v2\/posts\/2195\/revisions\/2198"}],"wp:featuredmedia":[{"embeddable":true,"href":"https:\/\/powiatwwl.pl\/index.php?rest_route=\/wp\/v2\/media\/2196"}],"wp:attachment":[{"href":"https:\/\/powiatwwl.pl\/index.php?rest_route=%2Fwp%2Fv2%2Fmedia&parent=2195"}],"wp:term":[{"taxonomy":"category","embeddable":true,"href":"https:\/\/powiatwwl.pl\/index.php?rest_route=%2Fwp%2Fv2%2Fcategories&post=2195"},{"taxonomy":"post_tag","embeddable":true,"href":"https:\/\/powiatwwl.pl\/index.php?rest_route=%2Fwp%2Fv2%2Ftags&post=2195"}],"curies":[{"name":"wp","href":"https:\/\/api.w.org\/{rel}","templated":true}]}}