{"id":2200,"date":"2026-03-19T09:42:23","date_gmt":"2026-03-19T08:42:23","guid":{"rendered":"http:\/\/powiatwwl.pl\/?p=2200"},"modified":"2026-03-19T09:42:25","modified_gmt":"2026-03-19T08:42:25","slug":"warto-wiedziec-ptakomat-w-warszawie","status":"publish","type":"post","link":"https:\/\/powiatwwl.pl\/?p=2200","title":{"rendered":"Warto wiedzie\u0107: PTAKOMAT w Warszawie"},"content":{"rendered":"<div class=\"wp-block-image\">\n<figure class=\"aligncenter size-large is-resized\"><img loading=\"lazy\" decoding=\"async\" width=\"819\" height=\"1024\" src=\"https:\/\/powiatwwl.pl\/wp-content\/uploads\/2026\/03\/651586451_1393301812823952_3716131478108606669_n-819x1024.jpg\" alt=\"\" class=\"wp-image-2202\" style=\"aspect-ratio:0.7998138370921964;width:435px;height:auto\" srcset=\"https:\/\/powiatwwl.pl\/wp-content\/uploads\/2026\/03\/651586451_1393301812823952_3716131478108606669_n-819x1024.jpg 819w, https:\/\/powiatwwl.pl\/wp-content\/uploads\/2026\/03\/651586451_1393301812823952_3716131478108606669_n-240x300.jpg 240w, https:\/\/powiatwwl.pl\/wp-content\/uploads\/2026\/03\/651586451_1393301812823952_3716131478108606669_n-768x960.jpg 768w, https:\/\/powiatwwl.pl\/wp-content\/uploads\/2026\/03\/651586451_1393301812823952_3716131478108606669_n.jpg 1080w\" sizes=\"auto, (max-width: 819px) 100vw, 819px\" \/><\/figure>\n<\/div>\n\n\n<p>Przy\u00a0<a href=\"https:\/\/www.facebook.com\/WarszawskieZOO?__cft__[0]=AZZWg7PMcQ9OU12XLE3jsoT383WUQE9kEyI0h0MzLZJ5LaOxqgFGoU_HhabaDIbQUQm9Rqi1EPHwvGvvuvd7JTYRYuBUrQqphH5MVlqB_tXeOVnEZBNSR5B8kn0UtwDfz7-jq00goFw5f-fEWRRjIusRUW259yaiNR7txiz4QBdl8J0B2MY9RK-oL60OvHwBmGdS_7k4iO8nVsRq-FQIlxFe0bFAMUhMCx8lA1j377UiKZc8qiMxpeOZoFPZrEzBbL8&amp;__tn__=-]K*F\">Warszawskie ZOO<\/a>\u00a0dzia\u0142a ju\u017c ca\u0142odobowy ptasi punkt przyj\u0119\u0107, do kt\u00f3rego mieszka\u0144cy mog\u0105 przynosi\u0107 ptaki po wypadkach i urazach. Punkt prowadzi o\u015brodek rehabilitacji &#8222;Ptasi Azyl&#8221;.Sk\u0105d nazwa \u201cptakomat\u201d?\u00a0To pawilon, kt\u00f3ry dzia\u0142a dwustronnie. Mieszkaniec mo\u017ce bezpiecznie w\u0142o\u017cy\u0107 ptaka do boksa, a z drugiej strony pracownik Azylu wyjmuje pacjenta i przyst\u0119puje do jego leczenia. Cieszymy si\u0119, \u017ce Ptasi Azyl rozwija swoj\u0105 dzia\u0142alno\u015b\u0107 i b\u0119dzie m\u00f3g\u0142 sprawniej pomaga\u0107 chorym ptakom.\u00a0Jako Fundusze Europejskie wsparli\u015bmy kiedy\u015b powstanie obecnej bazy weterynaryjnej dla o\u015brodka i zakup sprz\u0119tu, dzi\u0119ki czemu uda\u0142o si\u0119 ju\u017c uratowa\u0107 tysi\u0105ce zwierz\u0105t.\u00a0<\/p>\n\n\n\n<hr class=\"wp-block-separator aligncenter has-alpha-channel-opacity\"\/>\n\n\n<div class=\"wp-block-image\">\n<figure class=\"alignleft size-large is-resized\"><img loading=\"lazy\" decoding=\"async\" width=\"1024\" height=\"1024\" src=\"https:\/\/powiatwwl.pl\/wp-content\/uploads\/2026\/03\/415186294_762455222594233_8767852783779268106_n-1024x1024.jpg\" alt=\"\" class=\"wp-image-2201\" style=\"width:110px;height:auto\" srcset=\"https:\/\/powiatwwl.pl\/wp-content\/uploads\/2026\/03\/415186294_762455222594233_8767852783779268106_n-1024x1024.jpg 1024w, https:\/\/powiatwwl.pl\/wp-content\/uploads\/2026\/03\/415186294_762455222594233_8767852783779268106_n-300x300.jpg 300w, https:\/\/powiatwwl.pl\/wp-content\/uploads\/2026\/03\/415186294_762455222594233_8767852783779268106_n-150x150.jpg 150w, https:\/\/powiatwwl.pl\/wp-content\/uploads\/2026\/03\/415186294_762455222594233_8767852783779268106_n-768x768.jpg 768w, https:\/\/powiatwwl.pl\/wp-content\/uploads\/2026\/03\/415186294_762455222594233_8767852783779268106_n-1536x1536.jpg 1536w, https:\/\/powiatwwl.pl\/wp-content\/uploads\/2026\/03\/415186294_762455222594233_8767852783779268106_n-80x80.jpg 80w, https:\/\/powiatwwl.pl\/wp-content\/uploads\/2026\/03\/415186294_762455222594233_8767852783779268106_n-320x320.jpg 320w, https:\/\/powiatwwl.pl\/wp-content\/uploads\/2026\/03\/415186294_762455222594233_8767852783779268106_n.jpg 1861w\" sizes=\"auto, (max-width: 1024px) 100vw, 1024px\" \/><\/figure>\n<\/div>\n\n\n<h2 class=\"wp-block-heading\"><a href=\"https:\/\/www.facebook.com\/WarszawskieZOO\">WARSZAWSKIE <strong>ZOO<\/strong><\/a><\/h2>\n\n\n\n<p><\/p>\n","protected":false},"excerpt":{"rendered":"<p>Przy\u00a0Warszawskim ZOO\u00a0dzia\u0142a ju\u017c ca\u0142odobowy ptasi punkt przyj\u0119\u0107, do kt\u00f3rego mieszka\u0144cy mog\u0105 przynosi\u0107 ptaki po wypadkach i urazach. Punkt prowadzi o\u015brodek rehabilitacji &#8222;Ptasi Azyl&#8221;.Sk\u0105d nazwa \u201cptakomat\u201d?\u00a0To pawilon, kt\u00f3ry dzia\u0142a dwustronnie. Mieszkaniec mo\u017ce bezpiecznie w\u0142o\u017cy\u0107 ptaka do boksa, a z drugiej strony pracownik Azylu wyjmuje pacjenta i przyst\u0119puje do jego leczenia. Cieszymy si\u0119, \u017ce Ptasi Azyl rozwija swoj\u0105 dzia\u0142alno\u015b\u0107 i b\u0119dzie m\u00f3g\u0142 sprawniej pomaga\u0107 chorym ptakom.<\/p>\n","protected":false},"author":1,"featured_media":2201,"comment_status":"open","ping_status":"open","sticky":false,"template":"","format":"standard","meta":{"footnotes":""},"categories":[1],"tags":[],"class_list":["post-2200","post","type-post","status-publish","format-standard","has-post-thumbnail","hentry","category-aktualnosci"],"_links":{"self":[{"href":"https:\/\/powiatwwl.pl\/index.php?rest_route=\/wp\/v2\/posts\/2200","targetHints":{"allow":["GET"]}}],"collection":[{"href":"https:\/\/powiatwwl.pl\/index.php?rest_route=\/wp\/v2\/posts"}],"about":[{"href":"https:\/\/powiatwwl.pl\/index.php?rest_route=\/wp\/v2\/types\/post"}],"author":[{"embeddable":true,"href":"https:\/\/powiatwwl.pl\/index.php?rest_route=\/wp\/v2\/users\/1"}],"replies":[{"embeddable":true,"href":"https:\/\/powiatwwl.pl\/index.php?rest_route=%2Fwp%2Fv2%2Fcomments&post=2200"}],"version-history":[{"count":1,"href":"https:\/\/powiatwwl.pl\/index.php?rest_route=\/wp\/v2\/posts\/2200\/revisions"}],"predecessor-version":[{"id":2203,"href":"https:\/\/powiatwwl.pl\/index.php?rest_route=\/wp\/v2\/posts\/2200\/revisions\/2203"}],"wp:featuredmedia":[{"embeddable":true,"href":"https:\/\/powiatwwl.pl\/index.php?rest_route=\/wp\/v2\/media\/2201"}],"wp:attachment":[{"href":"https:\/\/powiatwwl.pl\/index.php?rest_route=%2Fwp%2Fv2%2Fmedia&parent=2200"}],"wp:term":[{"taxonomy":"category","embeddable":true,"href":"https:\/\/powiatwwl.pl\/index.php?rest_route=%2Fwp%2Fv2%2Fcategories&post=2200"},{"taxonomy":"post_tag","embeddable":true,"href":"https:\/\/powiatwwl.pl\/index.php?rest_route=%2Fwp%2Fv2%2Ftags&post=2200"}],"curies":[{"name":"wp","href":"https:\/\/api.w.org\/{rel}","templated":true}]}}