{"id":2205,"date":"2026-03-19T12:05:35","date_gmt":"2026-03-19T11:05:35","guid":{"rendered":"http:\/\/powiatwwl.pl\/?p=2205"},"modified":"2026-03-19T12:05:37","modified_gmt":"2026-03-19T11:05:37","slug":"bajka-psi-ratownik-odeszla-za-teczowy-most","status":"publish","type":"post","link":"https:\/\/powiatwwl.pl\/?p=2205","title":{"rendered":"&#8222;Bajka&#8221; psi ratownik &#8211; odesz\u0142a za t\u0119czowy most"},"content":{"rendered":"<div class=\"wp-block-image\">\n<figure class=\"aligncenter size-full is-resized\"><img loading=\"lazy\" decoding=\"async\" width=\"511\" height=\"640\" src=\"https:\/\/powiatwwl.pl\/wp-content\/uploads\/2026\/03\/652814829_1401053298725602_1860268777553946442_n.jpg\" alt=\"\" class=\"wp-image-2206\" style=\"aspect-ratio:0.7984520728551199;width:355px;height:auto\" srcset=\"https:\/\/powiatwwl.pl\/wp-content\/uploads\/2026\/03\/652814829_1401053298725602_1860268777553946442_n.jpg 511w, https:\/\/powiatwwl.pl\/wp-content\/uploads\/2026\/03\/652814829_1401053298725602_1860268777553946442_n-240x300.jpg 240w\" sizes=\"auto, (max-width: 511px) 100vw, 511px\" \/><\/figure>\n<\/div>\n\n\n<p>Bajka 22.10.2012 &#8211; 17.03.2026. Na odej\u015bcie kogo\u015b bliskiego nie da si\u0119 przygotowa\u0107. Mimo, i\u017c wiadomo jak dzia\u0142a \u015bwiat zwierz\u0105t, za ka\u017cdym razem gdy przychodzi po\u017cegna\u0107 si\u0119 z kim\u015b, kto ka\u017cdego dnia nam towarzyszy\u0142, bawi\u0142, zadziwia\u0142, serce p\u0119ka, a powsta\u0142a pustka bardzo d\u0142ugo nie potrafi si\u0119 niczym wype\u0142ni\u0107. My te\u017c my\u015bleli\u015bmy, \u017ce nasza Bajeczka, niezmordowany, fantastyczny, wybitny pies ratowniczy, b\u0119dzie \u017cy\u0142a wiecznie, a jej psia emerytura b\u0119dzie us\u0142ana r\u00f3\u017cami. Lista jej dokona\u0144, kolejnych bezb\u0142\u0119dnych certyfikacji, niezliczonych akcji ratowniczych jest wyj\u0105tkowo d\u0142uga i pozostaje niedo\u015bcignionym wzorem dla wielu przewodnik\u00f3w oraz ich psich towarzyszy. Niestety dzi\u015b jest ten dzie\u0144, kiedy musimy podzieli\u0107 si\u0119 z Wami smutn\u0105 wiadomo\u015bci\u0105. Bajeczki ju\u017c z nami nie ma. Odesz\u0142a 17.03.2026. r. Do\u0142\u0105czy\u0142a do grona wybitnych psich ratownik\u00f3w odpoczywaj\u0105cych gdzie\u015b za t\u0119czowym mostem. <a href=\"https:\/\/www.facebook.com\/gprmarki?__cft__[0]=AZaXKDnCqpiYxBZId2bBDHuKG-MO12wnt0AaN_ZaYiKF1mvjSfrKvFZF7AQaCQ96f5lZgIl5Uh6GaeLbg5WvH_ZQdMIAoMxqsK5e-6uTvyJVB10M0acXwO8ZutIlp08zrkDmHDppuaE3NpLmd_MXtg37fdXK4gVYx5vTxUvGpuHDWB21Jb31rKAzOIXz6aC5lsgWtjyA_6L_G16ga-jGSK0N&amp;__tn__=-]K-R\">Grupa Poszukiwawczo-Ratownicza OSP Marki<\/a><\/p>\n\n\n\n<hr class=\"wp-block-separator has-alpha-channel-opacity\"\/>\n","protected":false},"excerpt":{"rendered":"<p>Bajka 22.10.2012 &#8211; 17.03.2026. Na odej\u015bcie kogo\u015b bliskiego nie da si\u0119 przygotowa\u0107. Mimo, i\u017c wiadomo jak dzia\u0142a \u015bwiat zwierz\u0105t, za ka\u017cdym razem gdy przychodzi po\u017cegna\u0107 si\u0119 z kim\u015b, kto ka\u017cdego dnia nam towarzyszy\u0142, bawi\u0142, zadziwia\u0142, serce p\u0119ka, a powsta\u0142a pustka bardzo d\u0142ugo nie potrafi si\u0119 niczym wype\u0142ni\u0107. My te\u017c my\u015bleli\u015bmy, \u017ce nasza Bajeczka, niezmordowany, fantastyczny, wybitny pies ratowniczy, b\u0119dzie \u017cy\u0142a wiecznie, a jej psia emerytura b\u0119dzie us\u0142ana r\u00f3\u017cami. Lista jej dokona\u0144, kolejnych bezb\u0142\u0119dnych certyfikacji, niezliczonych akcji ratowniczych jest wyj\u0105tkowo d\u0142uga i pozostaje niedo\u015bcignionym wzorem dla wielu przewodnik\u00f3w oraz ich psich towarzyszy&#8230;<\/p>\n","protected":false},"author":1,"featured_media":2206,"comment_status":"open","ping_status":"open","sticky":false,"template":"","format":"standard","meta":{"footnotes":""},"categories":[1],"tags":[],"class_list":["post-2205","post","type-post","status-publish","format-standard","has-post-thumbnail","hentry","category-aktualnosci"],"_links":{"self":[{"href":"https:\/\/powiatwwl.pl\/index.php?rest_route=\/wp\/v2\/posts\/2205","targetHints":{"allow":["GET"]}}],"collection":[{"href":"https:\/\/powiatwwl.pl\/index.php?rest_route=\/wp\/v2\/posts"}],"about":[{"href":"https:\/\/powiatwwl.pl\/index.php?rest_route=\/wp\/v2\/types\/post"}],"author":[{"embeddable":true,"href":"https:\/\/powiatwwl.pl\/index.php?rest_route=\/wp\/v2\/users\/1"}],"replies":[{"embeddable":true,"href":"https:\/\/powiatwwl.pl\/index.php?rest_route=%2Fwp%2Fv2%2Fcomments&post=2205"}],"version-history":[{"count":1,"href":"https:\/\/powiatwwl.pl\/index.php?rest_route=\/wp\/v2\/posts\/2205\/revisions"}],"predecessor-version":[{"id":2207,"href":"https:\/\/powiatwwl.pl\/index.php?rest_route=\/wp\/v2\/posts\/2205\/revisions\/2207"}],"wp:featuredmedia":[{"embeddable":true,"href":"https:\/\/powiatwwl.pl\/index.php?rest_route=\/wp\/v2\/media\/2206"}],"wp:attachment":[{"href":"https:\/\/powiatwwl.pl\/index.php?rest_route=%2Fwp%2Fv2%2Fmedia&parent=2205"}],"wp:term":[{"taxonomy":"category","embeddable":true,"href":"https:\/\/powiatwwl.pl\/index.php?rest_route=%2Fwp%2Fv2%2Fcategories&post=2205"},{"taxonomy":"post_tag","embeddable":true,"href":"https:\/\/powiatwwl.pl\/index.php?rest_route=%2Fwp%2Fv2%2Ftags&post=2205"}],"curies":[{"name":"wp","href":"https:\/\/api.w.org\/{rel}","templated":true}]}}