{"id":2212,"date":"2026-03-19T13:17:54","date_gmt":"2026-03-19T12:17:54","guid":{"rendered":"http:\/\/powiatwwl.pl\/?p=2212"},"modified":"2026-03-20T08:36:27","modified_gmt":"2026-03-20T07:36:27","slug":"wyczysc-swoj-komin","status":"publish","type":"post","link":"https:\/\/powiatwwl.pl\/?p=2212","title":{"rendered":"Zadbaj o bezpiecze\u0144stwo &#8211; &#8222;wyczy\u015b\u0107 sw\u00f3j komin&#8221;\/VIDEO\/"},"content":{"rendered":"<div class=\"wp-block-image\">\n<figure class=\"aligncenter size-large is-resized\"><img loading=\"lazy\" decoding=\"async\" width=\"1024\" height=\"703\" src=\"https:\/\/powiatwwl.pl\/wp-content\/uploads\/2026\/03\/654923420_1488177699979151_6939694293981412881_n-1024x703.jpg\" alt=\"\" class=\"wp-image-2213\" style=\"aspect-ratio:1.4566246582649864;width:642px;height:auto\" srcset=\"https:\/\/powiatwwl.pl\/wp-content\/uploads\/2026\/03\/654923420_1488177699979151_6939694293981412881_n-1024x703.jpg 1024w, https:\/\/powiatwwl.pl\/wp-content\/uploads\/2026\/03\/654923420_1488177699979151_6939694293981412881_n-300x206.jpg 300w, https:\/\/powiatwwl.pl\/wp-content\/uploads\/2026\/03\/654923420_1488177699979151_6939694293981412881_n-768x527.jpg 768w, https:\/\/powiatwwl.pl\/wp-content\/uploads\/2026\/03\/654923420_1488177699979151_6939694293981412881_n-1536x1055.jpg 1536w, https:\/\/powiatwwl.pl\/wp-content\/uploads\/2026\/03\/654923420_1488177699979151_6939694293981412881_n.jpg 2048w\" sizes=\"auto, (max-width: 1024px) 100vw, 1024px\" \/><\/figure>\n<\/div>\n\n\n<p>Tylko 20% w\u0142a\u015bcicieli dom\u00f3w robi obowi\u0105zkowe przegl\u0105dy komin\u00f3w!. Dzi\u015b, z inicjatywy Starosty Wo\u0142omi\u0144skiego, odby\u0142a si\u0119 konferencja prasowa po\u015bwi\u0119cona obowi\u0105zkowym przegl\u0105dom komin\u00f3w oraz instalacji elektrycznych w budynkach mieszkalnych. To niezwykle wa\u017cny temat, poniewa\u017c wed\u0142ug dost\u0119pnych danych tylko ok. 20% w\u0142a\u015bcicieli dom\u00f3w jednorodzinnych wykonuje wymagane przegl\u0105dy kominiarskie. W konferencji udzia\u0142 wzi\u0119li Starosta Wo\u0142omi\u0144ski Arkadiusz Werelich, Oficer Prasowy <a href=\"https:\/\/www.facebook.com\/KomendaPowiatowaPSPWolomin?__cft__[0]=AZbknSJyfjQR6eSb6QcaZuNIhM9FmIQ_8jI1SiYrTthLEdzqCUJHyl4DTKbWg-ZiUsKGAKKOlU_WOV-q5ilh_t77OobEkW3FR81D1ESfT1bLwfVWubN4KcpzChglbBLjEeDwAI9VSyvf5OypuDT4kaQbghBRUhYRNxZQg3P0uajmiAIfdlm-hB0xALwWAdhkAfbQQDLesgCyBKpWwL1wHibn&amp;__tn__=-]K-R\">Komenda Powiatowa Pa\u0144stwowej Stra\u017cy Po\u017carnej w Wo\u0142ominie<\/a> Jan Sobk\u00f3w, Prezes Warszawskiego Oddzia\u0142u Krajowej Izby Kominiarzy oraz Cz\u0142onek Zarz\u0105du G\u0142\u00f3wnego i Rzecznik Prasowy Krajowej Izby Kominiarzy Miros\u0142aw Antos, Zast\u0119pca Kierownika ds. maj\u0105tku sieciowego PGE Dystrybucja Damian Mazurkiewicz oraz Powiatowy Inspektor Budowlany Pawe\u0142 M\u0119drzycki.<\/p>\n\n\n\n<p>Wsp\u00f3lnie z Pa\u0144stwow\u0105 Stra\u017c\u0105 Po\u017carn\u0105 podejmowane s\u0105 konkretne dzia\u0142ania na rzecz bezpiecze\u0144stwa mieszka\u0144c\u00f3w: do ka\u017cdej gminy trafi\u0105 czujki dymu oraz tlenku w\u0119gla dla najbardziej potrzebuj\u0105cych mieszka\u0144c\u00f3w. Starostwo Powiatowe przeka\u017ce dodatkowe czujki dla najbardziej potrzebuj\u0105cych rodzin. Do w\u00f3jt\u00f3w i burmistrz\u00f3w gmin z terenu powiatu zosta\u0142y skierowane informacje o kampanii z pro\u015bb\u0105 o ich jak najszersze przekazanie mieszka\u0144com. Podobna pro\u015bba trafi\u0142a r\u00f3wnie\u017c do ksi\u0119\u017cy proboszcz\u00f3w parafii z naszego powiatu. W najbli\u017cszym czasie do mieszka\u0144c\u00f3w trafi\u0105 materia\u0142y informacyjne i ulotki przypominaj\u0105ce o obowi\u0105zkowych przegl\u0105dach i zasadach bezpiecze\u0144stwa.<\/p>\n\n\n\n<p>To nie jest tylko formalno\u015b\u0107, to cz\u0119sto kwestia \u017cycia i zdrowia. Warto pami\u0119ta\u0107, \u017ce obowi\u0105zkowe s\u0105:  przegl\u0105d przewod\u00f3w kominowych \u2013 co najmniej raz w roku. przegl\u0105d instalacji elektrycznej \u2013 co najmniej raz na 5 lat, w przypadku palenisk na paliwa sta\u0142e (np. w\u0119giel, drewno) \u2013 czyszczenie komin\u00f3w minimum 4 razy w roku. Uwaga! Zwracamy uwag\u0119 na tzw. \u201efa\u0142szywych kominiarzy\u201d! Zanim zlecicie przegl\u0105d, dok\u0142adnie sprawd\u017acie kwalifikacje i uprawnienia osoby, kt\u00f3r\u0105 zatrudniacie do kontroli instalacji kominowych swojego domu. Nie odk\u0142adajcie bezpiecze\u0144stwa na p\u00f3\u017aniej. To decyzje, kt\u00f3re mog\u0105 uratowa\u0107 \u017cycie.<\/p>\n\n\n\n<hr class=\"wp-block-separator has-alpha-channel-opacity\"\/>\n\n\n<div class=\"wp-block-image\">\n<figure class=\"alignleft size-large is-resized\"><img loading=\"lazy\" decoding=\"async\" width=\"1024\" height=\"1024\" src=\"https:\/\/powiatwwl.pl\/wp-content\/uploads\/2026\/03\/PW-logo12-Zdjecie-profilowe-na-Facebooka-1-1024x1024.jpg\" alt=\"\" class=\"wp-image-1845\" style=\"width:107px;height:auto\" srcset=\"https:\/\/powiatwwl.pl\/wp-content\/uploads\/2026\/03\/PW-logo12-Zdjecie-profilowe-na-Facebooka-1-1024x1024.jpg 1024w, https:\/\/powiatwwl.pl\/wp-content\/uploads\/2026\/03\/PW-logo12-Zdjecie-profilowe-na-Facebooka-1-300x300.jpg 300w, https:\/\/powiatwwl.pl\/wp-content\/uploads\/2026\/03\/PW-logo12-Zdjecie-profilowe-na-Facebooka-1-150x150.jpg 150w, https:\/\/powiatwwl.pl\/wp-content\/uploads\/2026\/03\/PW-logo12-Zdjecie-profilowe-na-Facebooka-1-768x768.jpg 768w, https:\/\/powiatwwl.pl\/wp-content\/uploads\/2026\/03\/PW-logo12-Zdjecie-profilowe-na-Facebooka-1-1536x1536.jpg 1536w, https:\/\/powiatwwl.pl\/wp-content\/uploads\/2026\/03\/PW-logo12-Zdjecie-profilowe-na-Facebooka-1-80x80.jpg 80w, https:\/\/powiatwwl.pl\/wp-content\/uploads\/2026\/03\/PW-logo12-Zdjecie-profilowe-na-Facebooka-1-320x320.jpg 320w, https:\/\/powiatwwl.pl\/wp-content\/uploads\/2026\/03\/PW-logo12-Zdjecie-profilowe-na-Facebooka-1.jpg 2048w\" sizes=\"auto, (max-width: 1024px) 100vw, 1024px\" \/><\/figure>\n<\/div>\n\n\n<h2 class=\"wp-block-heading\"><a href=\"https:\/\/www.facebook.com\/starostaWerelich\">Arkadiusz WERELICH<\/a><\/h2>\n\n\n\n<hr class=\"wp-block-separator aligncenter has-alpha-channel-opacity\"\/>\n\n\n<div class=\"wp-block-image\">\n<figure class=\"alignleft size-large is-resized\"><img loading=\"lazy\" decoding=\"async\" width=\"1024\" height=\"1024\" src=\"https:\/\/powiatwwl.pl\/wp-content\/uploads\/2026\/03\/PW-logok-Zdjecie-profilowe-na-Facebooka-6-1024x1024.jpg\" alt=\"\" class=\"wp-image-1976\" style=\"width:94px;height:auto\" srcset=\"https:\/\/powiatwwl.pl\/wp-content\/uploads\/2026\/03\/PW-logok-Zdjecie-profilowe-na-Facebooka-6-1024x1024.jpg 1024w, https:\/\/powiatwwl.pl\/wp-content\/uploads\/2026\/03\/PW-logok-Zdjecie-profilowe-na-Facebooka-6-300x300.jpg 300w, https:\/\/powiatwwl.pl\/wp-content\/uploads\/2026\/03\/PW-logok-Zdjecie-profilowe-na-Facebooka-6-150x150.jpg 150w, https:\/\/powiatwwl.pl\/wp-content\/uploads\/2026\/03\/PW-logok-Zdjecie-profilowe-na-Facebooka-6-768x768.jpg 768w, https:\/\/powiatwwl.pl\/wp-content\/uploads\/2026\/03\/PW-logok-Zdjecie-profilowe-na-Facebooka-6-80x80.jpg 80w, https:\/\/powiatwwl.pl\/wp-content\/uploads\/2026\/03\/PW-logok-Zdjecie-profilowe-na-Facebooka-6-320x320.jpg 320w, https:\/\/powiatwwl.pl\/wp-content\/uploads\/2026\/03\/PW-logok-Zdjecie-profilowe-na-Facebooka-6.jpg 1280w\" sizes=\"auto, (max-width: 1024px) 100vw, 1024px\" \/><\/figure>\n<\/div>\n\n\n<h2 class=\"wp-block-heading\"><strong><a href=\"https:\/\/www.facebook.com\/reel\/1907425779881547\">ROLKA VIDEO<\/a><\/strong><\/h2>\n","protected":false},"excerpt":{"rendered":"<p>Tylko 20% w\u0142a\u015bcicieli dom\u00f3w robi obowi\u0105zkowe przegl\u0105dy komin\u00f3w!. Dzi\u015b, z inicjatywy Starosty Wo\u0142omi\u0144skiego, odby\u0142a si\u0119 konferencja prasowa po\u015bwi\u0119cona obowi\u0105zkowym przegl\u0105dom komin\u00f3w oraz instalacji elektrycznych w budynkach mieszkalnych. To niezwykle wa\u017cny temat, poniewa\u017c wed\u0142ug dost\u0119pnych danych tylko ok. 20% w\u0142a\u015bcicieli dom\u00f3w jednorodzinnych wykonuje wymagane przegl\u0105dy kominiarskie. W konferencji udzia\u0142 wzi\u0119li Starosta Wo\u0142omi\u0144ski Arkadiusz Werelich, Oficer Prasowy Komendy Powiatowej Pa\u0144stwowej Stra\u017cy Po\u017carnej w Wo\u0142ominie Jan Sobk\u00f3w, Prezes Warszawskiego Oddzia\u0142u Krajowej Izby Kominiarzy oraz Cz\u0142onek Zarz\u0105du G\u0142\u00f3wnego i Rzecznik Prasowy Krajowej Izby Kominiarzy Miros\u0142aw Antos, Zast\u0119pca Kierownika ds. maj\u0105tku sieciowego PGE Dystrybucja Damian Mazurkiewicz oraz Powiatowy Inspektor Budowlany Pawe\u0142 M\u0119drzycki.<\/p>\n","protected":false},"author":1,"featured_media":2214,"comment_status":"open","ping_status":"open","sticky":false,"template":"","format":"standard","meta":{"footnotes":""},"categories":[1],"tags":[],"class_list":["post-2212","post","type-post","status-publish","format-standard","has-post-thumbnail","hentry","category-aktualnosci"],"_links":{"self":[{"href":"https:\/\/powiatwwl.pl\/index.php?rest_route=\/wp\/v2\/posts\/2212","targetHints":{"allow":["GET"]}}],"collection":[{"href":"https:\/\/powiatwwl.pl\/index.php?rest_route=\/wp\/v2\/posts"}],"about":[{"href":"https:\/\/powiatwwl.pl\/index.php?rest_route=\/wp\/v2\/types\/post"}],"author":[{"embeddable":true,"href":"https:\/\/powiatwwl.pl\/index.php?rest_route=\/wp\/v2\/users\/1"}],"replies":[{"embeddable":true,"href":"https:\/\/powiatwwl.pl\/index.php?rest_route=%2Fwp%2Fv2%2Fcomments&post=2212"}],"version-history":[{"count":3,"href":"https:\/\/powiatwwl.pl\/index.php?rest_route=\/wp\/v2\/posts\/2212\/revisions"}],"predecessor-version":[{"id":2243,"href":"https:\/\/powiatwwl.pl\/index.php?rest_route=\/wp\/v2\/posts\/2212\/revisions\/2243"}],"wp:featuredmedia":[{"embeddable":true,"href":"https:\/\/powiatwwl.pl\/index.php?rest_route=\/wp\/v2\/media\/2214"}],"wp:attachment":[{"href":"https:\/\/powiatwwl.pl\/index.php?rest_route=%2Fwp%2Fv2%2Fmedia&parent=2212"}],"wp:term":[{"taxonomy":"category","embeddable":true,"href":"https:\/\/powiatwwl.pl\/index.php?rest_route=%2Fwp%2Fv2%2Fcategories&post=2212"},{"taxonomy":"post_tag","embeddable":true,"href":"https:\/\/powiatwwl.pl\/index.php?rest_route=%2Fwp%2Fv2%2Ftags&post=2212"}],"curies":[{"name":"wp","href":"https:\/\/api.w.org\/{rel}","templated":true}]}}