{"id":2248,"date":"2026-03-20T08:56:56","date_gmt":"2026-03-20T07:56:56","guid":{"rendered":"http:\/\/powiatwwl.pl\/?p=2248"},"modified":"2026-03-20T08:56:57","modified_gmt":"2026-03-20T07:56:57","slug":"w-moim-kochanym-ossowie","status":"publish","type":"post","link":"https:\/\/powiatwwl.pl\/?p=2248","title":{"rendered":"W moim kochanym Ossowie"},"content":{"rendered":"<div class=\"wp-block-image\">\n<figure class=\"aligncenter size-large is-resized\"><img loading=\"lazy\" decoding=\"async\" width=\"1024\" height=\"683\" src=\"https:\/\/powiatwwl.pl\/wp-content\/uploads\/2026\/03\/653110549_1260456259531503_2762504369050042958_n-1024x683.jpg\" alt=\"\" class=\"wp-image-2249\" style=\"aspect-ratio:1.4992793575987737;width:635px;height:auto\" srcset=\"https:\/\/powiatwwl.pl\/wp-content\/uploads\/2026\/03\/653110549_1260456259531503_2762504369050042958_n-1024x683.jpg 1024w, https:\/\/powiatwwl.pl\/wp-content\/uploads\/2026\/03\/653110549_1260456259531503_2762504369050042958_n-300x200.jpg 300w, https:\/\/powiatwwl.pl\/wp-content\/uploads\/2026\/03\/653110549_1260456259531503_2762504369050042958_n-768x512.jpg 768w, https:\/\/powiatwwl.pl\/wp-content\/uploads\/2026\/03\/653110549_1260456259531503_2762504369050042958_n-1536x1024.jpg 1536w, https:\/\/powiatwwl.pl\/wp-content\/uploads\/2026\/03\/653110549_1260456259531503_2762504369050042958_n.jpg 2048w\" sizes=\"auto, (max-width: 1024px) 100vw, 1024px\" \/><\/figure>\n<\/div>\n\n\n<p>W czwartek 19 marca w OSP Oss\u00f3w odby\u0142o si\u0119 przed\u015bwi\u0105teczne spotkanie z Mieszka\u0144cami Ossowa. Na zaproszenie Pani So\u0142tys, Rady So\u0142eckiej oraz KGW Ossowianki przybyli Wicestarosta Powiatu Wo\u0142omi\u0144skiego, Burmistrz Wo\u0142omina, Przewodnicz\u0105ca Rady Miejskiej w Wo\u0142ominie, radni powiatowi, kierownik Muzeum Bitwy Warszawskiej 1920 roku, Prezes OSP Oss\u00f3w. Atmosfera tradycyjnie ciep\u0142a i rodzinna. <\/p>\n\n\n\n<p>Serdeczne podzi\u0119kowania za to wyj\u0105tkowe spotkanie dla Pani So\u0142tys Violetty BOLUK oraz ca\u0142ej &#8222;Ossowskiej Rodziny&#8221;.<\/p>\n\n\n\n<p>Z wyrazami szacunku Ma\u0142gorzata i Piotr Wyszy\u0144scy z Ossowa.<\/p>\n\n\n\n<hr class=\"wp-block-separator aligncenter has-alpha-channel-opacity\"\/>\n\n\n<div class=\"wp-block-image\">\n<figure class=\"alignleft size-large is-resized\"><img loading=\"lazy\" decoding=\"async\" width=\"1024\" height=\"1024\" src=\"https:\/\/powiatwwl.pl\/wp-content\/uploads\/2026\/03\/PW-logok-Zdjecie-profilowe-na-Facebooka-2-1024x1024.jpg\" alt=\"\" class=\"wp-image-1853\" style=\"width:109px;height:auto\" srcset=\"https:\/\/powiatwwl.pl\/wp-content\/uploads\/2026\/03\/PW-logok-Zdjecie-profilowe-na-Facebooka-2-1024x1024.jpg 1024w, https:\/\/powiatwwl.pl\/wp-content\/uploads\/2026\/03\/PW-logok-Zdjecie-profilowe-na-Facebooka-2-300x300.jpg 300w, https:\/\/powiatwwl.pl\/wp-content\/uploads\/2026\/03\/PW-logok-Zdjecie-profilowe-na-Facebooka-2-150x150.jpg 150w, https:\/\/powiatwwl.pl\/wp-content\/uploads\/2026\/03\/PW-logok-Zdjecie-profilowe-na-Facebooka-2-768x768.jpg 768w, https:\/\/powiatwwl.pl\/wp-content\/uploads\/2026\/03\/PW-logok-Zdjecie-profilowe-na-Facebooka-2-1536x1536.jpg 1536w, https:\/\/powiatwwl.pl\/wp-content\/uploads\/2026\/03\/PW-logok-Zdjecie-profilowe-na-Facebooka-2-80x80.jpg 80w, https:\/\/powiatwwl.pl\/wp-content\/uploads\/2026\/03\/PW-logok-Zdjecie-profilowe-na-Facebooka-2-320x320.jpg 320w, https:\/\/powiatwwl.pl\/wp-content\/uploads\/2026\/03\/PW-logok-Zdjecie-profilowe-na-Facebooka-2.jpg 2048w\" sizes=\"auto, (max-width: 1024px) 100vw, 1024px\" \/><\/figure>\n<\/div>\n\n\n<h2 class=\"wp-block-heading\"><strong><a href=\"http:\/\/www.wyszynskipiotr.pl\">Piotr WYSZY\u0143SKI<\/a><\/strong><\/h2>\n\n\n\n<p><\/p>\n","protected":false},"excerpt":{"rendered":"<p>W czwartek 19 marca w OSP Oss\u00f3w odby\u0142o si\u0119 przed\u015bwi\u0105teczne spotkanie z Mieszka\u0144cami Ossowa. Na zaproszenie Pani So\u0142tys, Rady So\u0142eckiej oraz KGW Ossowianki przybyli Wicestarosta Powiatu Wo\u0142omi\u0144skiego, Burmistrz Wo\u0142omina, Przewodnicz\u0105ca Rady Miejskiej w Wo\u0142ominie, radni powiatowi, kierownik Muzeum Bitwy Warszawskiej 1920 roku, Prezes OSP Oss\u00f3w. Atmosfera tradycyjnie ciep\u0142a i rodzinna&#8230;<\/p>\n","protected":false},"author":1,"featured_media":2250,"comment_status":"open","ping_status":"open","sticky":false,"template":"","format":"standard","meta":{"footnotes":""},"categories":[1],"tags":[],"class_list":["post-2248","post","type-post","status-publish","format-standard","has-post-thumbnail","hentry","category-aktualnosci"],"_links":{"self":[{"href":"https:\/\/powiatwwl.pl\/index.php?rest_route=\/wp\/v2\/posts\/2248","targetHints":{"allow":["GET"]}}],"collection":[{"href":"https:\/\/powiatwwl.pl\/index.php?rest_route=\/wp\/v2\/posts"}],"about":[{"href":"https:\/\/powiatwwl.pl\/index.php?rest_route=\/wp\/v2\/types\/post"}],"author":[{"embeddable":true,"href":"https:\/\/powiatwwl.pl\/index.php?rest_route=\/wp\/v2\/users\/1"}],"replies":[{"embeddable":true,"href":"https:\/\/powiatwwl.pl\/index.php?rest_route=%2Fwp%2Fv2%2Fcomments&post=2248"}],"version-history":[{"count":1,"href":"https:\/\/powiatwwl.pl\/index.php?rest_route=\/wp\/v2\/posts\/2248\/revisions"}],"predecessor-version":[{"id":2251,"href":"https:\/\/powiatwwl.pl\/index.php?rest_route=\/wp\/v2\/posts\/2248\/revisions\/2251"}],"wp:featuredmedia":[{"embeddable":true,"href":"https:\/\/powiatwwl.pl\/index.php?rest_route=\/wp\/v2\/media\/2250"}],"wp:attachment":[{"href":"https:\/\/powiatwwl.pl\/index.php?rest_route=%2Fwp%2Fv2%2Fmedia&parent=2248"}],"wp:term":[{"taxonomy":"category","embeddable":true,"href":"https:\/\/powiatwwl.pl\/index.php?rest_route=%2Fwp%2Fv2%2Fcategories&post=2248"},{"taxonomy":"post_tag","embeddable":true,"href":"https:\/\/powiatwwl.pl\/index.php?rest_route=%2Fwp%2Fv2%2Ftags&post=2248"}],"curies":[{"name":"wp","href":"https:\/\/api.w.org\/{rel}","templated":true}]}}