{"id":2252,"date":"2026-03-20T09:28:58","date_gmt":"2026-03-20T08:28:58","guid":{"rendered":"http:\/\/powiatwwl.pl\/?p=2252"},"modified":"2026-03-20T09:28:59","modified_gmt":"2026-03-20T08:28:59","slug":"urologia-bezplatne-badania-dla-panow-czas-zadbac-o-siebie","status":"publish","type":"post","link":"https:\/\/powiatwwl.pl\/?p=2252","title":{"rendered":"UROLOGIA ! BEZP\u0141ATNE BADANIA dla PAN\u00d3W ! Czas zadba\u0107 o Siebie !"},"content":{"rendered":"<div class=\"wp-block-image\">\n<figure class=\"aligncenter size-full\"><img loading=\"lazy\" decoding=\"async\" width=\"509\" height=\"720\" src=\"https:\/\/powiatwwl.pl\/wp-content\/uploads\/2026\/03\/653711512_1389170479893489_6590514384122023212_n.jpg\" alt=\"\" class=\"wp-image-2253\" srcset=\"https:\/\/powiatwwl.pl\/wp-content\/uploads\/2026\/03\/653711512_1389170479893489_6590514384122023212_n.jpg 509w, https:\/\/powiatwwl.pl\/wp-content\/uploads\/2026\/03\/653711512_1389170479893489_6590514384122023212_n-212x300.jpg 212w\" sizes=\"auto, (max-width: 509px) 100vw, 509px\" \/><\/figure>\n<\/div>\n\n\n<p>PANOWIE! To post dedykowany w\u0142a\u015bnie WAM!. Og\u0142aszamy KOLEJN\u0104 EDYCJ\u0118 bezp\u0142atnych bada\u0144 profilaktycznych dla mieszka\u0144c\u00f3w naszego powiatu. Na co dzie\u0144 dbacie o wszystko \u2013 dom, rodzin\u0119, prac\u0119, samoch\u00f3d. CZAS ZADBA\u0106 O SIEBIE!. Pami\u0119tajcie, \u017ce WCZESNA DIAGNOSTYKA to dow\u00f3d odpowiedzialno\u015bci i Wasza najwi\u0119ksza si\u0142a. W ramach programu (zapisy i informacje: <img loading=\"lazy\" decoding=\"async\" height=\"16\" width=\"16\" src=\"https:\/\/static.xx.fbcdn.net\/images\/emoji.php\/v9\/t4d\/1\/16\/1f4de.png\" alt=\"\ud83d\udcde\"> tel. 22 76 33 200. Konsultacja lekarza specjalisty urologa. Badanie USG uk\u0142adu moczowego \/ moszny \u2013 szybka i bezbolesna diagnostyka obrazowa. Badania laboratoryjne (PSA) \u2013 kluczowy parametr w profilaktyce nowotwor\u00f3w prostaty. Badanie og\u00f3lne moczu.<\/p>\n\n\n\n<p>Wa\u017cne informacje: Dla kogo: M\u0119\u017cczy\u017ani (18+), mieszka\u0144cy Powiatu Wo\u0142omi\u0144skiego. Koszt: Badania s\u0105 ca\u0142kowicie BEZP\u0141ATNE \u2013 sfinansowane ze \u015brodk\u00f3w <a href=\"https:\/\/www.facebook.com\/Powiat.Wolominski?__cft__[0]=AZbpO86sbLe3gr3SZmeR3Nl5FYZDqkfyNAei30IGUVn6r-fY00yjlrX8Ozx8CIxrdf-luQGYjR-bpwvcIHAq9B9j5lOjUtlsF7sDJAVv9PJ781nSsNwMTciwmXjjbwJDzbcbd8m44OEg5zk5C3OtFuRtbxbZMyqjmBEd6aJyqzXU6hw8j3JScujPpo8ENd2tjxg&amp;__tn__=-]K-R\">Powiat Wo\u0142omi\u0144ski &#8211; Ziemia Norwida i &#8222;Cudu nad Wis\u0142\u0105&#8221;<\/a><\/p>\n\n\n\n<p>DLACZEGO WARTO?  Rak prostaty czy j\u0105dra we wczesnym stadium CZ\u0118STO NIE DAJE \u017bADNYCH OBJAW\u00d3W! Tylko REGULARNE BADANIA pozwalaj\u0105 \u201ewyprzedzi\u0107\u201d chorob\u0119 i daj\u0105 du\u017ce szanse na skuteczne leczenie! Zapisy i informacje:  tel. 22 76 33 200<\/p>\n\n\n\n<p>Liczba miejsc jest ograniczona, ul. Gdy\u0144ska 1\/3, Wo\u0142omin (budynek Przychodni). Zadbaj o siebie, by\u015b m\u00f3g\u0142 cieszy\u0107 si\u0119 si\u0142ami przez d\u0142ugie lata. <\/p>\n\n\n\n<hr class=\"wp-block-separator aligncenter has-alpha-channel-opacity\"\/>\n\n\n<div class=\"wp-block-image\">\n<figure class=\"alignleft size-full is-resized\"><img loading=\"lazy\" decoding=\"async\" width=\"100\" height=\"100\" src=\"https:\/\/powiatwwl.pl\/wp-content\/uploads\/2026\/02\/Logo-100\u00d7100-px.png\" alt=\"\" class=\"wp-image-172\" style=\"width:111px;height:auto\" srcset=\"https:\/\/powiatwwl.pl\/wp-content\/uploads\/2026\/02\/Logo-100\u00d7100-px.png 100w, https:\/\/powiatwwl.pl\/wp-content\/uploads\/2026\/02\/Logo-100\u00d7100-px-80x80.png 80w\" sizes=\"auto, (max-width: 100px) 100vw, 100px\" \/><\/figure>\n<\/div>\n\n\n<h2 class=\"wp-block-heading\"><a href=\"https:\/\/www.facebook.com\/szpitalwolomin\">SZPITAL POWIATOWY<\/a><\/h2>\n","protected":false},"excerpt":{"rendered":"<p>PANOWIE! To post dedykowany w\u0142a\u015bnie WAM!. Og\u0142aszamy KOLEJN\u0104 EDYCJ\u0118 bezp\u0142atnych bada\u0144 profilaktycznych dla mieszka\u0144c\u00f3w naszego powiatu. Na co dzie\u0144 dbacie o wszystko \u2013 dom, rodzin\u0119, prac\u0119, samoch\u00f3d. CZAS ZADBA\u0106 O SIEBIE!. Pami\u0119tajcie, \u017ce WCZESNA DIAGNOSTYKA to dow\u00f3d odpowiedzialno\u015bci i Wasza najwi\u0119ksza si\u0142a. W ramach programu (zapisy i informacje:  tel. 22 76 33 200. Konsultacja lekarza specjalisty urologa. Badanie USG uk\u0142adu moczowego \/ moszny \u2013 szybka i bezbolesna diagnostyka obrazowa. Badania laboratoryjne (PSA) \u2013 kluczowy parametr w profilaktyce nowotwor\u00f3w prostaty. Badanie og\u00f3lne moczu&#8230;<\/p>\n","protected":false},"author":1,"featured_media":2253,"comment_status":"open","ping_status":"open","sticky":false,"template":"","format":"standard","meta":{"footnotes":""},"categories":[1],"tags":[],"class_list":["post-2252","post","type-post","status-publish","format-standard","has-post-thumbnail","hentry","category-aktualnosci"],"_links":{"self":[{"href":"https:\/\/powiatwwl.pl\/index.php?rest_route=\/wp\/v2\/posts\/2252","targetHints":{"allow":["GET"]}}],"collection":[{"href":"https:\/\/powiatwwl.pl\/index.php?rest_route=\/wp\/v2\/posts"}],"about":[{"href":"https:\/\/powiatwwl.pl\/index.php?rest_route=\/wp\/v2\/types\/post"}],"author":[{"embeddable":true,"href":"https:\/\/powiatwwl.pl\/index.php?rest_route=\/wp\/v2\/users\/1"}],"replies":[{"embeddable":true,"href":"https:\/\/powiatwwl.pl\/index.php?rest_route=%2Fwp%2Fv2%2Fcomments&post=2252"}],"version-history":[{"count":1,"href":"https:\/\/powiatwwl.pl\/index.php?rest_route=\/wp\/v2\/posts\/2252\/revisions"}],"predecessor-version":[{"id":2254,"href":"https:\/\/powiatwwl.pl\/index.php?rest_route=\/wp\/v2\/posts\/2252\/revisions\/2254"}],"wp:featuredmedia":[{"embeddable":true,"href":"https:\/\/powiatwwl.pl\/index.php?rest_route=\/wp\/v2\/media\/2253"}],"wp:attachment":[{"href":"https:\/\/powiatwwl.pl\/index.php?rest_route=%2Fwp%2Fv2%2Fmedia&parent=2252"}],"wp:term":[{"taxonomy":"category","embeddable":true,"href":"https:\/\/powiatwwl.pl\/index.php?rest_route=%2Fwp%2Fv2%2Fcategories&post=2252"},{"taxonomy":"post_tag","embeddable":true,"href":"https:\/\/powiatwwl.pl\/index.php?rest_route=%2Fwp%2Fv2%2Ftags&post=2252"}],"curies":[{"name":"wp","href":"https:\/\/api.w.org\/{rel}","templated":true}]}}