{"id":2262,"date":"2026-03-20T13:44:18","date_gmt":"2026-03-20T12:44:18","guid":{"rendered":"http:\/\/powiatwwl.pl\/?p=2262"},"modified":"2026-03-20T13:45:18","modified_gmt":"2026-03-20T12:45:18","slug":"tomasz-kalata-informacja-zarzadu-powiatu-wolominskiego-marzec-2026","status":"publish","type":"post","link":"https:\/\/powiatwwl.pl\/?p=2262","title":{"rendered":"Tomasz KALATA &#8211; informacja zarz\u0105du Powiatu Wo\u0142omi\u0144skiego, marzec 2026"},"content":{"rendered":"<div class=\"wp-block-image\">\n<figure class=\"aligncenter size-full is-resized\"><img loading=\"lazy\" decoding=\"async\" width=\"810\" height=\"450\" src=\"https:\/\/powiatwwl.pl\/wp-content\/uploads\/2026\/03\/tk.jpg\" alt=\"\" class=\"wp-image-2265\" style=\"aspect-ratio:1.7777988769226596;width:620px;height:auto\" srcset=\"https:\/\/powiatwwl.pl\/wp-content\/uploads\/2026\/03\/tk.jpg 810w, https:\/\/powiatwwl.pl\/wp-content\/uploads\/2026\/03\/tk-300x167.jpg 300w, https:\/\/powiatwwl.pl\/wp-content\/uploads\/2026\/03\/tk-768x427.jpg 768w\" sizes=\"auto, (max-width: 810px) 100vw, 810px\" \/><\/figure>\n<\/div>\n\n\n<p>Informacje z posiedzenia Zarz\u0105du Powiatu Wo\u0142omi\u0144skiego: Zwi\u0119kszyli\u015bmy \u015brodki finansowe w wysoko\u015bci 34 440 z\u0142 na zadanie \u201ePrzebudowa skrzy\u017cowania ul. Pi\u0142sudskiego z DP 4354W ul. Fabryczna w Markach, gm. Marki\u201d z przeznaczeniem na opracowanie projektu wykonawczego z podzia\u0142em na bran\u017ce, projektu sta\u0142ej organizacji ruchu oraz opracowanie kosztorysowe<\/p>\n\n\n\n<p>Zwi\u0119kszyli\u015bmy \u015brodki finansowe w wysoko\u015bci 5 000 z\u0142 na zadanie inwestycyjne \u201eDokumentacja projektowa rozbudowy DP 4333W wraz z rozbudow\u0105 skrzy\u017cowania w Mi\u0119dzylesiu (odc. 800 m), Gmina Po\u015bwi\u0119tne\u201d z przeznaczeniem na opracowanie geodezyjnego projektu podzia\u0142u dw\u00f3ch nieruchomo\u015bci<\/p>\n\n\n\n<p>Pozytywnie zaopiniowali\u015bmy projekty uchwa\u0142 do rozpatrzenia na najbli\u017cszej sesji Rady Powiatu: zmieniaj\u0105ca Uchwa\u0142\u0119 Nr XXII-224\/2025 Rady Powiatu Wo\u0142omi\u0144skiego z dnia 17 grudnia 2025 r. w sprawie uchwalenia Wieloletniej Prognozy Finansowej Powiatu Wo\u0142omi\u0144skiego na lata 2026-2040, zmieniaj\u0105ca uchwa\u0142\u0119 Nr XXII-225\/2025 Rady Powiatu Wo\u0142omi\u0144skiego z dnia 17 grudnia 2025 r. w sprawie uchwalenia bud\u017cetu Powiatu Wo\u0142omi\u0144skiego na 2026 rok, w sprawie przyj\u0119cia Wieloletniego Planu Prowadzenia Powiatowe Centrum Opieku\u0144czo-Mieszkalne w Koby\u0142ce na lata 2022-2032, w sprawie przekazania Wojewodzie Mazowieckiemu rocznej informacji z realizacji w 2025 roku \u201ePowiatowego Programu na Rzecz Os\u00f3b Niepe\u0142nosprawnych w Powiecie Wo\u0142omi\u0144skim na lata 2022-2025\u201d, w sprawie sk\u0142adania wniosk\u00f3w o przyj\u0119cie do publicznych szk\u00f3\u0142 ponadpodstawowych prowadzonych przez Powiat Wo\u0142omi\u0144ski<\/p>\n\n\n\n<p>Podj\u0119li\u015bmy uchwa\u0142\u0119 w sprawie upowa\u017cnienia p.o. Dyrektora Powiatowego Urz\u0119du Pracy w Wo\u0142ominie do realizacji projektu Aktywizacja zawodowa os\u00f3b bezrobotnych w powiecie wo\u0142omi\u0144skim (III). Podj\u0119li\u015bmy uchwa\u0142\u0119 w sprawie ustalenia \u015bredniego miesi\u0119cznego kosztu pobytu mieszka\u0144ca w roku 2026 w Powiatowym Centrum Opieku\u0144czo-Mieszkalnym w Koby\u0142ce w kwocie 14 308,24 z\u0142 za us\u0142ugi pobytu ca\u0142odobowego (9 789,30 z\u0142 z bud\u017cetu Powiatu, pozosta\u0142a cz\u0119\u015b\u0107 finansowana z Funduszu Solidarno\u015bciowego oraz w ramach op\u0142aty poniesionej przez uczestnika) oraz w kwocie 33,41 z\u0142 za 1 godzin\u0119 w ramach us\u0142ugi pobytu dziennego. Pozytywnie rozpatrzyli\u015bmy wniosek Fundacji Dzieci &#8211; Dzieciom z Koby\u0142ki w sprawie wyra\u017cenia zgody na zmian\u0119 oferty realizacji zadania publicznego \u201eTalentowskaz \u2013 program rozwoju 12 kluczowych umiej\u0119tno\u015bci w drodze do wzmocnienia siebie\u201d w zakresie O\u015bwiata i wychowanie<\/p>\n\n\n\n<hr class=\"wp-block-separator aligncenter has-alpha-channel-opacity\"\/>\n\n\n<div class=\"wp-block-image\">\n<figure class=\"alignleft size-full is-resized\"><img loading=\"lazy\" decoding=\"async\" width=\"300\" height=\"300\" src=\"https:\/\/powiatwwl.pl\/wp-content\/uploads\/2026\/03\/Dodaj-podtytul-1.jpg\" alt=\"\" class=\"wp-image-2264\" style=\"width:110px;height:auto\" srcset=\"https:\/\/powiatwwl.pl\/wp-content\/uploads\/2026\/03\/Dodaj-podtytul-1.jpg 300w, https:\/\/powiatwwl.pl\/wp-content\/uploads\/2026\/03\/Dodaj-podtytul-1-150x150.jpg 150w, https:\/\/powiatwwl.pl\/wp-content\/uploads\/2026\/03\/Dodaj-podtytul-1-80x80.jpg 80w\" sizes=\"auto, (max-width: 300px) 100vw, 300px\" \/><\/figure>\n<\/div>\n\n\n<h2 class=\"wp-block-heading\"><a href=\"https:\/\/www.facebook.com\/profile.php?id=61561185435479\"><strong>Tomasz KALATA<\/strong><\/a><\/h2>\n","protected":false},"excerpt":{"rendered":"<p>Informacje z posiedzenia Zarz\u0105du Powiatu Wo\u0142omi\u0144skiego: Zwi\u0119kszyli\u015bmy \u015brodki finansowe w wysoko\u015bci 34 440 z\u0142 na zadanie \u201ePrzebudowa skrzy\u017cowania ul. Pi\u0142sudskiego z DP 4354W ul. Fabryczna w Markach, gm. Marki\u201d z przeznaczeniem na opracowanie projektu wykonawczego z podzia\u0142em na bran\u017ce, projektu sta\u0142ej organizacji ruchu oraz opracowanie kosztorysowe<\/p>\n<p>Zwi\u0119kszyli\u015bmy \u015brodki finansowe w wysoko\u015bci 5 000 z\u0142 na zadanie inwestycyjne \u201eDokumentacja projektowa rozbudowy DP 4333W wraz z rozbudow\u0105 skrzy\u017cowania w Mi\u0119dzylesiu (odc. 800 m), Gmina Po\u015bwi\u0119tne\u201d z przeznaczeniem na opracowanie geodezyjnego projektu podzia\u0142u dw\u00f3ch nieruchomo\u015bci&#8230;<\/p>\n","protected":false},"author":1,"featured_media":2265,"comment_status":"open","ping_status":"open","sticky":false,"template":"","format":"standard","meta":{"footnotes":""},"categories":[1],"tags":[],"class_list":["post-2262","post","type-post","status-publish","format-standard","has-post-thumbnail","hentry","category-aktualnosci"],"_links":{"self":[{"href":"https:\/\/powiatwwl.pl\/index.php?rest_route=\/wp\/v2\/posts\/2262","targetHints":{"allow":["GET"]}}],"collection":[{"href":"https:\/\/powiatwwl.pl\/index.php?rest_route=\/wp\/v2\/posts"}],"about":[{"href":"https:\/\/powiatwwl.pl\/index.php?rest_route=\/wp\/v2\/types\/post"}],"author":[{"embeddable":true,"href":"https:\/\/powiatwwl.pl\/index.php?rest_route=\/wp\/v2\/users\/1"}],"replies":[{"embeddable":true,"href":"https:\/\/powiatwwl.pl\/index.php?rest_route=%2Fwp%2Fv2%2Fcomments&post=2262"}],"version-history":[{"count":2,"href":"https:\/\/powiatwwl.pl\/index.php?rest_route=\/wp\/v2\/posts\/2262\/revisions"}],"predecessor-version":[{"id":2267,"href":"https:\/\/powiatwwl.pl\/index.php?rest_route=\/wp\/v2\/posts\/2262\/revisions\/2267"}],"wp:featuredmedia":[{"embeddable":true,"href":"https:\/\/powiatwwl.pl\/index.php?rest_route=\/wp\/v2\/media\/2265"}],"wp:attachment":[{"href":"https:\/\/powiatwwl.pl\/index.php?rest_route=%2Fwp%2Fv2%2Fmedia&parent=2262"}],"wp:term":[{"taxonomy":"category","embeddable":true,"href":"https:\/\/powiatwwl.pl\/index.php?rest_route=%2Fwp%2Fv2%2Fcategories&post=2262"},{"taxonomy":"post_tag","embeddable":true,"href":"https:\/\/powiatwwl.pl\/index.php?rest_route=%2Fwp%2Fv2%2Ftags&post=2262"}],"curies":[{"name":"wp","href":"https:\/\/api.w.org\/{rel}","templated":true}]}}