{"id":2268,"date":"2026-03-20T14:01:15","date_gmt":"2026-03-20T13:01:15","guid":{"rendered":"http:\/\/powiatwwl.pl\/?p=2268"},"modified":"2026-03-20T14:01:17","modified_gmt":"2026-03-20T13:01:17","slug":"ida-za-ciosem-droga-powiatowa-w-markach-etap-ii-video","status":"publish","type":"post","link":"https:\/\/powiatwwl.pl\/?p=2268","title":{"rendered":"&#8222;Id\u0105 za ciosem&#8221; &#8211; droga powiatowa w Markach etap II \/VIDEO\/"},"content":{"rendered":"<div class=\"wp-block-image\">\n<figure class=\"aligncenter size-large is-resized\"><img loading=\"lazy\" decoding=\"async\" width=\"1024\" height=\"576\" src=\"https:\/\/powiatwwl.pl\/wp-content\/uploads\/2026\/03\/14219-1024x576.jpg\" alt=\"\" class=\"wp-image-2270\" style=\"aspect-ratio:1.7777988769226596;width:712px;height:auto\" srcset=\"https:\/\/powiatwwl.pl\/wp-content\/uploads\/2026\/03\/14219-1024x576.jpg 1024w, https:\/\/powiatwwl.pl\/wp-content\/uploads\/2026\/03\/14219-300x169.jpg 300w, https:\/\/powiatwwl.pl\/wp-content\/uploads\/2026\/03\/14219-768x432.jpg 768w, https:\/\/powiatwwl.pl\/wp-content\/uploads\/2026\/03\/14219-1536x864.jpg 1536w, https:\/\/powiatwwl.pl\/wp-content\/uploads\/2026\/03\/14219.jpg 1600w\" sizes=\"auto, (max-width: 1024px) 100vw, 1024px\" \/><\/figure>\n<\/div>\n\n\n<p>Wkr\u00f3tce ruszy I etap przebudowy &#8222;nowej&#8221; drogi powiatowej ulicy Pi\u0142sudskiego w Markach. W sprawie dalszej modernizacji interpelacj\u0119 z\u0142o\u017cyli: Starosta Wo\u0142omi\u0144ski oraz radni Sejmiku Wojew\u00f3dztwa Mazowieckiego. Zwr\u00f3cili si\u0119 do Marsza\u0142ka Wojew\u00f3dztwa Mazowieckiego ws. wsparcia finansowego II etapu rozbudowy drogi powiatowej al. Pi\u0142sudskiego.<\/p>\n\n\n\n<hr class=\"wp-block-separator aligncenter has-alpha-channel-opacity\"\/>\n\n\n<div class=\"wp-block-image\">\n<figure class=\"alignleft size-large is-resized\"><img loading=\"lazy\" decoding=\"async\" width=\"1024\" height=\"1024\" src=\"https:\/\/powiatwwl.pl\/wp-content\/uploads\/2026\/03\/PW-logok-Zdjecie-profilowe-na-Facebooka-6-1024x1024.jpg\" alt=\"\" class=\"wp-image-1976\" style=\"width:106px;height:auto\" srcset=\"https:\/\/powiatwwl.pl\/wp-content\/uploads\/2026\/03\/PW-logok-Zdjecie-profilowe-na-Facebooka-6-1024x1024.jpg 1024w, https:\/\/powiatwwl.pl\/wp-content\/uploads\/2026\/03\/PW-logok-Zdjecie-profilowe-na-Facebooka-6-300x300.jpg 300w, https:\/\/powiatwwl.pl\/wp-content\/uploads\/2026\/03\/PW-logok-Zdjecie-profilowe-na-Facebooka-6-150x150.jpg 150w, https:\/\/powiatwwl.pl\/wp-content\/uploads\/2026\/03\/PW-logok-Zdjecie-profilowe-na-Facebooka-6-768x768.jpg 768w, https:\/\/powiatwwl.pl\/wp-content\/uploads\/2026\/03\/PW-logok-Zdjecie-profilowe-na-Facebooka-6-80x80.jpg 80w, https:\/\/powiatwwl.pl\/wp-content\/uploads\/2026\/03\/PW-logok-Zdjecie-profilowe-na-Facebooka-6-320x320.jpg 320w, https:\/\/powiatwwl.pl\/wp-content\/uploads\/2026\/03\/PW-logok-Zdjecie-profilowe-na-Facebooka-6.jpg 1280w\" sizes=\"auto, (max-width: 1024px) 100vw, 1024px\" \/><\/figure>\n<\/div>\n\n\n<h2 class=\"wp-block-heading\"><strong><a href=\"https:\/\/www.facebook.com\/reel\/977820641263895\">ROLKA VIDEO<\/a><\/strong><\/h2>\n\n\n\n<p><\/p>\n","protected":false},"excerpt":{"rendered":"<p>Wkr\u00f3tce ruszy I etap przebudowy &#8222;nowej&#8221; drogi powiatowej ulicy Pi\u0142sudskiego w Markach. W sprawie dalszej modernizacji interpelacj\u0119 z\u0142o\u017cyli: Starosta Wo\u0142omi\u0144ski oraz radni Sejmiku Wojew\u00f3dztwa Mazowieckiego. Zwr\u00f3cili si\u0119 do Marsza\u0142ka Wojew\u00f3dztwa Mazowieckiego ws. wsparcia finansowego II etapu rozbudowy drogi powiatowej al. Pi\u0142sudskiego.<\/p>\n","protected":false},"author":1,"featured_media":2269,"comment_status":"open","ping_status":"open","sticky":false,"template":"","format":"standard","meta":{"footnotes":""},"categories":[1],"tags":[],"class_list":["post-2268","post","type-post","status-publish","format-standard","has-post-thumbnail","hentry","category-aktualnosci"],"_links":{"self":[{"href":"https:\/\/powiatwwl.pl\/index.php?rest_route=\/wp\/v2\/posts\/2268","targetHints":{"allow":["GET"]}}],"collection":[{"href":"https:\/\/powiatwwl.pl\/index.php?rest_route=\/wp\/v2\/posts"}],"about":[{"href":"https:\/\/powiatwwl.pl\/index.php?rest_route=\/wp\/v2\/types\/post"}],"author":[{"embeddable":true,"href":"https:\/\/powiatwwl.pl\/index.php?rest_route=\/wp\/v2\/users\/1"}],"replies":[{"embeddable":true,"href":"https:\/\/powiatwwl.pl\/index.php?rest_route=%2Fwp%2Fv2%2Fcomments&post=2268"}],"version-history":[{"count":1,"href":"https:\/\/powiatwwl.pl\/index.php?rest_route=\/wp\/v2\/posts\/2268\/revisions"}],"predecessor-version":[{"id":2271,"href":"https:\/\/powiatwwl.pl\/index.php?rest_route=\/wp\/v2\/posts\/2268\/revisions\/2271"}],"wp:featuredmedia":[{"embeddable":true,"href":"https:\/\/powiatwwl.pl\/index.php?rest_route=\/wp\/v2\/media\/2269"}],"wp:attachment":[{"href":"https:\/\/powiatwwl.pl\/index.php?rest_route=%2Fwp%2Fv2%2Fmedia&parent=2268"}],"wp:term":[{"taxonomy":"category","embeddable":true,"href":"https:\/\/powiatwwl.pl\/index.php?rest_route=%2Fwp%2Fv2%2Fcategories&post=2268"},{"taxonomy":"post_tag","embeddable":true,"href":"https:\/\/powiatwwl.pl\/index.php?rest_route=%2Fwp%2Fv2%2Ftags&post=2268"}],"curies":[{"name":"wp","href":"https:\/\/api.w.org\/{rel}","templated":true}]}}