{"id":2272,"date":"2026-03-20T14:06:43","date_gmt":"2026-03-20T13:06:43","guid":{"rendered":"http:\/\/powiatwwl.pl\/?p=2272"},"modified":"2026-03-20T14:06:44","modified_gmt":"2026-03-20T13:06:44","slug":"363-tys-zl-dla-powiatu-wolominskiego","status":"publish","type":"post","link":"https:\/\/powiatwwl.pl\/?p=2272","title":{"rendered":"363 tys. z\u0142 dla Powiatu Wo\u0142omi\u0144skiego"},"content":{"rendered":"<div class=\"wp-block-image\">\n<figure class=\"aligncenter size-full\"><img loading=\"lazy\" decoding=\"async\" width=\"600\" height=\"503\" src=\"https:\/\/powiatwwl.pl\/wp-content\/uploads\/2026\/03\/654226505_1259533636290432_1722902720048537198_n.jpg\" alt=\"\" class=\"wp-image-2273\" srcset=\"https:\/\/powiatwwl.pl\/wp-content\/uploads\/2026\/03\/654226505_1259533636290432_1722902720048537198_n.jpg 600w, https:\/\/powiatwwl.pl\/wp-content\/uploads\/2026\/03\/654226505_1259533636290432_1722902720048537198_n-300x252.jpg 300w\" sizes=\"auto, (max-width: 600px) 100vw, 600px\" \/><\/figure>\n<\/div>\n\n\n<p>Decyzj\u0105 Wojewody Mazowieckiego <a href=\"https:\/\/www.facebook.com\/profile.php?id=100064159172256&amp;__cft__[0]=AZbJWzw1CCGZa9f20XOtSTSIGCgbOEXqE4BS3ziydz4tjDu8ZE4PCqUCu6HWaXFOT3-qD47QJM1MJI4XaKDysTSWD8wk7JxBpUVPM2YVPEsy5Pz3HSnigSIvxZ3GZ6TH1Uwf5ynh_KofAfXKEsrjYvK8&amp;__tn__=-]K-R\">Mariusz R. Frankowski<\/a> do naszego powiatu trafi\u0105 \u015brodki na wa\u017cne zadania zwi\u0105zane z bezpiecze\u0144stwem i porz\u0105dkiem przestrzennym. \ud835\udfed\ud835\udff2\ud835\udfef \ud835\ude01\ud835\ude06\ud835\ude00. \ud835\ude07\u0142 zostanie przeznaczone na zakup s\u0142u\u017cbowego samochodu dla Powiatowego Inspektoratu Nadzoru Budowlanego w Wo\u0142ominie, co usprawni codzienn\u0105 prac\u0119 i kontrole w terenie. Dodatkowo \ud835\udfee\ud835\udfec\ud835\udfec \ud835\ude01\ud835\ude06\ud835\ude00. \ud835\ude07\u0142 wesprze prace geodezyjne polegaj\u0105ce na doprowadzeniu do zgodno\u015bci przebiegu granic pomi\u0119dzy powiatem wo\u0142omi\u0144skim, w\u0119growskim i wyszkowskim. To dzia\u0142ania, kt\u00f3re przek\u0142adaj\u0105 si\u0119 na lepsze zarz\u0105dzanie przestrzeni\u0105 i sprawniejsze funkcjonowanie administracji.<\/p>\n\n\n\n<hr class=\"wp-block-separator aligncenter has-alpha-channel-opacity\"\/>\n\n\n<div class=\"wp-block-image\">\n<figure class=\"alignleft size-large is-resized\"><img loading=\"lazy\" decoding=\"async\" width=\"1024\" height=\"1024\" src=\"https:\/\/powiatwwl.pl\/wp-content\/uploads\/2026\/02\/pw-1024x1024.jpg\" alt=\"\" class=\"wp-image-395\" style=\"width:109px;height:auto\" srcset=\"https:\/\/powiatwwl.pl\/wp-content\/uploads\/2026\/02\/pw-1024x1024.jpg 1024w, https:\/\/powiatwwl.pl\/wp-content\/uploads\/2026\/02\/pw-300x300.jpg 300w, https:\/\/powiatwwl.pl\/wp-content\/uploads\/2026\/02\/pw-150x150.jpg 150w, https:\/\/powiatwwl.pl\/wp-content\/uploads\/2026\/02\/pw-768x768.jpg 768w, https:\/\/powiatwwl.pl\/wp-content\/uploads\/2026\/02\/pw-80x80.jpg 80w, https:\/\/powiatwwl.pl\/wp-content\/uploads\/2026\/02\/pw-320x320.jpg 320w, https:\/\/powiatwwl.pl\/wp-content\/uploads\/2026\/02\/pw.jpg 1280w\" sizes=\"auto, (max-width: 1024px) 100vw, 1024px\" \/><\/figure>\n<\/div>\n\n\n<h2 class=\"wp-block-heading\"><strong><a href=\"https:\/\/www.facebook.com\/Powiat.Wolominski\">Powiat Wo\u0142omi\u0144ski<\/a><\/strong><\/h2>\n\n\n\n<p><\/p>\n","protected":false},"excerpt":{"rendered":"<p>Decyzj\u0105 Wojewody Mazowieckiego Mariusz R. Frankowskiego do naszego powiatu trafi\u0105 \u015brodki na wa\u017cne zadania zwi\u0105zane z bezpiecze\u0144stwem i porz\u0105dkiem przestrzennym. \ud835\udfed\ud835\udff2\ud835\udfef \ud835\ude01\ud835\ude06\ud835\ude00. \ud835\ude07\u0142 zostanie przeznaczone na zakup s\u0142u\u017cbowego samochodu dla Powiatowego Inspektoratu Nadzoru Budowlanego w Wo\u0142ominie, co usprawni codzienn\u0105 prac\u0119 i kontrole w terenie.<\/p>\n","protected":false},"author":1,"featured_media":2273,"comment_status":"open","ping_status":"open","sticky":false,"template":"","format":"standard","meta":{"footnotes":""},"categories":[1],"tags":[],"class_list":["post-2272","post","type-post","status-publish","format-standard","has-post-thumbnail","hentry","category-aktualnosci"],"_links":{"self":[{"href":"https:\/\/powiatwwl.pl\/index.php?rest_route=\/wp\/v2\/posts\/2272","targetHints":{"allow":["GET"]}}],"collection":[{"href":"https:\/\/powiatwwl.pl\/index.php?rest_route=\/wp\/v2\/posts"}],"about":[{"href":"https:\/\/powiatwwl.pl\/index.php?rest_route=\/wp\/v2\/types\/post"}],"author":[{"embeddable":true,"href":"https:\/\/powiatwwl.pl\/index.php?rest_route=\/wp\/v2\/users\/1"}],"replies":[{"embeddable":true,"href":"https:\/\/powiatwwl.pl\/index.php?rest_route=%2Fwp%2Fv2%2Fcomments&post=2272"}],"version-history":[{"count":1,"href":"https:\/\/powiatwwl.pl\/index.php?rest_route=\/wp\/v2\/posts\/2272\/revisions"}],"predecessor-version":[{"id":2274,"href":"https:\/\/powiatwwl.pl\/index.php?rest_route=\/wp\/v2\/posts\/2272\/revisions\/2274"}],"wp:featuredmedia":[{"embeddable":true,"href":"https:\/\/powiatwwl.pl\/index.php?rest_route=\/wp\/v2\/media\/2273"}],"wp:attachment":[{"href":"https:\/\/powiatwwl.pl\/index.php?rest_route=%2Fwp%2Fv2%2Fmedia&parent=2272"}],"wp:term":[{"taxonomy":"category","embeddable":true,"href":"https:\/\/powiatwwl.pl\/index.php?rest_route=%2Fwp%2Fv2%2Fcategories&post=2272"},{"taxonomy":"post_tag","embeddable":true,"href":"https:\/\/powiatwwl.pl\/index.php?rest_route=%2Fwp%2Fv2%2Ftags&post=2272"}],"curies":[{"name":"wp","href":"https:\/\/api.w.org\/{rel}","templated":true}]}}