{"id":2275,"date":"2026-03-20T14:14:11","date_gmt":"2026-03-20T13:14:11","guid":{"rendered":"http:\/\/powiatwwl.pl\/?p=2275"},"modified":"2026-03-20T14:14:12","modified_gmt":"2026-03-20T13:14:12","slug":"nowe-komputery-i-tablety-za-ponad-1-mln-600-tys-zl-dla-uczniow-powiatowych-szkol-video","status":"publish","type":"post","link":"https:\/\/powiatwwl.pl\/?p=2275","title":{"rendered":"Nowe komputery i tablety za ponad 1 mln 600 tys. z\u0142 dla uczni\u00f3w powiatowych szk\u00f3\u0142  \/VIDEO\/"},"content":{"rendered":"<div class=\"wp-block-image\">\n<figure class=\"aligncenter size-full\"><img loading=\"lazy\" decoding=\"async\" width=\"520\" height=\"239\" src=\"https:\/\/powiatwwl.pl\/wp-content\/uploads\/2026\/03\/tablet_a_laptop_2.jpg\" alt=\"\" class=\"wp-image-2276\" srcset=\"https:\/\/powiatwwl.pl\/wp-content\/uploads\/2026\/03\/tablet_a_laptop_2.jpg 520w, https:\/\/powiatwwl.pl\/wp-content\/uploads\/2026\/03\/tablet_a_laptop_2-300x138.jpg 300w\" sizes=\"auto, (max-width: 520px) 100vw, 520px\" \/><\/figure>\n<\/div>\n\n\n<p>\ud835\udff3\ud835\udff1\ud835\udff2 \ud835\uddfb\ud835\uddfc\ud835\ude04\ud835\ude06\ud835\uddf0\ud835\uddf5 \ud835\uddf8\ud835\uddfc\ud835\uddfa\ud835\uddfd\ud835\ude02\ud835\ude01\ud835\uddf2\ud835\uddff\ud835\uddfc\u0301\ud835\ude04 \ud835\uddf6 \ud835\ude01\ud835\uddee\ud835\uddef\ud835\uddf9\ud835\uddf2\ud835\ude01\ud835\uddfc\u0301\ud835\ude04 \ud835\uddf7\ud835\ude02\ud835\ude07\u0307 \ud835\ude01\ud835\uddff\ud835\uddee\ud835\uddf3\ud835\uddf6\u0142\ud835\uddfc \ud835\uddf1\ud835\uddfc \ud835\ude00\ud835\ude07\ud835\uddf8\ud835\uddfc\u0301\u0142 \ud835\udde3\ud835\uddfc\ud835\ude04\ud835\uddf6\ud835\uddee\ud835\ude01\ud835\ude02 \ud835\uddea\ud835\uddfc\u0142\ud835\uddfc\ud835\uddfa\ud835\uddf6\ud835\uddfb\u0301\ud835\ude00\ud835\uddf8\ud835\uddf6\ud835\uddf2\ud835\uddf4\ud835\uddfc!. Dzi\u0119ki \u015brodkom z <a href=\"https:\/\/www.facebook.com\/hashtag\/krajowyplanodbudowy?__eep__=6&amp;__cft__[0]=AZZ62n-zvlmZuNk7TR1uxxROZ6eizwz4rQGAoDnHtAfvgMFMwaXZJrVk7JnpfEqCUqOKew5N4HlK1qE81DziftJjpAXxwqXwqpI6iexYJuaxTT1bikimy86y-103ku9xRqjtNpno4GaNGHASysqFNJ-uqS-jY30ErRY4TqpQ5HiT-tARlBIpiyJwCuEiKcvTjs6oMrzuEFRd_GdKACcAYMeY1uoNKfEM7JP_uniscGx9Ew&amp;__tn__=*NK-R\">#KrajowyPlanOdbudowy<\/a> i <a href=\"https:\/\/www.facebook.com\/MinisterstwoCyfryzacji?__cft__[0]=AZZ62n-zvlmZuNk7TR1uxxROZ6eizwz4rQGAoDnHtAfvgMFMwaXZJrVk7JnpfEqCUqOKew5N4HlK1qE81DziftJjpAXxwqXwqpI6iexYJuaxTT1bikimy86y-103ku9xRqjtNpno4GaNGHASysqFNJ-uqS-jY30ErRY4TqpQ5HiT-tARlBIpiyJwCuEiKcvTjs6oMrzuEFRd_GdKACcAYMeY1uoNKfEM7JP_uniscGx9Ew&amp;__tn__=-]K-R\">Ministerstwo Cyfryzacji<\/a> plac\u00f3wki otrzyma\u0142y nowoczesny sprz\u0119t o warto\u015bci \ud835\udfed \ud835\udff2\ud835\udff1\ud835\udff3 \ud835\udfed \ud835\udff5\ud835\udff2,\ud835\udfee\ud835\udfee \ud835\ude07\u0142, w tym laptopy, tablety i laptopy przegl\u0105darkowe, rozdystrybuowane do wszystkich szk\u00f3\u0142 w powiecie. To konkretne narz\u0119dzia wspieraj\u0105ce nauk\u0119, rozw\u00f3j i wyr\u00f3wnywanie szans edukacyjnych dla uczni\u00f3w i nauczycieli, a kolejne dostawy sprz\u0119tu ju\u017c wkr\u00f3tce trafi\u0105 dzi\u0119ki <a href=\"https:\/\/www.facebook.com\/ministerstwo.edukacji?__cft__[0]=AZZ62n-zvlmZuNk7TR1uxxROZ6eizwz4rQGAoDnHtAfvgMFMwaXZJrVk7JnpfEqCUqOKew5N4HlK1qE81DziftJjpAXxwqXwqpI6iexYJuaxTT1bikimy86y-103ku9xRqjtNpno4GaNGHASysqFNJ-uqS-jY30ErRY4TqpQ5HiT-tARlBIpiyJwCuEiKcvTjs6oMrzuEFRd_GdKACcAYMeY1uoNKfEM7JP_uniscGx9Ew&amp;__tn__=-]K-R\">Ministerstwo Edukacji<\/a><\/p>\n\n\n\n<hr class=\"wp-block-separator aligncenter has-alpha-channel-opacity\"\/>\n\n\n<div class=\"wp-block-image\">\n<figure class=\"alignleft size-large is-resized\"><img loading=\"lazy\" decoding=\"async\" width=\"1024\" height=\"1024\" src=\"https:\/\/powiatwwl.pl\/wp-content\/uploads\/2026\/03\/PW-logok-Zdjecie-profilowe-na-Facebooka-6-1024x1024.jpg\" alt=\"\" class=\"wp-image-1976\" style=\"width:110px;height:auto\" srcset=\"https:\/\/powiatwwl.pl\/wp-content\/uploads\/2026\/03\/PW-logok-Zdjecie-profilowe-na-Facebooka-6-1024x1024.jpg 1024w, https:\/\/powiatwwl.pl\/wp-content\/uploads\/2026\/03\/PW-logok-Zdjecie-profilowe-na-Facebooka-6-300x300.jpg 300w, https:\/\/powiatwwl.pl\/wp-content\/uploads\/2026\/03\/PW-logok-Zdjecie-profilowe-na-Facebooka-6-150x150.jpg 150w, https:\/\/powiatwwl.pl\/wp-content\/uploads\/2026\/03\/PW-logok-Zdjecie-profilowe-na-Facebooka-6-768x768.jpg 768w, https:\/\/powiatwwl.pl\/wp-content\/uploads\/2026\/03\/PW-logok-Zdjecie-profilowe-na-Facebooka-6-80x80.jpg 80w, https:\/\/powiatwwl.pl\/wp-content\/uploads\/2026\/03\/PW-logok-Zdjecie-profilowe-na-Facebooka-6-320x320.jpg 320w, https:\/\/powiatwwl.pl\/wp-content\/uploads\/2026\/03\/PW-logok-Zdjecie-profilowe-na-Facebooka-6.jpg 1280w\" sizes=\"auto, (max-width: 1024px) 100vw, 1024px\" \/><\/figure>\n<\/div>\n\n\n<h2 class=\"wp-block-heading\"><strong><a href=\"https:\/\/www.facebook.com\/reel\/1384433650390898\">ROLKA VIDEO<\/a><\/strong><\/h2>\n","protected":false},"excerpt":{"rendered":"<p>\ud835\udff3\ud835\udff1\ud835\udff2 \ud835\uddfb\ud835\uddfc\ud835\ude04\ud835\ude06\ud835\uddf0\ud835\uddf5 \ud835\uddf8\ud835\uddfc\ud835\uddfa\ud835\uddfd\ud835\ude02\ud835\ude01\ud835\uddf2\ud835\uddff\ud835\uddfc\u0301\ud835\ude04 \ud835\uddf6 \ud835\ude01\ud835\uddee\ud835\uddef\ud835\uddf9\ud835\uddf2\ud835\ude01\ud835\uddfc\u0301\ud835\ude04 \ud835\uddf7\ud835\ude02\ud835\ude07\u0307 \ud835\ude01\ud835\uddff\ud835\uddee\ud835\uddf3\ud835\uddf6\u0142\ud835\uddfc \ud835\uddf1\ud835\uddfc \ud835\ude00\ud835\ude07\ud835\uddf8\ud835\uddfc\u0301\u0142 \ud835\udde3\ud835\uddfc\ud835\ude04\ud835\uddf6\ud835\uddee\ud835\ude01\ud835\ude02 \ud835\uddea\ud835\uddfc\u0142\ud835\uddfc\ud835\uddfa\ud835\uddf6\ud835\uddfb\u0301\ud835\ude00\ud835\uddf8\ud835\uddf6\ud835\uddf2\ud835\uddf4\ud835\uddfc!. Dzi\u0119ki \u015brodkom z Krajowego Planu Odbudowy i Ministerstwo Cyfryzacji plac\u00f3wki otrzyma\u0142y nowoczesny sprz\u0119t o warto\u015bci \ud835\udfed \ud835\udff2\ud835\udff1\ud835\udff3 \ud835\udfed \ud835\udff5\ud835\udff2,\ud835\udfee\ud835\udfee \ud835\ude07\u0142, w tym laptopy, tablety i laptopy przegl\u0105darkowe, rozdystrybuowane do wszystkich szk\u00f3\u0142 w powiecie. To konkretne narz\u0119dzia wspieraj\u0105ce nauk\u0119, rozw\u00f3j i wyr\u00f3wnywanie szans edukacyjnych dla uczni\u00f3w i nauczycieli, a kolejne dostawy sprz\u0119tu ju\u017c wkr\u00f3tce trafi\u0105 dzi\u0119ki Ministerstwo Edukacji<\/p>\n","protected":false},"author":1,"featured_media":2277,"comment_status":"open","ping_status":"open","sticky":false,"template":"","format":"standard","meta":{"footnotes":""},"categories":[1],"tags":[],"class_list":["post-2275","post","type-post","status-publish","format-standard","has-post-thumbnail","hentry","category-aktualnosci"],"_links":{"self":[{"href":"https:\/\/powiatwwl.pl\/index.php?rest_route=\/wp\/v2\/posts\/2275","targetHints":{"allow":["GET"]}}],"collection":[{"href":"https:\/\/powiatwwl.pl\/index.php?rest_route=\/wp\/v2\/posts"}],"about":[{"href":"https:\/\/powiatwwl.pl\/index.php?rest_route=\/wp\/v2\/types\/post"}],"author":[{"embeddable":true,"href":"https:\/\/powiatwwl.pl\/index.php?rest_route=\/wp\/v2\/users\/1"}],"replies":[{"embeddable":true,"href":"https:\/\/powiatwwl.pl\/index.php?rest_route=%2Fwp%2Fv2%2Fcomments&post=2275"}],"version-history":[{"count":1,"href":"https:\/\/powiatwwl.pl\/index.php?rest_route=\/wp\/v2\/posts\/2275\/revisions"}],"predecessor-version":[{"id":2278,"href":"https:\/\/powiatwwl.pl\/index.php?rest_route=\/wp\/v2\/posts\/2275\/revisions\/2278"}],"wp:featuredmedia":[{"embeddable":true,"href":"https:\/\/powiatwwl.pl\/index.php?rest_route=\/wp\/v2\/media\/2277"}],"wp:attachment":[{"href":"https:\/\/powiatwwl.pl\/index.php?rest_route=%2Fwp%2Fv2%2Fmedia&parent=2275"}],"wp:term":[{"taxonomy":"category","embeddable":true,"href":"https:\/\/powiatwwl.pl\/index.php?rest_route=%2Fwp%2Fv2%2Fcategories&post=2275"},{"taxonomy":"post_tag","embeddable":true,"href":"https:\/\/powiatwwl.pl\/index.php?rest_route=%2Fwp%2Fv2%2Ftags&post=2275"}],"curies":[{"name":"wp","href":"https:\/\/api.w.org\/{rel}","templated":true}]}}