{"id":2285,"date":"2026-03-22T08:23:57","date_gmt":"2026-03-22T07:23:57","guid":{"rendered":"http:\/\/powiatwwl.pl\/?p=2285"},"modified":"2026-03-22T08:56:58","modified_gmt":"2026-03-22T07:56:58","slug":"nowy-zarzad-koalicji-obywatelskiej-w-powiecie-wolominskim","status":"publish","type":"post","link":"https:\/\/powiatwwl.pl\/?p=2285","title":{"rendered":"Nowy Zarz\u0105d Koalicji Obywatelskiej w Powiecie Wo\u0142omi\u0144skim"},"content":{"rendered":"<div class=\"wp-block-image\">\n<figure class=\"aligncenter size-large\"><img loading=\"lazy\" decoding=\"async\" width=\"1024\" height=\"726\" src=\"https:\/\/powiatwwl.pl\/wp-content\/uploads\/2026\/03\/652678823_1383905760440349_5283184912281913904_n-1024x726.jpg\" alt=\"\" class=\"wp-image-2286\" srcset=\"https:\/\/powiatwwl.pl\/wp-content\/uploads\/2026\/03\/652678823_1383905760440349_5283184912281913904_n-1024x726.jpg 1024w, https:\/\/powiatwwl.pl\/wp-content\/uploads\/2026\/03\/652678823_1383905760440349_5283184912281913904_n-300x213.jpg 300w, https:\/\/powiatwwl.pl\/wp-content\/uploads\/2026\/03\/652678823_1383905760440349_5283184912281913904_n-768x545.jpg 768w, https:\/\/powiatwwl.pl\/wp-content\/uploads\/2026\/03\/652678823_1383905760440349_5283184912281913904_n-1536x1090.jpg 1536w, https:\/\/powiatwwl.pl\/wp-content\/uploads\/2026\/03\/652678823_1383905760440349_5283184912281913904_n.jpg 1600w\" sizes=\"auto, (max-width: 1024px) 100vw, 1024px\" \/><\/figure>\n<\/div>\n\n\n<p>W pi\u0105tek 20 marca odby\u0142a si\u0119 Rada Powiatowa Koalicji Obywatelskiej w Powiecie Wo\u0142omi\u0144skim. Rada dokona\u0142a wyboru nowego Zarz\u0105du Koalicji Obywatelskiej w Powiecie Wo\u0142omi\u0144skim. Przewodnicz\u0105cy Arkadiusz WERELICH \/Marki\/, Wiceprzewodnicz\u0105cy &#8211; Tomasz KALATA \/Z\u0105bki\/, Artur ROLA \/Koby\u0142ka\/, Igor SULICH \/Wo\u0142omin\/, Sekretarz Marzena WIECZOREK &#8211; STARCZEWSKA, Skarbnik &#8211; Jacek \u0141UKASIAK, Cz\u0142onkowie Zarz\u0105du &#8211; Tomasz SAWICKI, Piotr WYSZY\u0143SKI, Arleta FERDYN, Karina JA\u0179WI\u0143SKA, Robert \u015aWIDERSKI, Marta ZUBOWICZ, Krzysztof MACIUSZKO, Olga RADWAN. Serdecznie Gratulujemy i \u017cyczymy powodzenia.\/PW\/<\/p>\n\n\n\n<p><\/p>\n\n\n\n<hr class=\"wp-block-separator aligncenter has-alpha-channel-opacity\"\/>\n\n\n<div class=\"wp-block-image\">\n<figure class=\"alignleft size-large is-resized\"><img loading=\"lazy\" decoding=\"async\" width=\"1024\" height=\"1024\" src=\"https:\/\/powiatwwl.pl\/wp-content\/uploads\/2026\/03\/434784026_723888836576825_3900070153074178760_n-1024x1024.jpg\" alt=\"\" class=\"wp-image-2283\" style=\"width:110px;height:auto\" srcset=\"https:\/\/powiatwwl.pl\/wp-content\/uploads\/2026\/03\/434784026_723888836576825_3900070153074178760_n-1024x1024.jpg 1024w, https:\/\/powiatwwl.pl\/wp-content\/uploads\/2026\/03\/434784026_723888836576825_3900070153074178760_n-300x300.jpg 300w, https:\/\/powiatwwl.pl\/wp-content\/uploads\/2026\/03\/434784026_723888836576825_3900070153074178760_n-150x150.jpg 150w, https:\/\/powiatwwl.pl\/wp-content\/uploads\/2026\/03\/434784026_723888836576825_3900070153074178760_n-768x768.jpg 768w, https:\/\/powiatwwl.pl\/wp-content\/uploads\/2026\/03\/434784026_723888836576825_3900070153074178760_n-1536x1536.jpg 1536w, https:\/\/powiatwwl.pl\/wp-content\/uploads\/2026\/03\/434784026_723888836576825_3900070153074178760_n-80x80.jpg 80w, https:\/\/powiatwwl.pl\/wp-content\/uploads\/2026\/03\/434784026_723888836576825_3900070153074178760_n-320x320.jpg 320w, https:\/\/powiatwwl.pl\/wp-content\/uploads\/2026\/03\/434784026_723888836576825_3900070153074178760_n.jpg 2000w\" sizes=\"auto, (max-width: 1024px) 100vw, 1024px\" \/><\/figure>\n<\/div>\n\n\n<h2 class=\"wp-block-heading\"><strong><a href=\"https:\/\/www.facebook.com\/profile.php?id=100068671466857\">Koalicja Obywatelska PW<\/a><\/strong><\/h2>\n\n\n\n<p><\/p>\n","protected":false},"excerpt":{"rendered":"<p>W pi\u0105tek 20 marca odby\u0142a si\u0119 Rada Powiatowa Koalicji Obywatelskiej w Powiecie Wo\u0142omi\u0144skim. Rada dokona\u0142a wyboru nowego Zarz\u0105du Koalicji Obywatelskiej w Powiecie Wo\u0142omi\u0144skim. Przewodnicz\u0105cy Arkadiusz WERELICH \/Marki\/, Wiceprzewodnicz\u0105cy &#8211; Tomasz KALATA \/Z\u0105bki\/, Artur ROLA \/Koby\u0142ka\/, Igor SULICH \/Wo\u0142omin\/, Sekretarz Marzena WIECZOREK &#8211; STARCZEWSKA, Skarbnik &#8211; Jacek \u0141UKASIAK, Cz\u0142onkowie Zarz\u0105du &#8211; Tomasz SAWICKI, Piotr WYSZY\u0143SKI, Arleta FERDYN, Karina JA\u0179WI\u0143SKA, Robert \u015aWIDERSKI, Marta ZUBOWICZ, Krzysztof MACIUSZKO, Olga RADWAN. Serdecznie Gratulujemy i \u017cyczymy powodzenia.\/PW\/<\/p>\n","protected":false},"author":1,"featured_media":2286,"comment_status":"open","ping_status":"open","sticky":false,"template":"","format":"standard","meta":{"footnotes":""},"categories":[1],"tags":[],"class_list":["post-2285","post","type-post","status-publish","format-standard","has-post-thumbnail","hentry","category-aktualnosci"],"_links":{"self":[{"href":"https:\/\/powiatwwl.pl\/index.php?rest_route=\/wp\/v2\/posts\/2285","targetHints":{"allow":["GET"]}}],"collection":[{"href":"https:\/\/powiatwwl.pl\/index.php?rest_route=\/wp\/v2\/posts"}],"about":[{"href":"https:\/\/powiatwwl.pl\/index.php?rest_route=\/wp\/v2\/types\/post"}],"author":[{"embeddable":true,"href":"https:\/\/powiatwwl.pl\/index.php?rest_route=\/wp\/v2\/users\/1"}],"replies":[{"embeddable":true,"href":"https:\/\/powiatwwl.pl\/index.php?rest_route=%2Fwp%2Fv2%2Fcomments&post=2285"}],"version-history":[{"count":3,"href":"https:\/\/powiatwwl.pl\/index.php?rest_route=\/wp\/v2\/posts\/2285\/revisions"}],"predecessor-version":[{"id":2297,"href":"https:\/\/powiatwwl.pl\/index.php?rest_route=\/wp\/v2\/posts\/2285\/revisions\/2297"}],"wp:featuredmedia":[{"embeddable":true,"href":"https:\/\/powiatwwl.pl\/index.php?rest_route=\/wp\/v2\/media\/2286"}],"wp:attachment":[{"href":"https:\/\/powiatwwl.pl\/index.php?rest_route=%2Fwp%2Fv2%2Fmedia&parent=2285"}],"wp:term":[{"taxonomy":"category","embeddable":true,"href":"https:\/\/powiatwwl.pl\/index.php?rest_route=%2Fwp%2Fv2%2Fcategories&post=2285"},{"taxonomy":"post_tag","embeddable":true,"href":"https:\/\/powiatwwl.pl\/index.php?rest_route=%2Fwp%2Fv2%2Ftags&post=2285"}],"curies":[{"name":"wp","href":"https:\/\/api.w.org\/{rel}","templated":true}]}}