{"id":2288,"date":"2026-03-22T08:38:31","date_gmt":"2026-03-22T07:38:31","guid":{"rendered":"http:\/\/powiatwwl.pl\/?p=2288"},"modified":"2026-03-22T08:39:42","modified_gmt":"2026-03-22T07:39:42","slug":"zla-passa-trwa","status":"publish","type":"post","link":"https:\/\/powiatwwl.pl\/?p=2288","title":{"rendered":"Z\u0142a passa trwa"},"content":{"rendered":"<div class=\"wp-block-image\">\n<figure class=\"aligncenter size-large is-resized\"><img loading=\"lazy\" decoding=\"async\" width=\"1024\" height=\"1024\" src=\"https:\/\/powiatwwl.pl\/wp-content\/uploads\/2026\/03\/655601186_1380196957242720_6774771957376051608_n-1024x1024.jpg\" alt=\"\" class=\"wp-image-2289\" style=\"width:618px;height:auto\" srcset=\"https:\/\/powiatwwl.pl\/wp-content\/uploads\/2026\/03\/655601186_1380196957242720_6774771957376051608_n-1024x1024.jpg 1024w, https:\/\/powiatwwl.pl\/wp-content\/uploads\/2026\/03\/655601186_1380196957242720_6774771957376051608_n-300x300.jpg 300w, https:\/\/powiatwwl.pl\/wp-content\/uploads\/2026\/03\/655601186_1380196957242720_6774771957376051608_n-150x150.jpg 150w, https:\/\/powiatwwl.pl\/wp-content\/uploads\/2026\/03\/655601186_1380196957242720_6774771957376051608_n-768x768.jpg 768w, https:\/\/powiatwwl.pl\/wp-content\/uploads\/2026\/03\/655601186_1380196957242720_6774771957376051608_n-80x80.jpg 80w, https:\/\/powiatwwl.pl\/wp-content\/uploads\/2026\/03\/655601186_1380196957242720_6774771957376051608_n-320x320.jpg 320w, https:\/\/powiatwwl.pl\/wp-content\/uploads\/2026\/03\/655601186_1380196957242720_6774771957376051608_n.jpg 1080w\" sizes=\"auto, (max-width: 1024px) 100vw, 1024px\" \/><\/figure>\n<\/div>\n\n\n<p>III liga pi\u0142karska. MKS Z\u0104BKOVIA Z\u0105bki niestety ponios\u0142a ju\u017c czwart\u0105 pora\u017ck\u0119 w rundzie wiosennej 2026. Tym razem w Troszynie przegra\u0142a a\u017c 0:4. Prawdopodobnie marzenia o awansie do II ligi trzeba b\u0119dzie od\u0142o\u017cy\u0107 na kolejny sezon. Z\u0142a passa pi\u0142karzy z Z\u0105bek niestety trwa.<\/p>\n\n\n\n<hr class=\"wp-block-separator aligncenter has-alpha-channel-opacity\"\/>\n\n\n<div class=\"wp-block-image\">\n<figure class=\"alignleft size-full is-resized\"><img loading=\"lazy\" decoding=\"async\" width=\"500\" height=\"500\" src=\"https:\/\/powiatwwl.pl\/wp-content\/uploads\/2026\/02\/zabkovia-herb.png\" alt=\"\" class=\"wp-image-926\" style=\"width:110px;height:auto\" srcset=\"https:\/\/powiatwwl.pl\/wp-content\/uploads\/2026\/02\/zabkovia-herb.png 500w, https:\/\/powiatwwl.pl\/wp-content\/uploads\/2026\/02\/zabkovia-herb-300x300.png 300w, https:\/\/powiatwwl.pl\/wp-content\/uploads\/2026\/02\/zabkovia-herb-150x150.png 150w, https:\/\/powiatwwl.pl\/wp-content\/uploads\/2026\/02\/zabkovia-herb-80x80.png 80w, https:\/\/powiatwwl.pl\/wp-content\/uploads\/2026\/02\/zabkovia-herb-320x320.png 320w\" sizes=\"auto, (max-width: 500px) 100vw, 500px\" \/><\/figure>\n<\/div>\n\n\n<h2 class=\"wp-block-heading\"><strong><a href=\"https:\/\/www.facebook.com\/zabkovia1927\">Z\u0104BKOVIA Z\u0105bki<\/a><\/strong><\/h2>\n","protected":false},"excerpt":{"rendered":"<p>III liga pi\u0142karska. MKS Z\u0104BKOVIA Z\u0105bki niestety ponios\u0142a ju\u017c czwart\u0105 pora\u017ck\u0119 w rundzie wiosennej 2026. Tym razem w Troszynie przegra\u0142a a\u017c 0:4. Prawdopodobnie marzenia o awansie do II ligi trzeba b\u0119dzie od\u0142o\u017cy\u0107 na kolejny sezon. Z\u0142a passa pi\u0142karzy z Z\u0105bek niestety trwa.<\/p>\n","protected":false},"author":1,"featured_media":2289,"comment_status":"open","ping_status":"open","sticky":false,"template":"","format":"standard","meta":{"footnotes":""},"categories":[1],"tags":[],"class_list":["post-2288","post","type-post","status-publish","format-standard","has-post-thumbnail","hentry","category-aktualnosci"],"_links":{"self":[{"href":"https:\/\/powiatwwl.pl\/index.php?rest_route=\/wp\/v2\/posts\/2288","targetHints":{"allow":["GET"]}}],"collection":[{"href":"https:\/\/powiatwwl.pl\/index.php?rest_route=\/wp\/v2\/posts"}],"about":[{"href":"https:\/\/powiatwwl.pl\/index.php?rest_route=\/wp\/v2\/types\/post"}],"author":[{"embeddable":true,"href":"https:\/\/powiatwwl.pl\/index.php?rest_route=\/wp\/v2\/users\/1"}],"replies":[{"embeddable":true,"href":"https:\/\/powiatwwl.pl\/index.php?rest_route=%2Fwp%2Fv2%2Fcomments&post=2288"}],"version-history":[{"count":2,"href":"https:\/\/powiatwwl.pl\/index.php?rest_route=\/wp\/v2\/posts\/2288\/revisions"}],"predecessor-version":[{"id":2291,"href":"https:\/\/powiatwwl.pl\/index.php?rest_route=\/wp\/v2\/posts\/2288\/revisions\/2291"}],"wp:featuredmedia":[{"embeddable":true,"href":"https:\/\/powiatwwl.pl\/index.php?rest_route=\/wp\/v2\/media\/2289"}],"wp:attachment":[{"href":"https:\/\/powiatwwl.pl\/index.php?rest_route=%2Fwp%2Fv2%2Fmedia&parent=2288"}],"wp:term":[{"taxonomy":"category","embeddable":true,"href":"https:\/\/powiatwwl.pl\/index.php?rest_route=%2Fwp%2Fv2%2Fcategories&post=2288"},{"taxonomy":"post_tag","embeddable":true,"href":"https:\/\/powiatwwl.pl\/index.php?rest_route=%2Fwp%2Fv2%2Ftags&post=2288"}],"curies":[{"name":"wp","href":"https:\/\/api.w.org\/{rel}","templated":true}]}}