{"id":2292,"date":"2026-03-22T08:54:42","date_gmt":"2026-03-22T07:54:42","guid":{"rendered":"http:\/\/powiatwwl.pl\/?p=2292"},"modified":"2026-03-22T08:54:44","modified_gmt":"2026-03-22T07:54:44","slug":"muzeum-bitwy-warszawskiej-1920-roku-w-ossowie-zaprasza-szkoly","status":"publish","type":"post","link":"https:\/\/powiatwwl.pl\/?p=2292","title":{"rendered":"Muzeum Bitwy Warszawskiej 1920 roku w Ossowie zaprasza szko\u0142y"},"content":{"rendered":"<div class=\"wp-block-image\">\n<figure class=\"aligncenter size-large is-resized\"><img loading=\"lazy\" decoding=\"async\" width=\"1024\" height=\"1024\" src=\"https:\/\/powiatwwl.pl\/wp-content\/uploads\/2026\/03\/652585973_122127258957055632_2930760392816473667_n-1024x1024.jpg\" alt=\"\" class=\"wp-image-2293\" style=\"width:590px;height:auto\" srcset=\"https:\/\/powiatwwl.pl\/wp-content\/uploads\/2026\/03\/652585973_122127258957055632_2930760392816473667_n-1024x1024.jpg 1024w, https:\/\/powiatwwl.pl\/wp-content\/uploads\/2026\/03\/652585973_122127258957055632_2930760392816473667_n-300x300.jpg 300w, https:\/\/powiatwwl.pl\/wp-content\/uploads\/2026\/03\/652585973_122127258957055632_2930760392816473667_n-150x150.jpg 150w, https:\/\/powiatwwl.pl\/wp-content\/uploads\/2026\/03\/652585973_122127258957055632_2930760392816473667_n-768x768.jpg 768w, https:\/\/powiatwwl.pl\/wp-content\/uploads\/2026\/03\/652585973_122127258957055632_2930760392816473667_n-1536x1536.jpg 1536w, https:\/\/powiatwwl.pl\/wp-content\/uploads\/2026\/03\/652585973_122127258957055632_2930760392816473667_n-80x80.jpg 80w, https:\/\/powiatwwl.pl\/wp-content\/uploads\/2026\/03\/652585973_122127258957055632_2930760392816473667_n-320x320.jpg 320w, https:\/\/powiatwwl.pl\/wp-content\/uploads\/2026\/03\/652585973_122127258957055632_2930760392816473667_n.jpg 2048w\" sizes=\"auto, (max-width: 1024px) 100vw, 1024px\" \/><\/figure>\n<\/div>\n\n\n<p>Zaproszenie dla szk\u00f3\u0142!. Zapraszamy uczni\u00f3w i nauczycieli do <a href=\"https:\/\/www.facebook.com\/MuzeumBW1920?__cft__[0]=AZb7gWOUN0P3_CkSy-X3SWs5aIlroRNVkKmGghcc1f6DJvMhsGShSJEX_VSkFnmUwefWOXOdZ8abZteafw05qc0d6TlRZsGnG2zDwMk-PxJnhbV9qXasrK0IX82jOGo1BWqV-cW6yC8uXfH1Il2PWIlq-ZcSK0WSzImgkikPq_5qSc2CNjPk9PcCQKHRONP_IvuF-kuBcyR0pxNhmuY24dnceoASMmx-dNdCq2I1pQfQrA&amp;__tn__=-]K-R\">Muzeum Bitwy Warszawskiej 1920 roku<\/a> w Ossowie!. Lekcje muzealne \u2022 seanse kinowe \u2022 zwiedzanie. \u015awietna atmosfera i \u017cywa historia. Dla szk\u00f3\u0142 z ca\u0142ej Polski. Zarezerwuj termin ju\u017c dzi\u015b! Kontakt: 570 965 500. Do zobaczenia!<\/p>\n\n\n\n<hr class=\"wp-block-separator aligncenter has-alpha-channel-opacity\"\/>\n\n\n<div class=\"wp-block-image\">\n<figure class=\"alignleft size-full is-resized\"><img loading=\"lazy\" decoding=\"async\" width=\"984\" height=\"996\" src=\"https:\/\/powiatwwl.pl\/wp-content\/uploads\/2026\/02\/556266872_122093761467055632_2017420217808264624_n.jpg\" alt=\"\" class=\"wp-image-1346\" style=\"width:110px;height:auto\" srcset=\"https:\/\/powiatwwl.pl\/wp-content\/uploads\/2026\/02\/556266872_122093761467055632_2017420217808264624_n.jpg 984w, https:\/\/powiatwwl.pl\/wp-content\/uploads\/2026\/02\/556266872_122093761467055632_2017420217808264624_n-296x300.jpg 296w, https:\/\/powiatwwl.pl\/wp-content\/uploads\/2026\/02\/556266872_122093761467055632_2017420217808264624_n-768x777.jpg 768w, https:\/\/powiatwwl.pl\/wp-content\/uploads\/2026\/02\/556266872_122093761467055632_2017420217808264624_n-80x80.jpg 80w\" sizes=\"auto, (max-width: 984px) 100vw, 984px\" \/><\/figure>\n<\/div>\n\n\n<h2 class=\"wp-block-heading\"><strong><a href=\"https:\/\/www.facebook.com\/MuzeumBW1920\">MBW 1920 w Ossowie<\/a><\/strong><\/h2>\n\n\n\n<p><\/p>\n","protected":false},"excerpt":{"rendered":"<p>Zaproszenie dla szk\u00f3\u0142!. Zapraszamy uczni\u00f3w i nauczycieli do Muzeum Bitwy Warszawskiej 1920 roku w Ossowie!. Lekcje muzealne \u2022 seanse kinowe \u2022 zwiedzanie. \u015awietna atmosfera i \u017cywa historia. Dla szk\u00f3\u0142 z ca\u0142ej Polski. Zarezerwuj termin ju\u017c dzi\u015b! Kontakt: 570 965 500. Do zobaczenia!<\/p>\n","protected":false},"author":1,"featured_media":2294,"comment_status":"open","ping_status":"open","sticky":false,"template":"","format":"standard","meta":{"footnotes":""},"categories":[1],"tags":[],"class_list":["post-2292","post","type-post","status-publish","format-standard","has-post-thumbnail","hentry","category-aktualnosci"],"_links":{"self":[{"href":"https:\/\/powiatwwl.pl\/index.php?rest_route=\/wp\/v2\/posts\/2292","targetHints":{"allow":["GET"]}}],"collection":[{"href":"https:\/\/powiatwwl.pl\/index.php?rest_route=\/wp\/v2\/posts"}],"about":[{"href":"https:\/\/powiatwwl.pl\/index.php?rest_route=\/wp\/v2\/types\/post"}],"author":[{"embeddable":true,"href":"https:\/\/powiatwwl.pl\/index.php?rest_route=\/wp\/v2\/users\/1"}],"replies":[{"embeddable":true,"href":"https:\/\/powiatwwl.pl\/index.php?rest_route=%2Fwp%2Fv2%2Fcomments&post=2292"}],"version-history":[{"count":1,"href":"https:\/\/powiatwwl.pl\/index.php?rest_route=\/wp\/v2\/posts\/2292\/revisions"}],"predecessor-version":[{"id":2295,"href":"https:\/\/powiatwwl.pl\/index.php?rest_route=\/wp\/v2\/posts\/2292\/revisions\/2295"}],"wp:featuredmedia":[{"embeddable":true,"href":"https:\/\/powiatwwl.pl\/index.php?rest_route=\/wp\/v2\/media\/2294"}],"wp:attachment":[{"href":"https:\/\/powiatwwl.pl\/index.php?rest_route=%2Fwp%2Fv2%2Fmedia&parent=2292"}],"wp:term":[{"taxonomy":"category","embeddable":true,"href":"https:\/\/powiatwwl.pl\/index.php?rest_route=%2Fwp%2Fv2%2Fcategories&post=2292"},{"taxonomy":"post_tag","embeddable":true,"href":"https:\/\/powiatwwl.pl\/index.php?rest_route=%2Fwp%2Fv2%2Ftags&post=2292"}],"curies":[{"name":"wp","href":"https:\/\/api.w.org\/{rel}","templated":true}]}}