{"id":2299,"date":"2026-03-23T08:11:39","date_gmt":"2026-03-23T07:11:39","guid":{"rendered":"http:\/\/powiatwwl.pl\/?p=2299"},"modified":"2026-03-23T08:11:40","modified_gmt":"2026-03-23T07:11:40","slug":"chwala-bohaterom","status":"publish","type":"post","link":"https:\/\/powiatwwl.pl\/?p=2299","title":{"rendered":"CHWA\u0141A BOHATEROM"},"content":{"rendered":"<div class=\"wp-block-image\">\n<figure class=\"aligncenter size-large is-resized\"><img loading=\"lazy\" decoding=\"async\" width=\"1024\" height=\"683\" src=\"https:\/\/powiatwwl.pl\/wp-content\/uploads\/2026\/03\/656917905_1263121005931695_7718589054578915103_n-1024x683.jpg\" alt=\"\" class=\"wp-image-2300\" style=\"aspect-ratio:1.4992793575987737;width:627px;height:auto\" srcset=\"https:\/\/powiatwwl.pl\/wp-content\/uploads\/2026\/03\/656917905_1263121005931695_7718589054578915103_n-1024x683.jpg 1024w, https:\/\/powiatwwl.pl\/wp-content\/uploads\/2026\/03\/656917905_1263121005931695_7718589054578915103_n-300x200.jpg 300w, https:\/\/powiatwwl.pl\/wp-content\/uploads\/2026\/03\/656917905_1263121005931695_7718589054578915103_n-768x512.jpg 768w, https:\/\/powiatwwl.pl\/wp-content\/uploads\/2026\/03\/656917905_1263121005931695_7718589054578915103_n-1536x1024.jpg 1536w, https:\/\/powiatwwl.pl\/wp-content\/uploads\/2026\/03\/656917905_1263121005931695_7718589054578915103_n.jpg 2048w\" sizes=\"auto, (max-width: 1024px) 100vw, 1024px\" \/><\/figure>\n<\/div>\n\n\n<p>W niedziel\u0119 22 marca w Boruczy oddali\u015bmy ho\u0142d Bohaterom poleg\u0142ym w potyczce Powstania Styczniowego \u2013 w miejscu, gdzie historia wci\u0105\u017c \u017cyje w ciszy lasu i przy mogile na niewielkim wzg\u00f3rzu. Wsp\u00f3lnie z mieszka\u0144cami, samorz\u0105dowcami, s\u0142u\u017cbami mundurowymi, organizacjami spo\u0142ecznymi zatrzymali\u015bmy si\u0119 na chwil\u0119 refleksji i wdzi\u0119czno\u015bci za ich odwag\u0119 i po\u015bwi\u0119cenie. CHWA\u0141A BOHATEROM ! <\/p>\n\n\n\n<hr class=\"wp-block-separator aligncenter has-alpha-channel-opacity\"\/>\n\n\n<div class=\"wp-block-image\">\n<figure class=\"alignleft size-large is-resized\"><img loading=\"lazy\" decoding=\"async\" width=\"1024\" height=\"1024\" src=\"https:\/\/powiatwwl.pl\/wp-content\/uploads\/2026\/02\/pw-1024x1024.jpg\" alt=\"\" class=\"wp-image-395\" style=\"width:105px;height:auto\" srcset=\"https:\/\/powiatwwl.pl\/wp-content\/uploads\/2026\/02\/pw-1024x1024.jpg 1024w, https:\/\/powiatwwl.pl\/wp-content\/uploads\/2026\/02\/pw-300x300.jpg 300w, https:\/\/powiatwwl.pl\/wp-content\/uploads\/2026\/02\/pw-150x150.jpg 150w, https:\/\/powiatwwl.pl\/wp-content\/uploads\/2026\/02\/pw-768x768.jpg 768w, https:\/\/powiatwwl.pl\/wp-content\/uploads\/2026\/02\/pw-80x80.jpg 80w, https:\/\/powiatwwl.pl\/wp-content\/uploads\/2026\/02\/pw-320x320.jpg 320w, https:\/\/powiatwwl.pl\/wp-content\/uploads\/2026\/02\/pw.jpg 1280w\" sizes=\"auto, (max-width: 1024px) 100vw, 1024px\" \/><\/figure>\n<\/div>\n\n\n<h2 class=\"wp-block-heading\"><strong><a href=\"https:\/\/www.facebook.com\/Powiat.Wolominski\">Powiat Wo\u0142omi\u0144ski<\/a><\/strong><\/h2>\n\n\n\n<p><\/p>\n","protected":false},"excerpt":{"rendered":"<p>W niedziel\u0119 22 marca w Boruczy oddali\u015bmy ho\u0142d Bohaterom poleg\u0142ym w potyczce Powstania Styczniowego \u2013 w miejscu, gdzie historia wci\u0105\u017c \u017cyje w ciszy lasu i przy mogile na niewielkim wzg\u00f3rzu. Wsp\u00f3lnie z mieszka\u0144cami, samorz\u0105dowcami, s\u0142u\u017cbami mundurowymi, organizacjami spo\u0142ecznymi zatrzymali\u015bmy si\u0119 na chwil\u0119 refleksji i wdzi\u0119czno\u015bci za ich odwag\u0119 i po\u015bwi\u0119cenie. CHWA\u0141A BOHATEROM ! <\/p>\n","protected":false},"author":1,"featured_media":2301,"comment_status":"open","ping_status":"open","sticky":false,"template":"","format":"standard","meta":{"footnotes":""},"categories":[1],"tags":[],"class_list":["post-2299","post","type-post","status-publish","format-standard","has-post-thumbnail","hentry","category-aktualnosci"],"_links":{"self":[{"href":"https:\/\/powiatwwl.pl\/index.php?rest_route=\/wp\/v2\/posts\/2299","targetHints":{"allow":["GET"]}}],"collection":[{"href":"https:\/\/powiatwwl.pl\/index.php?rest_route=\/wp\/v2\/posts"}],"about":[{"href":"https:\/\/powiatwwl.pl\/index.php?rest_route=\/wp\/v2\/types\/post"}],"author":[{"embeddable":true,"href":"https:\/\/powiatwwl.pl\/index.php?rest_route=\/wp\/v2\/users\/1"}],"replies":[{"embeddable":true,"href":"https:\/\/powiatwwl.pl\/index.php?rest_route=%2Fwp%2Fv2%2Fcomments&post=2299"}],"version-history":[{"count":1,"href":"https:\/\/powiatwwl.pl\/index.php?rest_route=\/wp\/v2\/posts\/2299\/revisions"}],"predecessor-version":[{"id":2302,"href":"https:\/\/powiatwwl.pl\/index.php?rest_route=\/wp\/v2\/posts\/2299\/revisions\/2302"}],"wp:featuredmedia":[{"embeddable":true,"href":"https:\/\/powiatwwl.pl\/index.php?rest_route=\/wp\/v2\/media\/2301"}],"wp:attachment":[{"href":"https:\/\/powiatwwl.pl\/index.php?rest_route=%2Fwp%2Fv2%2Fmedia&parent=2299"}],"wp:term":[{"taxonomy":"category","embeddable":true,"href":"https:\/\/powiatwwl.pl\/index.php?rest_route=%2Fwp%2Fv2%2Fcategories&post=2299"},{"taxonomy":"post_tag","embeddable":true,"href":"https:\/\/powiatwwl.pl\/index.php?rest_route=%2Fwp%2Fv2%2Ftags&post=2299"}],"curies":[{"name":"wp","href":"https:\/\/api.w.org\/{rel}","templated":true}]}}