{"id":2303,"date":"2026-03-23T08:17:54","date_gmt":"2026-03-23T07:17:54","guid":{"rendered":"http:\/\/powiatwwl.pl\/?p=2303"},"modified":"2026-03-23T08:17:55","modified_gmt":"2026-03-23T07:17:55","slug":"konferencja-powiatowa-spotkanie-z-sensem","status":"publish","type":"post","link":"https:\/\/powiatwwl.pl\/?p=2303","title":{"rendered":"Konferencja powiatowa &#8211; &#8222;Spotkanie z sensem&#8221;"},"content":{"rendered":"<div class=\"wp-block-image\">\n<figure class=\"aligncenter size-large is-resized\"><img loading=\"lazy\" decoding=\"async\" width=\"1024\" height=\"683\" src=\"https:\/\/powiatwwl.pl\/wp-content\/uploads\/2026\/03\/653110549_1261278056115990_1921057639747266491_n-1024x683.jpg\" alt=\"\" class=\"wp-image-2304\" style=\"aspect-ratio:1.4992793575987737;width:642px;height:auto\" srcset=\"https:\/\/powiatwwl.pl\/wp-content\/uploads\/2026\/03\/653110549_1261278056115990_1921057639747266491_n-1024x683.jpg 1024w, https:\/\/powiatwwl.pl\/wp-content\/uploads\/2026\/03\/653110549_1261278056115990_1921057639747266491_n-300x200.jpg 300w, https:\/\/powiatwwl.pl\/wp-content\/uploads\/2026\/03\/653110549_1261278056115990_1921057639747266491_n-768x512.jpg 768w, https:\/\/powiatwwl.pl\/wp-content\/uploads\/2026\/03\/653110549_1261278056115990_1921057639747266491_n-1536x1024.jpg 1536w, https:\/\/powiatwwl.pl\/wp-content\/uploads\/2026\/03\/653110549_1261278056115990_1921057639747266491_n.jpg 2048w\" sizes=\"auto, (max-width: 1024px) 100vw, 1024px\" \/><\/figure>\n<\/div>\n\n\n<p>Spotkali\u015bmy si\u0119, by wsp\u00f3lnie szuka\u0107 tego, co naprawd\u0119 nadaje sens naszej codzienno\u015bci. Kilka dni temu odby\u0142a si\u0119 powiatowa konferencja \u201eSpotkanie z sensem \u2013 logowychowanie\u201d, b\u0119d\u0105ca kontynuacj\u0105 ubieg\u0142orocznych rozm\u00f3w inspirowanych my\u015bl\u0105 Viktora Frankla. To by\u0142 czas refleksji, inspiruj\u0105cych wyst\u0105pie\u0144 i budowania warto\u015bci, kt\u00f3re wzmacniaj\u0105 nas jako wsp\u00f3lnot\u0119. Dzi\u0119kujemy wszystkim uczestnikom za obecno\u015b\u0107 i wsp\u00f3ln\u0105 przestrze\u0144 do rozmowy.<\/p>\n\n\n\n<hr class=\"wp-block-separator aligncenter has-alpha-channel-opacity\"\/>\n\n\n<div class=\"wp-block-image\">\n<figure class=\"alignleft size-large is-resized\"><img loading=\"lazy\" decoding=\"async\" width=\"1024\" height=\"1024\" src=\"https:\/\/powiatwwl.pl\/wp-content\/uploads\/2026\/02\/pw-1024x1024.jpg\" alt=\"\" class=\"wp-image-395\" style=\"width:112px;height:auto\" srcset=\"https:\/\/powiatwwl.pl\/wp-content\/uploads\/2026\/02\/pw-1024x1024.jpg 1024w, https:\/\/powiatwwl.pl\/wp-content\/uploads\/2026\/02\/pw-300x300.jpg 300w, https:\/\/powiatwwl.pl\/wp-content\/uploads\/2026\/02\/pw-150x150.jpg 150w, https:\/\/powiatwwl.pl\/wp-content\/uploads\/2026\/02\/pw-768x768.jpg 768w, https:\/\/powiatwwl.pl\/wp-content\/uploads\/2026\/02\/pw-80x80.jpg 80w, https:\/\/powiatwwl.pl\/wp-content\/uploads\/2026\/02\/pw-320x320.jpg 320w, https:\/\/powiatwwl.pl\/wp-content\/uploads\/2026\/02\/pw.jpg 1280w\" sizes=\"auto, (max-width: 1024px) 100vw, 1024px\" \/><\/figure>\n<\/div>\n\n\n<h2 class=\"wp-block-heading\"><strong><a href=\"https:\/\/www.facebook.com\/Powiat.Wolominski\">Powiat Wo\u0142omi\u0144ski<\/a><\/strong><\/h2>\n\n\n\n<p><\/p>\n","protected":false},"excerpt":{"rendered":"<p>Dzi\u015b spotkali\u015bmy si\u0119, by wsp\u00f3lnie szuka\u0107 tego, co naprawd\u0119 nadaje sens naszej codzienno\u015bci. Odby\u0142a si\u0119 powiatowa konferencja \u201eSpotkanie z sensem \u2013 logowychowanie\u201d, b\u0119d\u0105ca kontynuacj\u0105 ubieg\u0142orocznych rozm\u00f3w inspirowanych my\u015bl\u0105 Viktora Frankla. To by\u0142 czas refleksji, inspiruj\u0105cych wyst\u0105pie\u0144 i budowania warto\u015bci, kt\u00f3re wzmacniaj\u0105 nas jako wsp\u00f3lnot\u0119&#8230;<\/p>\n","protected":false},"author":1,"featured_media":2305,"comment_status":"open","ping_status":"open","sticky":false,"template":"","format":"standard","meta":{"footnotes":""},"categories":[1],"tags":[],"class_list":["post-2303","post","type-post","status-publish","format-standard","has-post-thumbnail","hentry","category-aktualnosci"],"_links":{"self":[{"href":"https:\/\/powiatwwl.pl\/index.php?rest_route=\/wp\/v2\/posts\/2303","targetHints":{"allow":["GET"]}}],"collection":[{"href":"https:\/\/powiatwwl.pl\/index.php?rest_route=\/wp\/v2\/posts"}],"about":[{"href":"https:\/\/powiatwwl.pl\/index.php?rest_route=\/wp\/v2\/types\/post"}],"author":[{"embeddable":true,"href":"https:\/\/powiatwwl.pl\/index.php?rest_route=\/wp\/v2\/users\/1"}],"replies":[{"embeddable":true,"href":"https:\/\/powiatwwl.pl\/index.php?rest_route=%2Fwp%2Fv2%2Fcomments&post=2303"}],"version-history":[{"count":1,"href":"https:\/\/powiatwwl.pl\/index.php?rest_route=\/wp\/v2\/posts\/2303\/revisions"}],"predecessor-version":[{"id":2306,"href":"https:\/\/powiatwwl.pl\/index.php?rest_route=\/wp\/v2\/posts\/2303\/revisions\/2306"}],"wp:featuredmedia":[{"embeddable":true,"href":"https:\/\/powiatwwl.pl\/index.php?rest_route=\/wp\/v2\/media\/2305"}],"wp:attachment":[{"href":"https:\/\/powiatwwl.pl\/index.php?rest_route=%2Fwp%2Fv2%2Fmedia&parent=2303"}],"wp:term":[{"taxonomy":"category","embeddable":true,"href":"https:\/\/powiatwwl.pl\/index.php?rest_route=%2Fwp%2Fv2%2Fcategories&post=2303"},{"taxonomy":"post_tag","embeddable":true,"href":"https:\/\/powiatwwl.pl\/index.php?rest_route=%2Fwp%2Fv2%2Ftags&post=2303"}],"curies":[{"name":"wp","href":"https:\/\/api.w.org\/{rel}","templated":true}]}}