{"id":2325,"date":"2026-03-23T13:09:54","date_gmt":"2026-03-23T12:09:54","guid":{"rendered":"http:\/\/powiatwwl.pl\/?p=2325"},"modified":"2026-03-23T13:10:56","modified_gmt":"2026-03-23T12:10:56","slug":"koalicja-obywatelska-mazowsze-wybrala","status":"publish","type":"post","link":"https:\/\/powiatwwl.pl\/?p=2325","title":{"rendered":"Koalicja Obywatelska Mazowsze wybra\u0142a"},"content":{"rendered":"<div class=\"wp-block-image\">\n<figure class=\"aligncenter size-large is-resized\"><img loading=\"lazy\" decoding=\"async\" width=\"1024\" height=\"683\" src=\"https:\/\/powiatwwl.pl\/wp-content\/uploads\/2026\/03\/657271637_1413110090860038_2080278719068344780_n-1024x683.jpg\" alt=\"\" class=\"wp-image-2327\" style=\"aspect-ratio:1.4992793575987737;width:592px;height:auto\" srcset=\"https:\/\/powiatwwl.pl\/wp-content\/uploads\/2026\/03\/657271637_1413110090860038_2080278719068344780_n-1024x683.jpg 1024w, https:\/\/powiatwwl.pl\/wp-content\/uploads\/2026\/03\/657271637_1413110090860038_2080278719068344780_n-300x200.jpg 300w, https:\/\/powiatwwl.pl\/wp-content\/uploads\/2026\/03\/657271637_1413110090860038_2080278719068344780_n-768x512.jpg 768w, https:\/\/powiatwwl.pl\/wp-content\/uploads\/2026\/03\/657271637_1413110090860038_2080278719068344780_n-1536x1025.jpg 1536w, https:\/\/powiatwwl.pl\/wp-content\/uploads\/2026\/03\/657271637_1413110090860038_2080278719068344780_n.jpg 2048w\" sizes=\"auto, (max-width: 1024px) 100vw, 1024px\" \/><\/figure>\n<\/div>\n\n\n<p>Koalicja Obywatelska w Powiecie Wo\u0142omi\u0144skim ma ju\u017c sw\u00f3j nowy zarz\u0105d. Podobnie Wojew\u00f3dztwo Mazowieckie. Przewodnicz\u0105cym Mazowsza w powszechnych wyborach Koalicji Obywatelskiej zosta\u0142 szef Kancelarii Prezesa Rady Ministr\u00f3w Jan GRABIEC \/Legionowo\/. A kilka dni temu poznali\u015bmy ca\u0142y sk\u0142ad zarz\u0105du Mazowsza. Nowo wybranym serdecznie Gratulujemy i \u017cyczymy sukces\u00f3w. \/PW\/<\/p>\n\n\n<div class=\"wp-block-image\">\n<figure class=\"aligncenter size-full\"><img loading=\"lazy\" decoding=\"async\" width=\"512\" height=\"640\" src=\"https:\/\/powiatwwl.pl\/wp-content\/uploads\/2026\/03\/655703920_1475095570687357_2446922271700341243_n.jpg\" alt=\"\" class=\"wp-image-2328\" srcset=\"https:\/\/powiatwwl.pl\/wp-content\/uploads\/2026\/03\/655703920_1475095570687357_2446922271700341243_n.jpg 512w, https:\/\/powiatwwl.pl\/wp-content\/uploads\/2026\/03\/655703920_1475095570687357_2446922271700341243_n-240x300.jpg 240w\" sizes=\"auto, (max-width: 512px) 100vw, 512px\" \/><\/figure>\n<\/div>\n\n\n<hr class=\"wp-block-separator aligncenter has-alpha-channel-opacity\"\/>\n\n\n<div class=\"wp-block-image\">\n<figure class=\"alignleft size-full is-resized\"><img loading=\"lazy\" decoding=\"async\" width=\"960\" height=\"960\" src=\"https:\/\/powiatwwl.pl\/wp-content\/uploads\/2026\/03\/434101261_832653882238998_3834621131472307497_n.jpg\" alt=\"\" class=\"wp-image-2326\" style=\"width:107px;height:auto\" srcset=\"https:\/\/powiatwwl.pl\/wp-content\/uploads\/2026\/03\/434101261_832653882238998_3834621131472307497_n.jpg 960w, https:\/\/powiatwwl.pl\/wp-content\/uploads\/2026\/03\/434101261_832653882238998_3834621131472307497_n-300x300.jpg 300w, https:\/\/powiatwwl.pl\/wp-content\/uploads\/2026\/03\/434101261_832653882238998_3834621131472307497_n-150x150.jpg 150w, https:\/\/powiatwwl.pl\/wp-content\/uploads\/2026\/03\/434101261_832653882238998_3834621131472307497_n-768x768.jpg 768w, https:\/\/powiatwwl.pl\/wp-content\/uploads\/2026\/03\/434101261_832653882238998_3834621131472307497_n-80x80.jpg 80w, https:\/\/powiatwwl.pl\/wp-content\/uploads\/2026\/03\/434101261_832653882238998_3834621131472307497_n-320x320.jpg 320w\" sizes=\"auto, (max-width: 960px) 100vw, 960px\" \/><\/figure>\n<\/div>\n\n\n<h2 class=\"wp-block-heading\"><strong><a href=\"https:\/\/www.facebook.com\/KoalicjaObywatelskaMazowieckie\/\">Koalicja Obywatelska Mazowsze<\/a><\/strong><\/h2>\n\n\n\n<p><\/p>\n","protected":false},"excerpt":{"rendered":"<p>Koalicja Obywatelska w Powiecie Wo\u0142omi\u0144skim ma ju\u017c sw\u00f3j nowy zarz\u0105d. Podobnie Wojew\u00f3dztwo Mazowieckie. Przewodnicz\u0105cym Mazowsza w powszechnych wyborach Koalicji Obywatelskiej zosta\u0142 szef Kancelarii Prezesa Rady Ministr\u00f3w Jan GRABIEC \/Legionowo\/. A kilka dni temu poznali\u015bmy ca\u0142y sk\u0142ad zarz\u0105du Mazowsza. Nowo wybranym serdecznie Gratulujemy i \u017cyczymy sukces\u00f3w. \/PW\/<\/p>\n","protected":false},"author":1,"featured_media":2328,"comment_status":"open","ping_status":"open","sticky":false,"template":"","format":"standard","meta":{"footnotes":""},"categories":[1],"tags":[],"class_list":["post-2325","post","type-post","status-publish","format-standard","has-post-thumbnail","hentry","category-aktualnosci"],"_links":{"self":[{"href":"https:\/\/powiatwwl.pl\/index.php?rest_route=\/wp\/v2\/posts\/2325","targetHints":{"allow":["GET"]}}],"collection":[{"href":"https:\/\/powiatwwl.pl\/index.php?rest_route=\/wp\/v2\/posts"}],"about":[{"href":"https:\/\/powiatwwl.pl\/index.php?rest_route=\/wp\/v2\/types\/post"}],"author":[{"embeddable":true,"href":"https:\/\/powiatwwl.pl\/index.php?rest_route=\/wp\/v2\/users\/1"}],"replies":[{"embeddable":true,"href":"https:\/\/powiatwwl.pl\/index.php?rest_route=%2Fwp%2Fv2%2Fcomments&post=2325"}],"version-history":[{"count":2,"href":"https:\/\/powiatwwl.pl\/index.php?rest_route=\/wp\/v2\/posts\/2325\/revisions"}],"predecessor-version":[{"id":2330,"href":"https:\/\/powiatwwl.pl\/index.php?rest_route=\/wp\/v2\/posts\/2325\/revisions\/2330"}],"wp:featuredmedia":[{"embeddable":true,"href":"https:\/\/powiatwwl.pl\/index.php?rest_route=\/wp\/v2\/media\/2328"}],"wp:attachment":[{"href":"https:\/\/powiatwwl.pl\/index.php?rest_route=%2Fwp%2Fv2%2Fmedia&parent=2325"}],"wp:term":[{"taxonomy":"category","embeddable":true,"href":"https:\/\/powiatwwl.pl\/index.php?rest_route=%2Fwp%2Fv2%2Fcategories&post=2325"},{"taxonomy":"post_tag","embeddable":true,"href":"https:\/\/powiatwwl.pl\/index.php?rest_route=%2Fwp%2Fv2%2Ftags&post=2325"}],"curies":[{"name":"wp","href":"https:\/\/api.w.org\/{rel}","templated":true}]}}