{"id":2331,"date":"2026-03-23T13:24:35","date_gmt":"2026-03-23T12:24:35","guid":{"rendered":"http:\/\/powiatwwl.pl\/?p=2331"},"modified":"2026-03-23T13:24:37","modified_gmt":"2026-03-23T12:24:37","slug":"kfs-2-mln-800-tys-zlotych-na-wsparcie-rozwoju-kompetencji","status":"publish","type":"post","link":"https:\/\/powiatwwl.pl\/?p=2331","title":{"rendered":"KFS. 2 mln. 800 tys. z\u0142otych na wsparcie rozwoju kompetencji"},"content":{"rendered":"<div class=\"wp-block-image\">\n<figure class=\"aligncenter size-full\"><img loading=\"lazy\" decoding=\"async\" width=\"600\" height=\"503\" src=\"https:\/\/powiatwwl.pl\/wp-content\/uploads\/2026\/03\/653094090_1245967097667501_3010294051349849988_n.jpg\" alt=\"\" class=\"wp-image-2332\" srcset=\"https:\/\/powiatwwl.pl\/wp-content\/uploads\/2026\/03\/653094090_1245967097667501_3010294051349849988_n.jpg 600w, https:\/\/powiatwwl.pl\/wp-content\/uploads\/2026\/03\/653094090_1245967097667501_3010294051349849988_n-300x252.jpg 300w\" sizes=\"auto, (max-width: 600px) 100vw, 600px\" \/><\/figure>\n<\/div>\n\n\n<p>Ruszy\u0142 nab\u00f3r wniosk\u00f3w do Krajowego Funduszu Szkoleniowego (KFS) 2026!. Od 20 marca) do 2 kwietnia 2026 r. mo\u017cesz ubiega\u0107 si\u0119 o dofinansowanie kszta\u0142cenia ustawicznego. W tym roku Powiat Wo\u0142omi\u0144ski dysponuje kwot\u0105 ponad 2,8 mln z\u0142 na wsparcie rozwoju kompetencji!. Kto mo\u017ce skorzysta\u0107?: <strong>pracodawcy i pracownicy, osoby prowadz\u0105ce dzia\u0142alno\u015b\u0107 gospodarcz\u0105, osoby \u015bwiadcz\u0105ce us\u0142ugi na umowach cywilnoprawnych<\/strong>. Wnioski przyjmowane s\u0105 wy\u0142\u0105cznie elektronicznie: <a href=\"https:\/\/www.praca.gov.pl\/?fbclid=IwZXh0bgNhZW0CMTAAYnJpZBEwVGl1Y0VaOEZyWnVqTVl3WHNydGMGYXBwX2lkEDIyMjAzOTE3ODgyMDA4OTIAAR5q5jWKepwlfMYjsgY7uCpqJzaAopQhseWydqoBcgtZmghzw0uUG8EDuGvohA_aem_fGyf3Ih3kjDL78uX_k3XTA\" target=\"_blank\" rel=\"noreferrer noopener\">www.praca.gov.pl<\/a><\/p>\n\n\n\n<p>Pami\u0119taj \u2013 liczy si\u0119 termin! Wnioski z\u0142o\u017cone po 02.04.2026 r. nie b\u0119d\u0105 rozpatrywane. Wnioskodawcy prowadz\u0105cy dzia\u0142alno\u015b\u0107 na terenie powiatu wo\u0142omi\u0144skiego, mog\u0105 uzyska\u0107 dodatkowe informacje odpowiednio: z terenu gmin: Wo\u0142omin, Koby\u0142ka, Po\u015bwi\u0119tne, Zielonka, Z\u0105bki &#8211; w PUP w Wo\u0142ominie ul. Warszawska 5a, 05-200 Wo\u0142omin oraz pod nr tel. (22) 763-73-14; z terenu gmin: D\u0105br\u00f3wka, Marki, Radzymin &#8211; w Filii PUP w Radzyminie ul. Konstytucji 3 Maja 24, 05-250 Radzymin oraz pod nr tel. (22) 786-92-83; z terenu gmin: T\u0142uszcz, Strach\u00f3wka, Jad\u00f3w, Klemb\u00f3w &#8211; w Filii PUP w T\u0142uszczu ul. Warszawska 10, 05-240 T\u0142uszcz oraz pod nr tel. (29) 758-02-55. <strong>Nie zwlekaj \u2013 zainwestuj w rozw\u00f3j sw\u00f3j lub swoich pracownik\u00f3w!<\/strong>\\<\/p>\n\n\n\n<hr class=\"wp-block-separator aligncenter has-alpha-channel-opacity\"\/>\n\n\n<div class=\"wp-block-image\">\n<figure class=\"alignleft size-full is-resized\"><img loading=\"lazy\" decoding=\"async\" width=\"768\" height=\"512\" src=\"https:\/\/powiatwwl.pl\/wp-content\/uploads\/2026\/02\/13849.jpg\" alt=\"\" class=\"wp-image-160\" style=\"aspect-ratio:1.5000610388817677;width:110px;height:auto\" srcset=\"https:\/\/powiatwwl.pl\/wp-content\/uploads\/2026\/02\/13849.jpg 768w, https:\/\/powiatwwl.pl\/wp-content\/uploads\/2026\/02\/13849-300x200.jpg 300w\" sizes=\"auto, (max-width: 768px) 100vw, 768px\" \/><\/figure>\n<\/div>\n\n\n<h2 class=\"wp-block-heading\"><strong><a href=\"https:\/\/www.facebook.com\/Powiat.Wolominski\">Powiat Wo\u0142omi\u0144ski<\/a><\/strong><\/h2>\n\n\n\n<p><\/p>\n","protected":false},"excerpt":{"rendered":"<p>Ruszy\u0142 nab\u00f3r wniosk\u00f3w do Krajowego Funduszu Szkoleniowego (KFS) 2026!. Od 20 marca) do 2 kwietnia 2026 r. mo\u017cesz ubiega\u0107 si\u0119 o dofinansowanie kszta\u0142cenia ustawicznego. W tym roku Powiat Wo\u0142omi\u0144ski dysponuje kwot\u0105 ponad 2,8 mln z\u0142 na wsparcie rozwoju kompetencji!. Kto mo\u017ce skorzysta\u0107?: pracodawcy i pracownicy, osoby prowadz\u0105ce dzia\u0142alno\u015b\u0107 gospodarcz\u0105, osoby \u015bwiadcz\u0105ce us\u0142ugi na umowach cywilnoprawnych. Wnioski przyjmowane s\u0105 wy\u0142\u0105cznie elektronicznie&#8230;<\/p>\n","protected":false},"author":1,"featured_media":2332,"comment_status":"open","ping_status":"open","sticky":false,"template":"","format":"standard","meta":{"footnotes":""},"categories":[1],"tags":[],"class_list":["post-2331","post","type-post","status-publish","format-standard","has-post-thumbnail","hentry","category-aktualnosci"],"_links":{"self":[{"href":"https:\/\/powiatwwl.pl\/index.php?rest_route=\/wp\/v2\/posts\/2331","targetHints":{"allow":["GET"]}}],"collection":[{"href":"https:\/\/powiatwwl.pl\/index.php?rest_route=\/wp\/v2\/posts"}],"about":[{"href":"https:\/\/powiatwwl.pl\/index.php?rest_route=\/wp\/v2\/types\/post"}],"author":[{"embeddable":true,"href":"https:\/\/powiatwwl.pl\/index.php?rest_route=\/wp\/v2\/users\/1"}],"replies":[{"embeddable":true,"href":"https:\/\/powiatwwl.pl\/index.php?rest_route=%2Fwp%2Fv2%2Fcomments&post=2331"}],"version-history":[{"count":1,"href":"https:\/\/powiatwwl.pl\/index.php?rest_route=\/wp\/v2\/posts\/2331\/revisions"}],"predecessor-version":[{"id":2333,"href":"https:\/\/powiatwwl.pl\/index.php?rest_route=\/wp\/v2\/posts\/2331\/revisions\/2333"}],"wp:featuredmedia":[{"embeddable":true,"href":"https:\/\/powiatwwl.pl\/index.php?rest_route=\/wp\/v2\/media\/2332"}],"wp:attachment":[{"href":"https:\/\/powiatwwl.pl\/index.php?rest_route=%2Fwp%2Fv2%2Fmedia&parent=2331"}],"wp:term":[{"taxonomy":"category","embeddable":true,"href":"https:\/\/powiatwwl.pl\/index.php?rest_route=%2Fwp%2Fv2%2Fcategories&post=2331"},{"taxonomy":"post_tag","embeddable":true,"href":"https:\/\/powiatwwl.pl\/index.php?rest_route=%2Fwp%2Fv2%2Ftags&post=2331"}],"curies":[{"name":"wp","href":"https:\/\/api.w.org\/{rel}","templated":true}]}}