{"id":2336,"date":"2026-03-23T14:06:08","date_gmt":"2026-03-23T13:06:08","guid":{"rendered":"http:\/\/powiatwwl.pl\/?p=2336"},"modified":"2026-03-23T14:06:09","modified_gmt":"2026-03-23T13:06:09","slug":"swieta-wielkanocne-bez-gotowania-tekst-promocyjny","status":"publish","type":"post","link":"https:\/\/powiatwwl.pl\/?p=2336","title":{"rendered":"\u015awi\u0119ta Wielkanocne bez gotowania \/tekst promocyjny\/"},"content":{"rendered":"<div class=\"wp-block-image\">\n<figure class=\"aligncenter size-full\"><img loading=\"lazy\" decoding=\"async\" width=\"851\" height=\"315\" src=\"https:\/\/powiatwwl.pl\/wp-content\/uploads\/2026\/03\/Kalendarz-Zdjecie-w-tle-na-Facebooka-3-1.jpg\" alt=\"\" class=\"wp-image-2337\" srcset=\"https:\/\/powiatwwl.pl\/wp-content\/uploads\/2026\/03\/Kalendarz-Zdjecie-w-tle-na-Facebooka-3-1.jpg 851w, https:\/\/powiatwwl.pl\/wp-content\/uploads\/2026\/03\/Kalendarz-Zdjecie-w-tle-na-Facebooka-3-1-300x111.jpg 300w, https:\/\/powiatwwl.pl\/wp-content\/uploads\/2026\/03\/Kalendarz-Zdjecie-w-tle-na-Facebooka-3-1-768x284.jpg 768w\" sizes=\"auto, (max-width: 851px) 100vw, 851px\" \/><\/figure>\n<\/div>\n\n\n<p>Czy s\u0105 mo\u017cliwe \u015awi\u0119ta Wielkanocne bez gotowania?. Oczywi\u015bcie wystarczy zadzwoni\u0107 i zam\u00f3wi\u0107 po pyszne, obfite i w dost\u0119pnej cenie menu. Tw\u00f3j \u015bwi\u0105teczny st\u00f3\u0142 b\u0119dzie wyj\u0105tkowy. Dania ciep\u0142e, zimne, zak\u0105ski, wypieki, specja\u0142y Wielkanocne. Restauracja Wiejska Chata i Sala u Artura w Zielonce zaprasza. To ostatni moment by sp\u0119dzi\u0107 \u015awi\u0119ta Wielkanocne bez gotowania przy obfitym stole.<\/p>\n\n\n<div class=\"wp-block-image\">\n<figure class=\"aligncenter size-full\"><img loading=\"lazy\" decoding=\"async\" width=\"586\" height=\"414\" src=\"https:\/\/powiatwwl.pl\/wp-content\/uploads\/2026\/03\/652867482_1559543919507211_4910963332652596327_n.jpg\" alt=\"\" class=\"wp-image-2339\" srcset=\"https:\/\/powiatwwl.pl\/wp-content\/uploads\/2026\/03\/652867482_1559543919507211_4910963332652596327_n.jpg 586w, https:\/\/powiatwwl.pl\/wp-content\/uploads\/2026\/03\/652867482_1559543919507211_4910963332652596327_n-300x212.jpg 300w\" sizes=\"auto, (max-width: 586px) 100vw, 586px\" \/><\/figure>\n<\/div>\n\n<div class=\"wp-block-image\">\n<figure class=\"aligncenter size-full\"><img loading=\"lazy\" decoding=\"async\" width=\"586\" height=\"414\" src=\"https:\/\/powiatwwl.pl\/wp-content\/uploads\/2026\/03\/650073482_1559543879507215_8461796639357950988_n.jpg\" alt=\"\" class=\"wp-image-2338\" srcset=\"https:\/\/powiatwwl.pl\/wp-content\/uploads\/2026\/03\/650073482_1559543879507215_8461796639357950988_n.jpg 586w, https:\/\/powiatwwl.pl\/wp-content\/uploads\/2026\/03\/650073482_1559543879507215_8461796639357950988_n-300x212.jpg 300w\" sizes=\"auto, (max-width: 586px) 100vw, 586px\" \/><\/figure>\n<\/div>\n\n\n<hr class=\"wp-block-separator aligncenter has-alpha-channel-opacity\"\/>\n\n\n<div class=\"wp-block-image\">\n<figure class=\"alignleft size-large is-resized\"><img loading=\"lazy\" decoding=\"async\" width=\"1024\" height=\"1018\" src=\"https:\/\/powiatwwl.pl\/wp-content\/uploads\/2026\/02\/279395202_343209137876636_3396342284563817381_n-1024x1018.jpg\" alt=\"\" class=\"wp-image-110\" style=\"aspect-ratio:1.0058940000920937;width:111px;height:auto\" srcset=\"https:\/\/powiatwwl.pl\/wp-content\/uploads\/2026\/02\/279395202_343209137876636_3396342284563817381_n-1024x1018.jpg 1024w, https:\/\/powiatwwl.pl\/wp-content\/uploads\/2026\/02\/279395202_343209137876636_3396342284563817381_n-300x298.jpg 300w, https:\/\/powiatwwl.pl\/wp-content\/uploads\/2026\/02\/279395202_343209137876636_3396342284563817381_n-150x150.jpg 150w, https:\/\/powiatwwl.pl\/wp-content\/uploads\/2026\/02\/279395202_343209137876636_3396342284563817381_n-768x763.jpg 768w, https:\/\/powiatwwl.pl\/wp-content\/uploads\/2026\/02\/279395202_343209137876636_3396342284563817381_n-80x80.jpg 80w, https:\/\/powiatwwl.pl\/wp-content\/uploads\/2026\/02\/279395202_343209137876636_3396342284563817381_n.jpg 1440w\" sizes=\"auto, (max-width: 1024px) 100vw, 1024px\" \/><\/figure>\n<\/div>\n\n\n<h2 class=\"wp-block-heading\"><strong><a href=\"https:\/\/www.facebook.com\/profile.php?id=100063548533484\">Restauracja Wiejska Chata<\/a><\/strong><\/h2>\n","protected":false},"excerpt":{"rendered":"<p>Czy s\u0105 mo\u017cliwe \u015awi\u0119ta Wielkanocne bez gotowania?. Oczywi\u015bcie wystarczy zadzwoni\u0107 i zam\u00f3wi\u0107 po pyszne, obfite i w dost\u0119pnej cenie menu. Tw\u00f3j \u015bwi\u0105teczny st\u00f3\u0142 b\u0119dzie wyj\u0105tkowy. Dania ciep\u0142e, zimne, zak\u0105ski, wypieki, specja\u0142y Wielkanocne. Restauracja Wiejska Chata i Sala u Artura w Zielonce zaprasza. To ostatni moment by sp\u0119dzi\u0107 \u015awi\u0119ta Wielkanocne bez gotowania przy obfitym stole.<\/p>\n","protected":false},"author":1,"featured_media":2337,"comment_status":"open","ping_status":"open","sticky":false,"template":"","format":"standard","meta":{"footnotes":""},"categories":[1],"tags":[],"class_list":["post-2336","post","type-post","status-publish","format-standard","has-post-thumbnail","hentry","category-aktualnosci"],"_links":{"self":[{"href":"https:\/\/powiatwwl.pl\/index.php?rest_route=\/wp\/v2\/posts\/2336","targetHints":{"allow":["GET"]}}],"collection":[{"href":"https:\/\/powiatwwl.pl\/index.php?rest_route=\/wp\/v2\/posts"}],"about":[{"href":"https:\/\/powiatwwl.pl\/index.php?rest_route=\/wp\/v2\/types\/post"}],"author":[{"embeddable":true,"href":"https:\/\/powiatwwl.pl\/index.php?rest_route=\/wp\/v2\/users\/1"}],"replies":[{"embeddable":true,"href":"https:\/\/powiatwwl.pl\/index.php?rest_route=%2Fwp%2Fv2%2Fcomments&post=2336"}],"version-history":[{"count":1,"href":"https:\/\/powiatwwl.pl\/index.php?rest_route=\/wp\/v2\/posts\/2336\/revisions"}],"predecessor-version":[{"id":2340,"href":"https:\/\/powiatwwl.pl\/index.php?rest_route=\/wp\/v2\/posts\/2336\/revisions\/2340"}],"wp:featuredmedia":[{"embeddable":true,"href":"https:\/\/powiatwwl.pl\/index.php?rest_route=\/wp\/v2\/media\/2337"}],"wp:attachment":[{"href":"https:\/\/powiatwwl.pl\/index.php?rest_route=%2Fwp%2Fv2%2Fmedia&parent=2336"}],"wp:term":[{"taxonomy":"category","embeddable":true,"href":"https:\/\/powiatwwl.pl\/index.php?rest_route=%2Fwp%2Fv2%2Fcategories&post=2336"},{"taxonomy":"post_tag","embeddable":true,"href":"https:\/\/powiatwwl.pl\/index.php?rest_route=%2Fwp%2Fv2%2Ftags&post=2336"}],"curies":[{"name":"wp","href":"https:\/\/api.w.org\/{rel}","templated":true}]}}