{"id":2348,"date":"2026-03-24T08:57:03","date_gmt":"2026-03-24T07:57:03","guid":{"rendered":"http:\/\/powiatwwl.pl\/?p=2348"},"modified":"2026-03-24T08:57:04","modified_gmt":"2026-03-24T07:57:04","slug":"informacja-zarzadu-powiatu-wolominskiego-marzec-2026","status":"publish","type":"post","link":"https:\/\/powiatwwl.pl\/?p=2348","title":{"rendered":"Informacja Zarz\u0105du Powiatu Wo\u0142omi\u0144skiego, marzec 2026"},"content":{"rendered":"<div class=\"wp-block-image\">\n<figure class=\"aligncenter size-full\"><img loading=\"lazy\" decoding=\"async\" width=\"810\" height=\"450\" src=\"https:\/\/powiatwwl.pl\/wp-content\/uploads\/2026\/02\/AWR-1.jpg\" alt=\"\" class=\"wp-image-770\" srcset=\"https:\/\/powiatwwl.pl\/wp-content\/uploads\/2026\/02\/AWR-1.jpg 810w, https:\/\/powiatwwl.pl\/wp-content\/uploads\/2026\/02\/AWR-1-300x167.jpg 300w, https:\/\/powiatwwl.pl\/wp-content\/uploads\/2026\/02\/AWR-1-768x427.jpg 768w\" sizes=\"auto, (max-width: 810px) 100vw, 810px\" \/><\/figure>\n<\/div>\n\n\n<p>REWOLUCJA NA OSTATNIEJ PROSTEJ: Zmieniamy system pieczy zast\u0119pczej! Dzieci s\u0105 nasz\u0105 przysz\u0142o\u015bci\u0105 \u2013 to zdanie s\u0142yszymy cz\u0119sto, ale dzi\u015b w Powiecie Wo\u0142omi\u0144skim zamieniamy je w konkretne, rekordowe liczby. Wczorajsze posiedzenie Zarz\u0105du Powiatu w 100% po\u015bwi\u0119cili\u015bmy tym, kt\u00f3rzy daj\u0105 dzieciom dom, bezpiecze\u0144stwo i now\u0105 szans\u0119. To najwi\u0119ksza reforma finansowania pieczy zast\u0119pczej w historii naszego powiatu. Co to oznacza w praktyce? Od kwietnia wprowadzamy zmiany, na kt\u00f3re system czeka\u0142 latami: Wy\u017csze \u015bwiadczenia bezpo\u015brednio \u201eza dzieckiem\u201d \u2013 bo to jego potrzeby s\u0105 w centrum. Wsparcie edukacji i usamodzielnienia \u2013 pomo\u017cemy m\u0142odzie\u017cy pewniej wej\u015b\u0107 w doros\u0142o\u015b\u0107. Zdecydowany wzrost wynagrodze\u0144 \u2013 dla rodzinnych dom\u00f3w dziecka, pogotowia rodzinnego oraz zawodowych rodzin zast\u0119pczych. Ich praca to misja, kt\u00f3ra musi by\u0107 godnie wynagradzana.<\/p>\n\n\n\n<p>To b\u0119dzie ogromny wysi\u0142ek dla bud\u017cetu Powiatu, ale jako Zarz\u0105d nie mieli\u015bmy w\u0105tpliwo\u015bci: te zmiany s\u0105 absolutnie konieczne. Nie szukamy wym\u00f3wek, szukamy rozwi\u0105za\u0144. W tym roku fundamentem reformy b\u0119dzie 1,6 mln z\u0142, kt\u00f3re pozyskali\u015bmy od Wojewody Mazowieckiego <a href=\"https:\/\/www.facebook.com\/profile.php?id=100064159172256&amp;__cft__[0]=AZZ6Bf7pgDcBGiBbAEMcrUWejaCtgN2oA9rsiuPNehLwUpQK65Ot6uzgu5v7UXwKNC8pbZJ674dZ1qumGvOxsXuwUpnLN82ij-GEb39o1bH0yWcip2cRaahX78EEbNqtBwyVd0o-FjZt8skX33gjhO0k2XRxaENamUWfsxmSdkGx_kQNIRkvq6OEpaYL9BHCpvyod4D0H4tpXZC-4FvsZmWV&amp;__tn__=-]K-R\">Mariusz R. Frankowski<\/a>. Ale to nie jest jednorazowy zastrzyk got\u00f3wki \u2013 to zmiana systemowa, kt\u00f3ra zostanie z nami na lata. Szczeg\u00f3\u0142y tych zmian w kwietniu. Ju\u017c dzi\u015b dzi\u0119kuj\u0119 ca\u0142emu zespo\u0142owi za determinacj\u0119 i merytoryk\u0119 oraz wszystkim, kt\u00f3rzy wierz\u0105, \u017ce inwestycja w bezpieczne dzieci\u0144stwo to najlepiej ulokowane pieni\u0105dze. Robimy to!.<\/p>\n\n\n\n<hr class=\"wp-block-separator has-alpha-channel-opacity\"\/>\n\n\n<div class=\"wp-block-image\">\n<figure class=\"alignleft size-large is-resized\"><img loading=\"lazy\" decoding=\"async\" width=\"1024\" height=\"1024\" src=\"https:\/\/powiatwwl.pl\/wp-content\/uploads\/2026\/03\/PW-logo12-Zdjecie-profilowe-na-Facebooka-1-1024x1024.jpg\" alt=\"\" class=\"wp-image-1845\" style=\"width:109px;height:auto\" srcset=\"https:\/\/powiatwwl.pl\/wp-content\/uploads\/2026\/03\/PW-logo12-Zdjecie-profilowe-na-Facebooka-1-1024x1024.jpg 1024w, https:\/\/powiatwwl.pl\/wp-content\/uploads\/2026\/03\/PW-logo12-Zdjecie-profilowe-na-Facebooka-1-300x300.jpg 300w, https:\/\/powiatwwl.pl\/wp-content\/uploads\/2026\/03\/PW-logo12-Zdjecie-profilowe-na-Facebooka-1-150x150.jpg 150w, https:\/\/powiatwwl.pl\/wp-content\/uploads\/2026\/03\/PW-logo12-Zdjecie-profilowe-na-Facebooka-1-768x768.jpg 768w, https:\/\/powiatwwl.pl\/wp-content\/uploads\/2026\/03\/PW-logo12-Zdjecie-profilowe-na-Facebooka-1-1536x1536.jpg 1536w, https:\/\/powiatwwl.pl\/wp-content\/uploads\/2026\/03\/PW-logo12-Zdjecie-profilowe-na-Facebooka-1-80x80.jpg 80w, https:\/\/powiatwwl.pl\/wp-content\/uploads\/2026\/03\/PW-logo12-Zdjecie-profilowe-na-Facebooka-1-320x320.jpg 320w, https:\/\/powiatwwl.pl\/wp-content\/uploads\/2026\/03\/PW-logo12-Zdjecie-profilowe-na-Facebooka-1.jpg 2048w\" sizes=\"auto, (max-width: 1024px) 100vw, 1024px\" \/><\/figure>\n<\/div>\n\n\n<h2 class=\"wp-block-heading\"><strong><a href=\"https:\/\/www.facebook.com\/starostaWerelich\">Arkadiusz WERELICH<\/a><\/strong><\/h2>\n\n\n\n<p><\/p>\n","protected":false},"excerpt":{"rendered":"<p>REWOLUCJA NA OSTATNIEJ PROSTEJ: Zmieniamy system pieczy zast\u0119pczej! Dzieci s\u0105 nasz\u0105 przysz\u0142o\u015bci\u0105 \u2013 to zdanie s\u0142yszymy cz\u0119sto, ale dzi\u015b w Powiecie Wo\u0142omi\u0144skim zamieniamy je w konkretne, rekordowe liczby. Wczorajsze posiedzenie Zarz\u0105du Powiatu w 100% po\u015bwi\u0119cili\u015bmy tym, kt\u00f3rzy daj\u0105 dzieciom dom, bezpiecze\u0144stwo i now\u0105 szans\u0119. To najwi\u0119ksza reforma finansowania pieczy zast\u0119pczej w historii naszego powiatu. Co to oznacza w praktyce? Od kwietnia wprowadzamy zmiany, na kt\u00f3re system czeka\u0142 latami:&#8230;<\/p>\n","protected":false},"author":1,"featured_media":770,"comment_status":"open","ping_status":"open","sticky":false,"template":"","format":"standard","meta":{"footnotes":""},"categories":[1],"tags":[],"class_list":["post-2348","post","type-post","status-publish","format-standard","has-post-thumbnail","hentry","category-aktualnosci"],"_links":{"self":[{"href":"https:\/\/powiatwwl.pl\/index.php?rest_route=\/wp\/v2\/posts\/2348","targetHints":{"allow":["GET"]}}],"collection":[{"href":"https:\/\/powiatwwl.pl\/index.php?rest_route=\/wp\/v2\/posts"}],"about":[{"href":"https:\/\/powiatwwl.pl\/index.php?rest_route=\/wp\/v2\/types\/post"}],"author":[{"embeddable":true,"href":"https:\/\/powiatwwl.pl\/index.php?rest_route=\/wp\/v2\/users\/1"}],"replies":[{"embeddable":true,"href":"https:\/\/powiatwwl.pl\/index.php?rest_route=%2Fwp%2Fv2%2Fcomments&post=2348"}],"version-history":[{"count":1,"href":"https:\/\/powiatwwl.pl\/index.php?rest_route=\/wp\/v2\/posts\/2348\/revisions"}],"predecessor-version":[{"id":2349,"href":"https:\/\/powiatwwl.pl\/index.php?rest_route=\/wp\/v2\/posts\/2348\/revisions\/2349"}],"wp:featuredmedia":[{"embeddable":true,"href":"https:\/\/powiatwwl.pl\/index.php?rest_route=\/wp\/v2\/media\/770"}],"wp:attachment":[{"href":"https:\/\/powiatwwl.pl\/index.php?rest_route=%2Fwp%2Fv2%2Fmedia&parent=2348"}],"wp:term":[{"taxonomy":"category","embeddable":true,"href":"https:\/\/powiatwwl.pl\/index.php?rest_route=%2Fwp%2Fv2%2Fcategories&post=2348"},{"taxonomy":"post_tag","embeddable":true,"href":"https:\/\/powiatwwl.pl\/index.php?rest_route=%2Fwp%2Fv2%2Ftags&post=2348"}],"curies":[{"name":"wp","href":"https:\/\/api.w.org\/{rel}","templated":true}]}}