{"id":2351,"date":"2026-03-26T08:29:25","date_gmt":"2026-03-26T07:29:25","guid":{"rendered":"http:\/\/powiatwwl.pl\/?p=2351"},"modified":"2026-03-26T08:30:16","modified_gmt":"2026-03-26T07:30:16","slug":"xxiv-sesja-rady-powiatu-wolominskiego-wkrotce-na-zywo","status":"publish","type":"post","link":"https:\/\/powiatwwl.pl\/?p=2351","title":{"rendered":"XXIV Sesja Rady Powiatu Wo\u0142omi\u0144skiego \/od godziny 14.00 na \u017cywo\/"},"content":{"rendered":"<div class=\"wp-block-image\">\n<figure class=\"aligncenter size-full\"><img loading=\"lazy\" decoding=\"async\" width=\"300\" height=\"300\" src=\"https:\/\/powiatwwl.pl\/wp-content\/uploads\/2026\/03\/Dodaj-podtytul-2.jpg\" alt=\"\" class=\"wp-image-2352\" srcset=\"https:\/\/powiatwwl.pl\/wp-content\/uploads\/2026\/03\/Dodaj-podtytul-2.jpg 300w, https:\/\/powiatwwl.pl\/wp-content\/uploads\/2026\/03\/Dodaj-podtytul-2-150x150.jpg 150w, https:\/\/powiatwwl.pl\/wp-content\/uploads\/2026\/03\/Dodaj-podtytul-2-80x80.jpg 80w\" sizes=\"auto, (max-width: 300px) 100vw, 300px\" \/><\/figure>\n<\/div>\n\n\n<p>Zapraszam na relacj\u0119 z obrad Rady Powiatu Wo\u0142omi\u0144skiego. O godzinie 14.00 rozpocznie si\u0119 XXIV sesja Rady Powiatu Wo\u0142omi\u0144skiego. W porz\u0105dku obrad znajduje si\u0119 18 punkt\u00f3w. Transmisja online. Link znajduje si\u0119 pod artyku\u0142em.<\/p>\n\n\n<div class=\"wp-block-image\">\n<figure class=\"alignleft size-full is-resized\"><img loading=\"lazy\" decoding=\"async\" width=\"300\" height=\"300\" src=\"https:\/\/powiatwwl.pl\/wp-content\/uploads\/2026\/03\/Dodaj-podtytul-2.jpg\" alt=\"\" class=\"wp-image-2352\" style=\"width:112px;height:auto\" srcset=\"https:\/\/powiatwwl.pl\/wp-content\/uploads\/2026\/03\/Dodaj-podtytul-2.jpg 300w, https:\/\/powiatwwl.pl\/wp-content\/uploads\/2026\/03\/Dodaj-podtytul-2-150x150.jpg 150w, https:\/\/powiatwwl.pl\/wp-content\/uploads\/2026\/03\/Dodaj-podtytul-2-80x80.jpg 80w\" sizes=\"auto, (max-width: 300px) 100vw, 300px\" \/><\/figure>\n<\/div>\n\n\n<h2 class=\"wp-block-heading\"><strong><a href=\"https:\/\/radni.tv\/jednostka\/?id=22\">XXIV sesja na \u017cywo<\/a><\/strong><\/h2>\n\n\n\n<p><\/p>\n","protected":false},"excerpt":{"rendered":"<p>O godzinie 14.00 rozpocznie si\u0119 XXIV sesja Rady Powiatu Wo\u0142omi\u0144skiego. W porz\u0105dku obrad znajduje si\u0119 18 punkt\u00f3w. Zapraszam na transmisj\u0119 online. Link znajduje si\u0119 pod artyku\u0142em.<\/p>\n","protected":false},"author":1,"featured_media":2352,"comment_status":"open","ping_status":"open","sticky":false,"template":"","format":"standard","meta":{"footnotes":""},"categories":[1],"tags":[],"class_list":["post-2351","post","type-post","status-publish","format-standard","has-post-thumbnail","hentry","category-aktualnosci"],"_links":{"self":[{"href":"https:\/\/powiatwwl.pl\/index.php?rest_route=\/wp\/v2\/posts\/2351","targetHints":{"allow":["GET"]}}],"collection":[{"href":"https:\/\/powiatwwl.pl\/index.php?rest_route=\/wp\/v2\/posts"}],"about":[{"href":"https:\/\/powiatwwl.pl\/index.php?rest_route=\/wp\/v2\/types\/post"}],"author":[{"embeddable":true,"href":"https:\/\/powiatwwl.pl\/index.php?rest_route=\/wp\/v2\/users\/1"}],"replies":[{"embeddable":true,"href":"https:\/\/powiatwwl.pl\/index.php?rest_route=%2Fwp%2Fv2%2Fcomments&post=2351"}],"version-history":[{"count":3,"href":"https:\/\/powiatwwl.pl\/index.php?rest_route=\/wp\/v2\/posts\/2351\/revisions"}],"predecessor-version":[{"id":2413,"href":"https:\/\/powiatwwl.pl\/index.php?rest_route=\/wp\/v2\/posts\/2351\/revisions\/2413"}],"wp:featuredmedia":[{"embeddable":true,"href":"https:\/\/powiatwwl.pl\/index.php?rest_route=\/wp\/v2\/media\/2352"}],"wp:attachment":[{"href":"https:\/\/powiatwwl.pl\/index.php?rest_route=%2Fwp%2Fv2%2Fmedia&parent=2351"}],"wp:term":[{"taxonomy":"category","embeddable":true,"href":"https:\/\/powiatwwl.pl\/index.php?rest_route=%2Fwp%2Fv2%2Fcategories&post=2351"},{"taxonomy":"post_tag","embeddable":true,"href":"https:\/\/powiatwwl.pl\/index.php?rest_route=%2Fwp%2Fv2%2Ftags&post=2351"}],"curies":[{"name":"wp","href":"https:\/\/api.w.org\/{rel}","templated":true}]}}