{"id":2354,"date":"2026-03-24T12:43:37","date_gmt":"2026-03-24T11:43:37","guid":{"rendered":"http:\/\/powiatwwl.pl\/?p=2354"},"modified":"2026-03-24T12:43:39","modified_gmt":"2026-03-24T11:43:39","slug":"wizyta-w-poswietne","status":"publish","type":"post","link":"https:\/\/powiatwwl.pl\/?p=2354","title":{"rendered":"Wizyta w Po\u015bwi\u0119tne"},"content":{"rendered":"<div class=\"wp-block-image\">\n<figure class=\"aligncenter size-full\"><img loading=\"lazy\" decoding=\"async\" width=\"521\" height=\"565\" src=\"https:\/\/powiatwwl.pl\/wp-content\/uploads\/2026\/03\/658101816_122212595366372847_2845469073068483255_n.jpg\" alt=\"\" class=\"wp-image-2355\" srcset=\"https:\/\/powiatwwl.pl\/wp-content\/uploads\/2026\/03\/658101816_122212595366372847_2845469073068483255_n.jpg 521w, https:\/\/powiatwwl.pl\/wp-content\/uploads\/2026\/03\/658101816_122212595366372847_2845469073068483255_n-277x300.jpg 277w\" sizes=\"auto, (max-width: 521px) 100vw, 521px\" \/><\/figure>\n<\/div>\n\n\n<p>Dzisiaj, z wielk\u0105 przyjemno\u015bci\u0105 odwiedzi\u0142em Pana <a href=\"https:\/\/www.facebook.com\/sylwester.niznik.37?__cft__[0]=AZa91kp8Ps8QUz4qjIaRIlPM5Dju_3fp_hTeQB2i9lR9wjzu4M_Mo9LPi2468sa93ZRqtykGbxMBq_SV-aaKqgo6gvV9E4nZyzk0Lh9Yfq1NTtPgIybtHGA3vq2y9oboKFKnphwopez2mtaQaKi1InXbOUDLV678SrYtO0xiQy41-Ojb4hlUo0ZIKeBUosWmQSohDSGFBpbiHzZjqX067ojZ&amp;__tn__=-]K-R\">Sylwester Ni\u017anik<\/a>a W\u00f3jta Gminy Po\u015bwi\u0119tne. Spotkanie mia\u0142o charakter roboczy: om\u00f3wili\u015bmy stan dr\u00f3g powiatowych i plany na najbli\u017csz\u0105 przysz\u0142o\u015b\u0107 w tej cz\u0119\u015bci naszego Powiatu Wo\u0142omi\u0144skiego. Rozmawiali\u015bmy w obecno\u015bci pana naczelnika Wydzia\u0142u Dr\u00f3g Powiatowych.\/TK\/<\/p>\n\n\n\n<hr class=\"wp-block-separator aligncenter has-alpha-channel-opacity\"\/>\n\n\n<div class=\"wp-block-image\">\n<figure class=\"alignleft size-full is-resized\"><img loading=\"lazy\" decoding=\"async\" width=\"300\" height=\"300\" src=\"https:\/\/powiatwwl.pl\/wp-content\/uploads\/2026\/03\/Dodaj-podtytul-1.jpg\" alt=\"\" class=\"wp-image-2264\" style=\"width:110px;height:auto\" srcset=\"https:\/\/powiatwwl.pl\/wp-content\/uploads\/2026\/03\/Dodaj-podtytul-1.jpg 300w, https:\/\/powiatwwl.pl\/wp-content\/uploads\/2026\/03\/Dodaj-podtytul-1-150x150.jpg 150w, https:\/\/powiatwwl.pl\/wp-content\/uploads\/2026\/03\/Dodaj-podtytul-1-80x80.jpg 80w\" sizes=\"auto, (max-width: 300px) 100vw, 300px\" \/><\/figure>\n<\/div>\n\n\n<h2 class=\"wp-block-heading\"><strong><a href=\"https:\/\/www.facebook.com\/profile.php?id=61561185435479\">Tomasz KALATA<\/a><\/strong><\/h2>\n\n\n\n<p><\/p>\n","protected":false},"excerpt":{"rendered":"<p>Dzisiaj, z wielk\u0105 przyjemno\u015bci\u0105 odwiedzi\u0142em Pana Sylwester Ni\u017anika W\u00f3jta Gminy Po\u015bwi\u0119tne. Spotkanie mia\u0142o charakter roboczy: om\u00f3wili\u015bmy stan dr\u00f3g powiatowych i plany na najbli\u017csz\u0105 przysz\u0142o\u015b\u0107 w tej cz\u0119\u015bci naszego Powiatu Wo\u0142omi\u0144skiego. Rozmawiali\u015bmy w obecno\u015bci pana naczelnika Wydzia\u0142u Dr\u00f3g Powiatowych.\/TK\/<\/p>\n","protected":false},"author":1,"featured_media":2355,"comment_status":"open","ping_status":"open","sticky":false,"template":"","format":"standard","meta":{"footnotes":""},"categories":[1],"tags":[],"class_list":["post-2354","post","type-post","status-publish","format-standard","has-post-thumbnail","hentry","category-aktualnosci"],"_links":{"self":[{"href":"https:\/\/powiatwwl.pl\/index.php?rest_route=\/wp\/v2\/posts\/2354","targetHints":{"allow":["GET"]}}],"collection":[{"href":"https:\/\/powiatwwl.pl\/index.php?rest_route=\/wp\/v2\/posts"}],"about":[{"href":"https:\/\/powiatwwl.pl\/index.php?rest_route=\/wp\/v2\/types\/post"}],"author":[{"embeddable":true,"href":"https:\/\/powiatwwl.pl\/index.php?rest_route=\/wp\/v2\/users\/1"}],"replies":[{"embeddable":true,"href":"https:\/\/powiatwwl.pl\/index.php?rest_route=%2Fwp%2Fv2%2Fcomments&post=2354"}],"version-history":[{"count":1,"href":"https:\/\/powiatwwl.pl\/index.php?rest_route=\/wp\/v2\/posts\/2354\/revisions"}],"predecessor-version":[{"id":2356,"href":"https:\/\/powiatwwl.pl\/index.php?rest_route=\/wp\/v2\/posts\/2354\/revisions\/2356"}],"wp:featuredmedia":[{"embeddable":true,"href":"https:\/\/powiatwwl.pl\/index.php?rest_route=\/wp\/v2\/media\/2355"}],"wp:attachment":[{"href":"https:\/\/powiatwwl.pl\/index.php?rest_route=%2Fwp%2Fv2%2Fmedia&parent=2354"}],"wp:term":[{"taxonomy":"category","embeddable":true,"href":"https:\/\/powiatwwl.pl\/index.php?rest_route=%2Fwp%2Fv2%2Fcategories&post=2354"},{"taxonomy":"post_tag","embeddable":true,"href":"https:\/\/powiatwwl.pl\/index.php?rest_route=%2Fwp%2Fv2%2Ftags&post=2354"}],"curies":[{"name":"wp","href":"https:\/\/api.w.org\/{rel}","templated":true}]}}