{"id":2378,"date":"2026-03-25T09:43:03","date_gmt":"2026-03-25T08:43:03","guid":{"rendered":"http:\/\/powiatwwl.pl\/?p=2378"},"modified":"2026-03-25T09:47:12","modified_gmt":"2026-03-25T08:47:12","slug":"destruktorzy-tym-razem-przegrali-na-jak-dlugo","status":"publish","type":"post","link":"https:\/\/powiatwwl.pl\/?p=2378","title":{"rendered":"&#8222;Destruktorzy&#8221; tym razem przegrali&#8230;na jak d\u0142ugo ?"},"content":{"rendered":"<div class=\"wp-block-image\">\n<figure class=\"aligncenter size-full is-resized\"><img loading=\"lazy\" decoding=\"async\" width=\"960\" height=\"543\" src=\"https:\/\/powiatwwl.pl\/wp-content\/uploads\/2026\/03\/503551195_24006139662315806_2456280981072872200_n.jpg\" alt=\"\" class=\"wp-image-2379\" style=\"aspect-ratio:1.7680066760668758;width:619px;height:auto\" srcset=\"https:\/\/powiatwwl.pl\/wp-content\/uploads\/2026\/03\/503551195_24006139662315806_2456280981072872200_n.jpg 960w, https:\/\/powiatwwl.pl\/wp-content\/uploads\/2026\/03\/503551195_24006139662315806_2456280981072872200_n-300x170.jpg 300w, https:\/\/powiatwwl.pl\/wp-content\/uploads\/2026\/03\/503551195_24006139662315806_2456280981072872200_n-768x434.jpg 768w\" sizes=\"auto, (max-width: 960px) 100vw, 960px\" \/><\/figure>\n<\/div>\n\n\n<p>Od dawna wiadomo, \u017ce samorz\u0105d wo\u0142omi\u0144ski (czytaj rada miejska) zamieni\u0142 si\u0119 w okr\u0105g\u0142\u0105 aren\u0119 nieustannego sporu. Grupa radnych tzw. &#8222;opozycji burmistrzowskiej&#8221; od ponad 1,5 roku toczy ja\u0142owe spory, kt\u00f3re maj\u0105 na celu wy\u0142\u0105cznie wywo\u0142anie chaosu i atmosfer\u0119 nieustannego konfliktu. Maj\u0105 tak\u017ce za cel destabilizacj\u0119 dobrej wsp\u00f3\u0142pracy w samorz\u0105dzie wo\u0142omi\u0144skim w my\u015bl zasady &#8222;im gorzej, tym lepiej&#8221; min. poprzez niezrozumia\u0142e decyzje dotycz\u0105ce odwo\u0142ywania i powo\u0142ywania nowych sk\u0142ad\u00f3w komisji problemowych, a ostatnio nawet pr\u00f3b\u0119 zmiany na stanowisku Przewodnicz\u0105cej Rady Miejskiej.<\/p>\n\n\n\n<p>Wszystko to po to, by jeszcze bardziej destabilizowa\u0107 prac\u0119 w\u0142adz samorz\u0105dowych (czytaj burmistrza) bo nieustanny konflikt jest na r\u0119k\u0119 tzw. &#8222;opozycji&#8221;. Zreszt\u0105 nie tylko w samej radzie miejskiej poszczeg\u00f3lni radni postanowili wywo\u0142ywa\u0107 kolejne konflikty, szuka\u0107 na si\u0142\u0119 &#8222;afer&#8221; pod tzw. &#8222;publiczk\u0119&#8221;. Bazuj\u0105c na dobrze znanych wzorcach z wy\u017cszych sfer politycznych robi\u0105 to tak\u017ce na terenie ca\u0142ej Gminy Wo\u0142omin. I nie ma to \u017cadnego znaczenia, \u017ce dzieje si\u0119 to ze szkod\u0105 dla Mieszka\u0144c\u00f3w Gminy Wo\u0142omin. Niestety niekt\u00f3rzy radni swoj\u0105 dzia\u0142alno\u015b\u0107 &#8222;spo\u0142eczn\u0105&#8221; opieraj\u0105 wy\u0142\u0105cznie na wywo\u0142ywaniu kolejnych konflikt\u00f3w co ma doprowadzi\u0107 do negatywnego postrzegania wo\u0142omi\u0144skiego samorz\u0105du.<\/p>\n\n\n\n<p>Podczas ostatniej marcowej sesji Rady Miejskiej w Wo\u0142ominie &#8222;destruktorzy&#8221; samorz\u0105dowi postanowili, \u017ce doprowadz\u0105 do zmiany na funkcji Przewodnicz\u0105cej Rady Miejskiej tylko po to by konflikt w samorz\u0105dzie Wo\u0142omina, radzie miejskiej by\u0142 jeszcze wi\u0119kszy. Zaproponowano by merytoryczn\u0105, do\u015bwiadczon\u0105, koncyliacyjn\u0105, konkretn\u0105, odpowiedzialn\u0105 Przewodnicz\u0105c\u0105 Rady Miejskiej w Wo\u0142ominie zamieni\u0107 na kompletnie nieprzygotowan\u0105, przypadkow\u0105 radn\u0105, kt\u00f3rej zadaniem b\u0119dzie wy\u0142\u0105cznie podsycanie coraz wi\u0119kszego konfliktu w samorz\u0105dzie Wo\u0142omina. Ku zaskoczeniu &#8222;opozycji&#8221; ca\u0142y misterny plan si\u0119 nie powi\u00f3d\u0142. Okaza\u0142o si\u0119, \u017ce nie ma zgody wi\u0119kszo\u015bci radnych na dalszy destrukcyjny plan w Gminie Wo\u0142omin. &#8222;Destruktorom&#8221; zabrak\u0142o jednego g\u0142osu by wprowadzi\u0107 do porz\u0105dku obrad uchwa\u0142\u0119 o zmianie Przewodnicz\u0105cej Rady Miejskiej. Pozostaje pytanie na jak d\u0142ugo ?&#8230;\/PW\/<\/p>\n\n\n\n<hr class=\"wp-block-separator aligncenter has-alpha-channel-opacity\"\/>\n\n\n<div class=\"wp-block-image\">\n<figure class=\"alignleft size-large is-resized\"><img loading=\"lazy\" decoding=\"async\" width=\"1024\" height=\"1024\" src=\"https:\/\/powiatwwl.pl\/wp-content\/uploads\/2026\/03\/PW-logok-Zdjecie-profilowe-na-Facebooka-2-1024x1024.jpg\" alt=\"\" class=\"wp-image-1853\" style=\"width:109px;height:auto\" srcset=\"https:\/\/powiatwwl.pl\/wp-content\/uploads\/2026\/03\/PW-logok-Zdjecie-profilowe-na-Facebooka-2-1024x1024.jpg 1024w, https:\/\/powiatwwl.pl\/wp-content\/uploads\/2026\/03\/PW-logok-Zdjecie-profilowe-na-Facebooka-2-300x300.jpg 300w, https:\/\/powiatwwl.pl\/wp-content\/uploads\/2026\/03\/PW-logok-Zdjecie-profilowe-na-Facebooka-2-150x150.jpg 150w, https:\/\/powiatwwl.pl\/wp-content\/uploads\/2026\/03\/PW-logok-Zdjecie-profilowe-na-Facebooka-2-768x768.jpg 768w, https:\/\/powiatwwl.pl\/wp-content\/uploads\/2026\/03\/PW-logok-Zdjecie-profilowe-na-Facebooka-2-1536x1536.jpg 1536w, https:\/\/powiatwwl.pl\/wp-content\/uploads\/2026\/03\/PW-logok-Zdjecie-profilowe-na-Facebooka-2-80x80.jpg 80w, https:\/\/powiatwwl.pl\/wp-content\/uploads\/2026\/03\/PW-logok-Zdjecie-profilowe-na-Facebooka-2-320x320.jpg 320w, https:\/\/powiatwwl.pl\/wp-content\/uploads\/2026\/03\/PW-logok-Zdjecie-profilowe-na-Facebooka-2.jpg 2048w\" sizes=\"auto, (max-width: 1024px) 100vw, 1024px\" \/><\/figure>\n<\/div>\n\n\n<h2 class=\"wp-block-heading\"><strong><a href=\"http:\/\/www.wyszynskipiotr.pl\">Piotr WYSZY\u0143SKI<\/a><\/strong><\/h2>\n","protected":false},"excerpt":{"rendered":"<p>Od dawna wiadomo, \u017ce samorz\u0105d wo\u0142omi\u0144ski (czytaj rada miejska) zamieni\u0142 si\u0119 w okr\u0105g\u0142\u0105 aren\u0119 nieustannego sporu. Grupa radnych tzw. &#8222;opozycji burmistrzowskiej&#8221; od ponad 1,5 roku toczy ja\u0142owe spory, kt\u00f3re maj\u0105 na celu wy\u0142\u0105cznie wywo\u0142anie chaosu i atmosfer\u0119 nieustannego konfliktu. Maj\u0105 tak\u017ce za cel destabilizacj\u0119 dobrej wsp\u00f3\u0142pracy w samorz\u0105dzie wo\u0142omi\u0144skim w my\u015bl zasady &#8222;im gorzej, tym lepiej&#8221; min. poprzez niezrozumia\u0142e decyzje dotycz\u0105ce odwo\u0142ywania i powo\u0142ywania nowych sk\u0142ad\u00f3w komisji problemowych, a ostatnio nawet pr\u00f3b\u0119 zmiany na stanowisku Przewodnicz\u0105cej Rady Miejskiej&#8230;<\/p>\n","protected":false},"author":1,"featured_media":2380,"comment_status":"open","ping_status":"open","sticky":false,"template":"","format":"standard","meta":{"footnotes":""},"categories":[1],"tags":[],"class_list":["post-2378","post","type-post","status-publish","format-standard","has-post-thumbnail","hentry","category-aktualnosci"],"_links":{"self":[{"href":"https:\/\/powiatwwl.pl\/index.php?rest_route=\/wp\/v2\/posts\/2378","targetHints":{"allow":["GET"]}}],"collection":[{"href":"https:\/\/powiatwwl.pl\/index.php?rest_route=\/wp\/v2\/posts"}],"about":[{"href":"https:\/\/powiatwwl.pl\/index.php?rest_route=\/wp\/v2\/types\/post"}],"author":[{"embeddable":true,"href":"https:\/\/powiatwwl.pl\/index.php?rest_route=\/wp\/v2\/users\/1"}],"replies":[{"embeddable":true,"href":"https:\/\/powiatwwl.pl\/index.php?rest_route=%2Fwp%2Fv2%2Fcomments&post=2378"}],"version-history":[{"count":3,"href":"https:\/\/powiatwwl.pl\/index.php?rest_route=\/wp\/v2\/posts\/2378\/revisions"}],"predecessor-version":[{"id":2384,"href":"https:\/\/powiatwwl.pl\/index.php?rest_route=\/wp\/v2\/posts\/2378\/revisions\/2384"}],"wp:featuredmedia":[{"embeddable":true,"href":"https:\/\/powiatwwl.pl\/index.php?rest_route=\/wp\/v2\/media\/2380"}],"wp:attachment":[{"href":"https:\/\/powiatwwl.pl\/index.php?rest_route=%2Fwp%2Fv2%2Fmedia&parent=2378"}],"wp:term":[{"taxonomy":"category","embeddable":true,"href":"https:\/\/powiatwwl.pl\/index.php?rest_route=%2Fwp%2Fv2%2Fcategories&post=2378"},{"taxonomy":"post_tag","embeddable":true,"href":"https:\/\/powiatwwl.pl\/index.php?rest_route=%2Fwp%2Fv2%2Ftags&post=2378"}],"curies":[{"name":"wp","href":"https:\/\/api.w.org\/{rel}","templated":true}]}}