{"id":2385,"date":"2026-03-25T10:25:54","date_gmt":"2026-03-25T09:25:54","guid":{"rendered":"http:\/\/powiatwwl.pl\/?p=2385"},"modified":"2026-03-25T10:25:56","modified_gmt":"2026-03-25T09:25:56","slug":"sladami-kobiecej-duszy-wieczor-zdrowia","status":"publish","type":"post","link":"https:\/\/powiatwwl.pl\/?p=2385","title":{"rendered":"&#8222;\u015aladami Kobiecej Duszy&#8221;  &#8211; wiecz\u00f3r zdrowia"},"content":{"rendered":"<div class=\"wp-block-image\">\n<figure class=\"aligncenter size-large is-resized\"><img loading=\"lazy\" decoding=\"async\" width=\"1024\" height=\"855\" src=\"https:\/\/powiatwwl.pl\/wp-content\/uploads\/2026\/03\/655470052_1493331049463816_2539392007185589666_n-1024x855.jpg\" alt=\"\" class=\"wp-image-2386\" style=\"aspect-ratio:1.1976863189444058;width:537px;height:auto\" srcset=\"https:\/\/powiatwwl.pl\/wp-content\/uploads\/2026\/03\/655470052_1493331049463816_2539392007185589666_n-1024x855.jpg 1024w, https:\/\/powiatwwl.pl\/wp-content\/uploads\/2026\/03\/655470052_1493331049463816_2539392007185589666_n-300x250.jpg 300w, https:\/\/powiatwwl.pl\/wp-content\/uploads\/2026\/03\/655470052_1493331049463816_2539392007185589666_n-768x641.jpg 768w, https:\/\/powiatwwl.pl\/wp-content\/uploads\/2026\/03\/655470052_1493331049463816_2539392007185589666_n-1536x1283.jpg 1536w, https:\/\/powiatwwl.pl\/wp-content\/uploads\/2026\/03\/655470052_1493331049463816_2539392007185589666_n.jpg 2048w\" sizes=\"auto, (max-width: 1024px) 100vw, 1024px\" \/><\/figure>\n<\/div>\n\n\n<p>Wiecz\u00f3r Zdrowia \u201e\u015aladami Kobiecej Duszy\u2026\u201d w <a href=\"https:\/\/www.facebook.com\/profile.php?id=100092159581655&amp;__cft__[0]=AZZ-TYB0KJApefFDGe-O8qdzy4SB9lBtSkbCtTmSnvNQhU8qdNBdOZDhCDkN4nAF_0uTnGyOd04LTZoW3LU09ZZIhe9rbp5Zf4jx_Kp1swGolvJjLTGI8scXy36Aoa36I05l2KkkyChOFYS1PBtrjIU942k6vv1w30ClerPxIHfrESgKjlbGTixylIzYiZsZ35U&amp;__tn__=-]K-R\">Medyczna Szko\u0142a Policealna w Wo\u0142ominie<\/a> przypomnia\u0142, \u017ce zdrowie to tak\u017ce emocje, relacje i si\u0142a, kt\u00f3r\u0105 nosimy w sobie ka\u017cdego dnia. W\u015br\u00f3d prelegent\u00f3w: Iwona Guzowska \u2013 mistrzyni \u015bwiata, trenerka mentalna i inspiruj\u0105ca m\u00f3wczyni, <a href=\"https:\/\/www.facebook.com\/profile.php?id=100058322747273&amp;__cft__[0]=AZZ-TYB0KJApefFDGe-O8qdzy4SB9lBtSkbCtTmSnvNQhU8qdNBdOZDhCDkN4nAF_0uTnGyOd04LTZoW3LU09ZZIhe9rbp5Zf4jx_Kp1swGolvJjLTGI8scXy36Aoa36I05l2KkkyChOFYS1PBtrjIU942k6vv1w30ClerPxIHfrESgKjlbGTixylIzYiZsZ35U&amp;__tn__=-]K-R\">Katarzyna Maria PAZIO &#8211; Wicestarosta Wo\u0142omi\u0144ski<\/a>, Karolina Karolczak \u2013 ekspertka w obszarze strategii i efektywno\u015bci, Ewa Pawlak \u2013 <a href=\"https:\/\/www.facebook.com\/powurzdpracy?__cft__[0]=AZZ-TYB0KJApefFDGe-O8qdzy4SB9lBtSkbCtTmSnvNQhU8qdNBdOZDhCDkN4nAF_0uTnGyOd04LTZoW3LU09ZZIhe9rbp5Zf4jx_Kp1swGolvJjLTGI8scXy36Aoa36I05l2KkkyChOFYS1PBtrjIU942k6vv1w30ClerPxIHfrESgKjlbGTixylIzYiZsZ35U&amp;__tn__=-]K-R\">Powiatowy Urz\u0105d Pracy w Wo\u0142ominie<\/a>, ks. Dariusz Czupry\u0144ski \u2013 dyrektor <a href=\"https:\/\/www.facebook.com\/hospicjumwolomin?__cft__[0]=AZZ-TYB0KJApefFDGe-O8qdzy4SB9lBtSkbCtTmSnvNQhU8qdNBdOZDhCDkN4nAF_0uTnGyOd04LTZoW3LU09ZZIhe9rbp5Zf4jx_Kp1swGolvJjLTGI8scXy36Aoa36I05l2KkkyChOFYS1PBtrjIU942k6vv1w30ClerPxIHfrESgKjlbGTixylIzYiZsZ35U&amp;__tn__=-]K-R\">Hospicjum Opatrzno\u015bci Bo\u017cej Ksi\u0119\u017ca Orioni\u015bci w Wo\u0142ominie<\/a>, Warsztaty dla ca\u0142ych rodzin, sztuka i edukacja, porady i badania, muzyka i pokaz mody \u2014 wszystko to stworzy\u0142o przestrze\u0144, w kt\u00f3rej naprawd\u0119 chcia\u0142o si\u0119 by\u0107. Gratuluj\u0119 Pani dyrektor <a href=\"https:\/\/www.facebook.com\/renata.majewska.1800?__cft__[0]=AZZ-TYB0KJApefFDGe-O8qdzy4SB9lBtSkbCtTmSnvNQhU8qdNBdOZDhCDkN4nAF_0uTnGyOd04LTZoW3LU09ZZIhe9rbp5Zf4jx_Kp1swGolvJjLTGI8scXy36Aoa36I05l2KkkyChOFYS1PBtrjIU942k6vv1w30ClerPxIHfrESgKjlbGTixylIzYiZsZ35U&amp;__tn__=-]K-R\">Renata Majewska<\/a> zorganizowania tak warto\u015bciowego wydarzenia zar\u00f3wno dla kobiet i m\u0119\u017cczyzn, kt\u00f3re <a href=\"https:\/\/www.facebook.com\/Powiat.Wolominski?__cft__[0]=AZZ-TYB0KJApefFDGe-O8qdzy4SB9lBtSkbCtTmSnvNQhU8qdNBdOZDhCDkN4nAF_0uTnGyOd04LTZoW3LU09ZZIhe9rbp5Zf4jx_Kp1swGolvJjLTGI8scXy36Aoa36I05l2KkkyChOFYS1PBtrjIU942k6vv1w30ClerPxIHfrESgKjlbGTixylIzYiZsZ35U&amp;__tn__=-]K-R\">Powiat Wo\u0142omi\u0144ski<\/a> z rado\u015bci\u0105 wspar\u0142. Czekamy na wi\u0119cej. Wiecz\u00f3r mia\u0142 tak\u017ce wymiar charytatywny \u2014 razem mogli\u015bmy wesprze\u0107 Hospicjum Opatrzno\u015bci Bo\u017cej dla Dzieci w Wo\u0142ominie. Dzi\u0119kuj\u0119 wszystkim za obecno\u015b\u0107 \u2026 zdrowie zaczyna si\u0119 tam, gdzie zaczynamy dostrzega\u0107 drugiego cz\u0142owieka.\/AW\/<\/p>\n\n\n<div class=\"wp-block-image\">\n<figure class=\"aligncenter size-large is-resized\"><img loading=\"lazy\" decoding=\"async\" width=\"1024\" height=\"768\" src=\"https:\/\/powiatwwl.pl\/wp-content\/uploads\/2026\/03\/657678942_1493330792797175_3541749560810124747_n-1024x768.jpg\" alt=\"\" class=\"wp-image-2387\" style=\"aspect-ratio:1.3333401151553377;width:542px;height:auto\" srcset=\"https:\/\/powiatwwl.pl\/wp-content\/uploads\/2026\/03\/657678942_1493330792797175_3541749560810124747_n-1024x768.jpg 1024w, https:\/\/powiatwwl.pl\/wp-content\/uploads\/2026\/03\/657678942_1493330792797175_3541749560810124747_n-300x225.jpg 300w, https:\/\/powiatwwl.pl\/wp-content\/uploads\/2026\/03\/657678942_1493330792797175_3541749560810124747_n-768x576.jpg 768w, https:\/\/powiatwwl.pl\/wp-content\/uploads\/2026\/03\/657678942_1493330792797175_3541749560810124747_n-1536x1152.jpg 1536w, https:\/\/powiatwwl.pl\/wp-content\/uploads\/2026\/03\/657678942_1493330792797175_3541749560810124747_n.jpg 2048w\" sizes=\"auto, (max-width: 1024px) 100vw, 1024px\" \/><\/figure>\n<\/div>\n\n\n<hr class=\"wp-block-separator aligncenter has-alpha-channel-opacity\"\/>\n\n\n<div class=\"wp-block-image\">\n<figure class=\"alignleft size-large is-resized\"><img loading=\"lazy\" decoding=\"async\" width=\"1024\" height=\"1024\" src=\"https:\/\/powiatwwl.pl\/wp-content\/uploads\/2026\/03\/PW-logo12-Zdjecie-profilowe-na-Facebooka-1-1024x1024.jpg\" alt=\"\" class=\"wp-image-1845\" style=\"width:108px;height:auto\" srcset=\"https:\/\/powiatwwl.pl\/wp-content\/uploads\/2026\/03\/PW-logo12-Zdjecie-profilowe-na-Facebooka-1-1024x1024.jpg 1024w, https:\/\/powiatwwl.pl\/wp-content\/uploads\/2026\/03\/PW-logo12-Zdjecie-profilowe-na-Facebooka-1-300x300.jpg 300w, https:\/\/powiatwwl.pl\/wp-content\/uploads\/2026\/03\/PW-logo12-Zdjecie-profilowe-na-Facebooka-1-150x150.jpg 150w, https:\/\/powiatwwl.pl\/wp-content\/uploads\/2026\/03\/PW-logo12-Zdjecie-profilowe-na-Facebooka-1-768x768.jpg 768w, https:\/\/powiatwwl.pl\/wp-content\/uploads\/2026\/03\/PW-logo12-Zdjecie-profilowe-na-Facebooka-1-1536x1536.jpg 1536w, https:\/\/powiatwwl.pl\/wp-content\/uploads\/2026\/03\/PW-logo12-Zdjecie-profilowe-na-Facebooka-1-80x80.jpg 80w, https:\/\/powiatwwl.pl\/wp-content\/uploads\/2026\/03\/PW-logo12-Zdjecie-profilowe-na-Facebooka-1-320x320.jpg 320w, https:\/\/powiatwwl.pl\/wp-content\/uploads\/2026\/03\/PW-logo12-Zdjecie-profilowe-na-Facebooka-1.jpg 2048w\" sizes=\"auto, (max-width: 1024px) 100vw, 1024px\" \/><\/figure>\n<\/div>\n\n\n<h2 class=\"wp-block-heading\"><strong><a href=\"https:\/\/www.facebook.com\/starostaWerelich\">Arkadiusz WERELICH<\/a><\/strong><\/h2>\n\n\n\n<p><\/p>\n","protected":false},"excerpt":{"rendered":"<p>Wiecz\u00f3r Zdrowia \u201e\u015aladami Kobiecej Duszy\u2026\u201d w Medycznej Szkole Policealnej w Wo\u0142ominie przypomnia\u0142, \u017ce zdrowie to tak\u017ce emocje, relacje i si\u0142a, kt\u00f3r\u0105 nosimy w sobie ka\u017cdego dnia. W\u015br\u00f3d prelegent\u00f3w: Iwona Guzowska \u2013 mistrzyni \u015bwiata, trenerka mentalna i inspiruj\u0105ca m\u00f3wczyni, Katarzyna Maria PAZIO &#8211; Wicestarosta Wo\u0142omi\u0144ski, Karolina Karolczak \u2013 ekspertka w obszarze strategii i efektywno\u015bci, Ewa Pawlak \u2013 Powiatowy Urz\u0105d Pracy w Wo\u0142ominie, ks. Dariusz Czupry\u0144ski \u2013 dyrektor Hospicjum Opatrzno\u015bci Bo\u017cej Ksi\u0119\u017ca Orioni\u015bci w Wo\u0142ominie&#8230;<\/p>\n","protected":false},"author":1,"featured_media":2388,"comment_status":"open","ping_status":"open","sticky":false,"template":"","format":"standard","meta":{"footnotes":""},"categories":[1],"tags":[],"class_list":["post-2385","post","type-post","status-publish","format-standard","has-post-thumbnail","hentry","category-aktualnosci"],"_links":{"self":[{"href":"https:\/\/powiatwwl.pl\/index.php?rest_route=\/wp\/v2\/posts\/2385","targetHints":{"allow":["GET"]}}],"collection":[{"href":"https:\/\/powiatwwl.pl\/index.php?rest_route=\/wp\/v2\/posts"}],"about":[{"href":"https:\/\/powiatwwl.pl\/index.php?rest_route=\/wp\/v2\/types\/post"}],"author":[{"embeddable":true,"href":"https:\/\/powiatwwl.pl\/index.php?rest_route=\/wp\/v2\/users\/1"}],"replies":[{"embeddable":true,"href":"https:\/\/powiatwwl.pl\/index.php?rest_route=%2Fwp%2Fv2%2Fcomments&post=2385"}],"version-history":[{"count":1,"href":"https:\/\/powiatwwl.pl\/index.php?rest_route=\/wp\/v2\/posts\/2385\/revisions"}],"predecessor-version":[{"id":2389,"href":"https:\/\/powiatwwl.pl\/index.php?rest_route=\/wp\/v2\/posts\/2385\/revisions\/2389"}],"wp:featuredmedia":[{"embeddable":true,"href":"https:\/\/powiatwwl.pl\/index.php?rest_route=\/wp\/v2\/media\/2388"}],"wp:attachment":[{"href":"https:\/\/powiatwwl.pl\/index.php?rest_route=%2Fwp%2Fv2%2Fmedia&parent=2385"}],"wp:term":[{"taxonomy":"category","embeddable":true,"href":"https:\/\/powiatwwl.pl\/index.php?rest_route=%2Fwp%2Fv2%2Fcategories&post=2385"},{"taxonomy":"post_tag","embeddable":true,"href":"https:\/\/powiatwwl.pl\/index.php?rest_route=%2Fwp%2Fv2%2Ftags&post=2385"}],"curies":[{"name":"wp","href":"https:\/\/api.w.org\/{rel}","templated":true}]}}