{"id":2390,"date":"2026-03-25T13:44:09","date_gmt":"2026-03-25T12:44:09","guid":{"rendered":"http:\/\/powiatwwl.pl\/?p=2390"},"modified":"2026-03-25T13:44:10","modified_gmt":"2026-03-25T12:44:10","slug":"stowarzyszenie-diabetykow-zaprasza","status":"publish","type":"post","link":"https:\/\/powiatwwl.pl\/?p=2390","title":{"rendered":"Stowarzyszenie Diabetyk\u00f3w zaprasza"},"content":{"rendered":"<div class=\"wp-block-image\">\n<figure class=\"aligncenter size-full\"><img loading=\"lazy\" decoding=\"async\" width=\"509\" height=\"720\" src=\"https:\/\/powiatwwl.pl\/wp-content\/uploads\/2026\/03\/658722732_1265334225710373_5002751755439649303_n.jpg\" alt=\"\" class=\"wp-image-2391\" srcset=\"https:\/\/powiatwwl.pl\/wp-content\/uploads\/2026\/03\/658722732_1265334225710373_5002751755439649303_n.jpg 509w, https:\/\/powiatwwl.pl\/wp-content\/uploads\/2026\/03\/658722732_1265334225710373_5002751755439649303_n-212x300.jpg 212w\" sizes=\"auto, (max-width: 509px) 100vw, 509px\" \/><\/figure>\n<\/div>\n\n\n<p>Zdrowie zaczyna si\u0119 od wiedzy i profilaktyki. Ju\u017c 30 marca zapraszamy na bezp\u0142atne spotkanie edukacyjne dla os\u00f3b choruj\u0105cych na cukrzyc\u0119 \u2013 organizowane przez Stowarzyszenie Diabetyk\u00f3w w Wo\u0142ominie oraz dofinansowane przez Powiat Wo\u0142omi\u0144ski. Szczeg\u00f3\u0142y spotkania: <a href=\"https:\/\/www.facebook.com\/szpitalwolomin?__cft__[0]=AZYby7rrNzvbxs8hZRseqBs0gNkHO-oFe5YgAx0px2UTPmo2EQMvld3Qqb2zerW3B2DHA9gppHv0Q_JyEZR_1TgmTU_EsqwyoHIyskgwcI4GuV7TW2inOahbMnVUOSzrpNNoRaylX7me1-XQeC-TTTp7&amp;__tn__=-]K-R\">Szpital Matki Bo\u017cej Nieustaj\u0105cej Pomocy w Wo\u0142ominie<\/a>, 30 marca 2026 r. godz. 14:00. Wst\u0119p wolny! Warto przyj\u015b\u0107, pos\u0142ucha\u0107 i dowiedzie\u0107 si\u0119 wi\u0119cej.<\/p>\n\n\n\n<hr class=\"wp-block-separator aligncenter has-alpha-channel-opacity\"\/>\n\n\n<div class=\"wp-block-image\">\n<figure class=\"alignleft size-full is-resized\"><img loading=\"lazy\" decoding=\"async\" width=\"768\" height=\"512\" src=\"https:\/\/powiatwwl.pl\/wp-content\/uploads\/2026\/02\/13849.jpg\" alt=\"\" class=\"wp-image-160\" style=\"aspect-ratio:1.5000610388817677;width:108px;height:auto\" srcset=\"https:\/\/powiatwwl.pl\/wp-content\/uploads\/2026\/02\/13849.jpg 768w, https:\/\/powiatwwl.pl\/wp-content\/uploads\/2026\/02\/13849-300x200.jpg 300w\" sizes=\"auto, (max-width: 768px) 100vw, 768px\" \/><\/figure>\n<\/div>\n\n\n<h2 class=\"wp-block-heading\"><strong><a href=\"https:\/\/www.facebook.com\/Powiat.Wolominski\">Powiat Wo\u0142omi\u0144ski<\/a><\/strong><\/h2>\n\n\n\n<p><\/p>\n","protected":false},"excerpt":{"rendered":"<p>Zdrowie zaczyna si\u0119 od wiedzy i profilaktyki. Ju\u017c 30 marca zapraszamy na bezp\u0142atne spotkanie edukacyjne dla os\u00f3b choruj\u0105cych na cukrzyc\u0119 \u2013 organizowane przez Stowarzyszenie Diabetyk\u00f3w w Wo\u0142ominie oraz dofinansowane przez Powiat Wo\u0142omi\u0144ski. Szczeg\u00f3\u0142y spotkania: Szpital Matki Bo\u017cej Nieustaj\u0105cej Pomocy w Wo\u0142ominie, 30 marca 2026 r. godz. 14:00. Wst\u0119p wolny! Warto przyj\u015b\u0107, pos\u0142ucha\u0107 i dowiedzie\u0107 si\u0119 wi\u0119cej.<\/p>\n","protected":false},"author":1,"featured_media":2391,"comment_status":"open","ping_status":"open","sticky":false,"template":"","format":"standard","meta":{"footnotes":""},"categories":[1],"tags":[],"class_list":["post-2390","post","type-post","status-publish","format-standard","has-post-thumbnail","hentry","category-aktualnosci"],"_links":{"self":[{"href":"https:\/\/powiatwwl.pl\/index.php?rest_route=\/wp\/v2\/posts\/2390","targetHints":{"allow":["GET"]}}],"collection":[{"href":"https:\/\/powiatwwl.pl\/index.php?rest_route=\/wp\/v2\/posts"}],"about":[{"href":"https:\/\/powiatwwl.pl\/index.php?rest_route=\/wp\/v2\/types\/post"}],"author":[{"embeddable":true,"href":"https:\/\/powiatwwl.pl\/index.php?rest_route=\/wp\/v2\/users\/1"}],"replies":[{"embeddable":true,"href":"https:\/\/powiatwwl.pl\/index.php?rest_route=%2Fwp%2Fv2%2Fcomments&post=2390"}],"version-history":[{"count":1,"href":"https:\/\/powiatwwl.pl\/index.php?rest_route=\/wp\/v2\/posts\/2390\/revisions"}],"predecessor-version":[{"id":2392,"href":"https:\/\/powiatwwl.pl\/index.php?rest_route=\/wp\/v2\/posts\/2390\/revisions\/2392"}],"wp:featuredmedia":[{"embeddable":true,"href":"https:\/\/powiatwwl.pl\/index.php?rest_route=\/wp\/v2\/media\/2391"}],"wp:attachment":[{"href":"https:\/\/powiatwwl.pl\/index.php?rest_route=%2Fwp%2Fv2%2Fmedia&parent=2390"}],"wp:term":[{"taxonomy":"category","embeddable":true,"href":"https:\/\/powiatwwl.pl\/index.php?rest_route=%2Fwp%2Fv2%2Fcategories&post=2390"},{"taxonomy":"post_tag","embeddable":true,"href":"https:\/\/powiatwwl.pl\/index.php?rest_route=%2Fwp%2Fv2%2Ftags&post=2390"}],"curies":[{"name":"wp","href":"https:\/\/api.w.org\/{rel}","templated":true}]}}