{"id":2393,"date":"2026-03-25T14:54:07","date_gmt":"2026-03-25T13:54:07","guid":{"rendered":"http:\/\/powiatwwl.pl\/?p=2393"},"modified":"2026-03-25T15:00:43","modified_gmt":"2026-03-25T14:00:43","slug":"solidarni-z-dziennikarzem-tvn24","status":"publish","type":"post","link":"https:\/\/powiatwwl.pl\/?p=2393","title":{"rendered":"Solidarni z dziennikarzem TVN24"},"content":{"rendered":"<div class=\"wp-block-image\">\n<figure class=\"aligncenter size-full\"><img loading=\"lazy\" decoding=\"async\" width=\"526\" height=\"789\" src=\"https:\/\/powiatwwl.pl\/wp-content\/uploads\/2026\/03\/657601107_4457425857871701_8572236463474373037_n.jpg\" alt=\"\" class=\"wp-image-2394\" srcset=\"https:\/\/powiatwwl.pl\/wp-content\/uploads\/2026\/03\/657601107_4457425857871701_8572236463474373037_n.jpg 526w, https:\/\/powiatwwl.pl\/wp-content\/uploads\/2026\/03\/657601107_4457425857871701_8572236463474373037_n-200x300.jpg 200w\" sizes=\"auto, (max-width: 526px) 100vw, 526px\" \/><\/figure>\n<\/div>\n\n\n<p>Dziennikarz Mateusz P\u00f3\u0142ch\u0142opek dziennikarz TVN24 ma prawo zadawa\u0107 pytania nawet trudne. To nie przywilej. To obowi\u0105zek wobec spo\u0142ecze\u0144stwa. W demokracji nie ma miejsca na lekcewa\u017cenie ani emocjonalne reakcje wobec medi\u00f3w. Szacunek do dziennikarzy to szacunek do obywateli. Dzi\u015b potrzeba nam wi\u0119cej:&nbsp;spokoju, odpowiedzialno\u015bci, kultury w debacie publicznej. Ruch Europejskiej Polski stoi po stronie wolnych medi\u00f3w i prawa do zadawania pyta\u0144.<\/p>\n\n\n\n<p>Dzi\u015b niestety w TVN24 w spos\u00f3b chamski o dziennikarzu wypowiedzia\u0142 si\u0119 minister z kancelarii prezydenta RP &#8221;\u00a0<strong>Mamy do czynienia z panem, kt\u00f3ry zachowuje si\u0119 nie jak &#8222;p\u00f3\u0142-dziennikarz&#8221;, tylko jak \u0107wier\u0107-dziennikarz<\/strong>&#8222;&#8230;mam nadziej\u0119, \u017ce ju\u017c ostatni raz ogl\u0105dali\u015bmy pana ministra w TVN24. \/PW\/<\/p>\n\n\n\n<hr class=\"wp-block-separator aligncenter has-alpha-channel-opacity\"\/>\n\n\n<div class=\"wp-block-image\">\n<figure class=\"alignleft size-large is-resized\"><img loading=\"lazy\" decoding=\"async\" width=\"1024\" height=\"1024\" src=\"https:\/\/powiatwwl.pl\/wp-content\/uploads\/2026\/03\/PW-logok-Zdjecie-profilowe-na-Facebooka-2-1024x1024.jpg\" alt=\"\" class=\"wp-image-1853\" style=\"width:108px;height:auto\" srcset=\"https:\/\/powiatwwl.pl\/wp-content\/uploads\/2026\/03\/PW-logok-Zdjecie-profilowe-na-Facebooka-2-1024x1024.jpg 1024w, https:\/\/powiatwwl.pl\/wp-content\/uploads\/2026\/03\/PW-logok-Zdjecie-profilowe-na-Facebooka-2-300x300.jpg 300w, https:\/\/powiatwwl.pl\/wp-content\/uploads\/2026\/03\/PW-logok-Zdjecie-profilowe-na-Facebooka-2-150x150.jpg 150w, https:\/\/powiatwwl.pl\/wp-content\/uploads\/2026\/03\/PW-logok-Zdjecie-profilowe-na-Facebooka-2-768x768.jpg 768w, https:\/\/powiatwwl.pl\/wp-content\/uploads\/2026\/03\/PW-logok-Zdjecie-profilowe-na-Facebooka-2-1536x1536.jpg 1536w, https:\/\/powiatwwl.pl\/wp-content\/uploads\/2026\/03\/PW-logok-Zdjecie-profilowe-na-Facebooka-2-80x80.jpg 80w, https:\/\/powiatwwl.pl\/wp-content\/uploads\/2026\/03\/PW-logok-Zdjecie-profilowe-na-Facebooka-2-320x320.jpg 320w, https:\/\/powiatwwl.pl\/wp-content\/uploads\/2026\/03\/PW-logok-Zdjecie-profilowe-na-Facebooka-2.jpg 2048w\" sizes=\"auto, (max-width: 1024px) 100vw, 1024px\" \/><\/figure>\n<\/div>\n\n\n<h2 class=\"wp-block-heading\"><strong><a href=\"http:\/\/www.wyszynskipiotr.pl\">Piotr WYSZY\u0143SKI<\/a><\/strong><\/h2>\n","protected":false},"excerpt":{"rendered":"<p>Dziennikarz Mateusz P\u00f3\u0142ch\u0142opek dziennikarz TVN24 ma prawo zadawa\u0107 pytania nawet trudne. To nie przywilej. To obowi\u0105zek wobec spo\u0142ecze\u0144stwa. W demokracji nie ma miejsca na lekcewa\u017cenie ani emocjonalne reakcje wobec medi\u00f3w. Szacunek do dziennikarzy to szacunek do obywateli. Dzi\u015b potrzeba nam wi\u0119cej:\u00a0spokoju, odpowiedzialno\u015bci, kultury w debacie publicznej. Ruch Europejskiej Polski stoi po stronie wolnych medi\u00f3w i prawa do zadawania pyta\u0144&#8230;<\/p>\n","protected":false},"author":1,"featured_media":2395,"comment_status":"open","ping_status":"open","sticky":false,"template":"","format":"standard","meta":{"footnotes":""},"categories":[1],"tags":[],"class_list":["post-2393","post","type-post","status-publish","format-standard","has-post-thumbnail","hentry","category-aktualnosci"],"_links":{"self":[{"href":"https:\/\/powiatwwl.pl\/index.php?rest_route=\/wp\/v2\/posts\/2393","targetHints":{"allow":["GET"]}}],"collection":[{"href":"https:\/\/powiatwwl.pl\/index.php?rest_route=\/wp\/v2\/posts"}],"about":[{"href":"https:\/\/powiatwwl.pl\/index.php?rest_route=\/wp\/v2\/types\/post"}],"author":[{"embeddable":true,"href":"https:\/\/powiatwwl.pl\/index.php?rest_route=\/wp\/v2\/users\/1"}],"replies":[{"embeddable":true,"href":"https:\/\/powiatwwl.pl\/index.php?rest_route=%2Fwp%2Fv2%2Fcomments&post=2393"}],"version-history":[{"count":3,"href":"https:\/\/powiatwwl.pl\/index.php?rest_route=\/wp\/v2\/posts\/2393\/revisions"}],"predecessor-version":[{"id":2401,"href":"https:\/\/powiatwwl.pl\/index.php?rest_route=\/wp\/v2\/posts\/2393\/revisions\/2401"}],"wp:featuredmedia":[{"embeddable":true,"href":"https:\/\/powiatwwl.pl\/index.php?rest_route=\/wp\/v2\/media\/2395"}],"wp:attachment":[{"href":"https:\/\/powiatwwl.pl\/index.php?rest_route=%2Fwp%2Fv2%2Fmedia&parent=2393"}],"wp:term":[{"taxonomy":"category","embeddable":true,"href":"https:\/\/powiatwwl.pl\/index.php?rest_route=%2Fwp%2Fv2%2Fcategories&post=2393"},{"taxonomy":"post_tag","embeddable":true,"href":"https:\/\/powiatwwl.pl\/index.php?rest_route=%2Fwp%2Fv2%2Ftags&post=2393"}],"curies":[{"name":"wp","href":"https:\/\/api.w.org\/{rel}","templated":true}]}}