{"id":2398,"date":"2026-03-25T14:58:53","date_gmt":"2026-03-25T13:58:53","guid":{"rendered":"http:\/\/powiatwwl.pl\/?p=2398"},"modified":"2026-03-25T14:58:55","modified_gmt":"2026-03-25T13:58:55","slug":"200-tys-zl-na-fabryczke-od-mazowsza","status":"publish","type":"post","link":"https:\/\/powiatwwl.pl\/?p=2398","title":{"rendered":"200 tys. z\u0142 na &#8222;Fabryczk\u0119&#8221; od Mazowsza"},"content":{"rendered":"<div class=\"wp-block-image\">\n<figure class=\"aligncenter size-full\"><img loading=\"lazy\" decoding=\"async\" width=\"600\" height=\"503\" src=\"https:\/\/powiatwwl.pl\/wp-content\/uploads\/2026\/03\/658435601_1493994309397490_4913500195992281931_n.jpg\" alt=\"\" class=\"wp-image-2399\" srcset=\"https:\/\/powiatwwl.pl\/wp-content\/uploads\/2026\/03\/658435601_1493994309397490_4913500195992281931_n.jpg 600w, https:\/\/powiatwwl.pl\/wp-content\/uploads\/2026\/03\/658435601_1493994309397490_4913500195992281931_n-300x252.jpg 300w\" sizes=\"auto, (max-width: 600px) 100vw, 600px\" \/><\/figure>\n<\/div>\n\n\n<p>Mamy dobre wiadomo\u015bci! <a href=\"https:\/\/www.facebook.com\/Powiat.Wolominski?__cft__[0]=AZZePx5tMlU6573Yw-3_Z7Onop3yS45QtbyYeTqwUF5M3SiScXv56NosN8-ErO9j23dHLVInCjDP8xzTm1gJNj4kv1DYNgucSuPqRuYLe0SZ_YlCsEzrYUKrsA414KSKiI8tGT3zt_5oOPvuDp4ie63l4XTVWhVarmz86KQTUwu4L-6v7pz4kNjPqWrdL3NUcoKUgMvjxKIA-4XQfwn9FPDM&amp;__tn__=-]K-R\">Powiat Wo\u0142omi\u0144ski<\/a> pozyska\u0142 200 000 z\u0142 dofinansowania z bud\u017cetu Wojew\u00f3dztwa Mazowieckiego na modernizacj\u0119 <a href=\"https:\/\/www.facebook.com\/fabryczka.wolomin?__cft__[0]=AZZePx5tMlU6573Yw-3_Z7Onop3yS45QtbyYeTqwUF5M3SiScXv56NosN8-ErO9j23dHLVInCjDP8xzTm1gJNj4kv1DYNgucSuPqRuYLe0SZ_YlCsEzrYUKrsA414KSKiI8tGT3zt_5oOPvuDp4ie63l4XTVWhVarmz86KQTUwu4L-6v7pz4kNjPqWrdL3NUcoKUgMvjxKIA-4XQfwn9FPDM&amp;__tn__=-]K-R\">Powiatowe Centrum Kultury Fabryczka<\/a> w Wo\u0142ominie. To kolejny etap prac, kt\u00f3ry obejmuje drugi budynek kompleksu, ten w kt\u00f3rym na co dzie\u0144 dzia\u0142aj\u0105 m.in. galeria, pracownie i przestrzenie warsztatowe. Skupiamy si\u0119 przede wszystkim na bezpiecze\u0144stwie przeciwpo\u017carowym: pojawi si\u0119 m.in. o\u015bwietlenie awaryjne, odpowiednie zabezpieczenia i instalacja hydrantowa. Ca\u0142kowita warto\u015b\u0107 inwestycji to 250 324,93 z\u0142. Dzi\u0119ki temu Fabryczka b\u0119dzie jeszcze bezpieczniejszym miejscem dla mieszka\u0144c\u00f3w, uczestnik\u00f3w zaj\u0119\u0107 i wszystkich odwiedzaj\u0105cych.\/AW\/<\/p>\n\n\n\n<hr class=\"wp-block-separator aligncenter has-alpha-channel-opacity\"\/>\n\n\n<div class=\"wp-block-image\">\n<figure class=\"alignleft size-large is-resized\"><img loading=\"lazy\" decoding=\"async\" width=\"1024\" height=\"1024\" src=\"https:\/\/powiatwwl.pl\/wp-content\/uploads\/2026\/03\/PW-logo12-Zdjecie-profilowe-na-Facebooka-1-1-1024x1024.jpg\" alt=\"\" class=\"wp-image-1847\" style=\"width:110px;height:auto\" srcset=\"https:\/\/powiatwwl.pl\/wp-content\/uploads\/2026\/03\/PW-logo12-Zdjecie-profilowe-na-Facebooka-1-1-1024x1024.jpg 1024w, https:\/\/powiatwwl.pl\/wp-content\/uploads\/2026\/03\/PW-logo12-Zdjecie-profilowe-na-Facebooka-1-1-300x300.jpg 300w, https:\/\/powiatwwl.pl\/wp-content\/uploads\/2026\/03\/PW-logo12-Zdjecie-profilowe-na-Facebooka-1-1-150x150.jpg 150w, https:\/\/powiatwwl.pl\/wp-content\/uploads\/2026\/03\/PW-logo12-Zdjecie-profilowe-na-Facebooka-1-1-768x768.jpg 768w, https:\/\/powiatwwl.pl\/wp-content\/uploads\/2026\/03\/PW-logo12-Zdjecie-profilowe-na-Facebooka-1-1-1536x1536.jpg 1536w, https:\/\/powiatwwl.pl\/wp-content\/uploads\/2026\/03\/PW-logo12-Zdjecie-profilowe-na-Facebooka-1-1-80x80.jpg 80w, https:\/\/powiatwwl.pl\/wp-content\/uploads\/2026\/03\/PW-logo12-Zdjecie-profilowe-na-Facebooka-1-1-320x320.jpg 320w, https:\/\/powiatwwl.pl\/wp-content\/uploads\/2026\/03\/PW-logo12-Zdjecie-profilowe-na-Facebooka-1-1.jpg 2048w\" sizes=\"auto, (max-width: 1024px) 100vw, 1024px\" \/><\/figure>\n<\/div>\n\n\n<h2 class=\"wp-block-heading\"><strong><a href=\"https:\/\/www.facebook.com\/starostaWerelich\">Arkadiusz WERELICH<\/a><\/strong><\/h2>\n\n\n\n<p><\/p>\n","protected":false},"excerpt":{"rendered":"<p>Mamy dobre wiadomo\u015bci! Powiat Wo\u0142omi\u0144ski pozyska\u0142 200 000 z\u0142 dofinansowania z bud\u017cetu Wojew\u00f3dztwa Mazowieckiego na modernizacj\u0119 Powiatowe Centrum Kultury Fabryczka w Wo\u0142ominie. To kolejny etap prac, kt\u00f3ry obejmuje drugi budynek kompleksu, ten w kt\u00f3rym na co dzie\u0144 dzia\u0142aj\u0105 m.in. galeria, pracownie i przestrzenie warsztatowe&#8230;<\/p>\n","protected":false},"author":1,"featured_media":2399,"comment_status":"open","ping_status":"open","sticky":false,"template":"","format":"standard","meta":{"footnotes":""},"categories":[1],"tags":[],"class_list":["post-2398","post","type-post","status-publish","format-standard","has-post-thumbnail","hentry","category-aktualnosci"],"_links":{"self":[{"href":"https:\/\/powiatwwl.pl\/index.php?rest_route=\/wp\/v2\/posts\/2398","targetHints":{"allow":["GET"]}}],"collection":[{"href":"https:\/\/powiatwwl.pl\/index.php?rest_route=\/wp\/v2\/posts"}],"about":[{"href":"https:\/\/powiatwwl.pl\/index.php?rest_route=\/wp\/v2\/types\/post"}],"author":[{"embeddable":true,"href":"https:\/\/powiatwwl.pl\/index.php?rest_route=\/wp\/v2\/users\/1"}],"replies":[{"embeddable":true,"href":"https:\/\/powiatwwl.pl\/index.php?rest_route=%2Fwp%2Fv2%2Fcomments&post=2398"}],"version-history":[{"count":1,"href":"https:\/\/powiatwwl.pl\/index.php?rest_route=\/wp\/v2\/posts\/2398\/revisions"}],"predecessor-version":[{"id":2400,"href":"https:\/\/powiatwwl.pl\/index.php?rest_route=\/wp\/v2\/posts\/2398\/revisions\/2400"}],"wp:featuredmedia":[{"embeddable":true,"href":"https:\/\/powiatwwl.pl\/index.php?rest_route=\/wp\/v2\/media\/2399"}],"wp:attachment":[{"href":"https:\/\/powiatwwl.pl\/index.php?rest_route=%2Fwp%2Fv2%2Fmedia&parent=2398"}],"wp:term":[{"taxonomy":"category","embeddable":true,"href":"https:\/\/powiatwwl.pl\/index.php?rest_route=%2Fwp%2Fv2%2Fcategories&post=2398"},{"taxonomy":"post_tag","embeddable":true,"href":"https:\/\/powiatwwl.pl\/index.php?rest_route=%2Fwp%2Fv2%2Ftags&post=2398"}],"curies":[{"name":"wp","href":"https:\/\/api.w.org\/{rel}","templated":true}]}}