{"id":2402,"date":"2026-03-25T15:09:08","date_gmt":"2026-03-25T14:09:08","guid":{"rendered":"http:\/\/powiatwwl.pl\/?p=2402"},"modified":"2026-03-25T15:09:10","modified_gmt":"2026-03-25T14:09:10","slug":"zdrowa-sobota-w-powiatowym-szpitalu-w-wolominie","status":"publish","type":"post","link":"https:\/\/powiatwwl.pl\/?p=2402","title":{"rendered":"ZDROWA SOBOTA w Powiatowym Szpitalu w Wo\u0142ominie"},"content":{"rendered":"<div class=\"wp-block-image\">\n<figure class=\"aligncenter size-full\"><img loading=\"lazy\" decoding=\"async\" width=\"526\" height=\"526\" src=\"https:\/\/powiatwwl.pl\/wp-content\/uploads\/2026\/03\/656604274_1394623989348138_3047426432411077563_n.jpg\" alt=\"\" class=\"wp-image-2403\" srcset=\"https:\/\/powiatwwl.pl\/wp-content\/uploads\/2026\/03\/656604274_1394623989348138_3047426432411077563_n.jpg 526w, https:\/\/powiatwwl.pl\/wp-content\/uploads\/2026\/03\/656604274_1394623989348138_3047426432411077563_n-300x300.jpg 300w, https:\/\/powiatwwl.pl\/wp-content\/uploads\/2026\/03\/656604274_1394623989348138_3047426432411077563_n-150x150.jpg 150w, https:\/\/powiatwwl.pl\/wp-content\/uploads\/2026\/03\/656604274_1394623989348138_3047426432411077563_n-80x80.jpg 80w, https:\/\/powiatwwl.pl\/wp-content\/uploads\/2026\/03\/656604274_1394623989348138_3047426432411077563_n-320x320.jpg 320w\" sizes=\"auto, (max-width: 526px) 100vw, 526px\" \/><\/figure>\n<\/div>\n\n\n<p>Wiemy, jak wa\u017cny jest dla Pa\u0144stwa dost\u0119p do lekarzy i profilaktyki w dni wolne. W lutym z tej mo\u017cliwo\u015bci skorzysta\u0142o a\u017c 500 os\u00f3b. Tak du\u017ca frekwencja to dla nas jasny sygna\u0142, by u\u0142atwia\u0107 Pa\u0144stwu regularne dbanie o zdrowie w SOBOTY. Wiosenne przesilenie bywa wyzwaniem dla organizmu, dlatego informujemy o kolejnej \u201eZDROWEJ SOBOCIE\u201d, kt\u00f3ra odb\u0119dzie si\u0119 JU\u017b W TYM TYGODNIU, 28 marca. Kogo spotkacie w t\u0119 sobot\u0119 w naszych gabinetach? 22 76 33 200 (pon-czw 7:00-19:00, pt 7:00-18:00)<\/p>\n\n\n\n<p>KONSULTACJE SPECJALISTYCZNE (odp\u0142atne):<\/p>\n\n\n\n<p>GINEKOLOG: lek. R. Sta\u0144czak &#8211; konsultacja + cytologia p\u0142ynna<\/p>\n\n\n\n<p>ORTOPEDIA i Traumatologia: lek. S. Dunin-Holecki \u2013 konsultacje specjalistyczne oraz zabiegi: podanie osocza bogatop\u0142ytkowego (PRP), blokady oko\u0142ostawowe oraz USG ortopedyczne wykonywane w trakcie wizyty.<\/p>\n\n\n\n<p>NEUROLOGIA: lek. Kowalewicz \u2013 konsultacje w zakresie diagnostyki i leczenia schorze\u0144 uk\u0142adu nerwowego.<\/p>\n\n\n\n<p>OKULISTYKA: lek. Dziwi\u0144ska \u2013 badania wzroku oraz konsultacje okulistyczne.<\/p>\n\n\n\n<p>PUNKT POBRA\u0143 dla Dzieci i Doros\u0142ych (NFZ oraz op\u0142atnie): Punkt pobra\u0144 materia\u0142u do bada\u0144 laboratoryjnych b\u0119dzie czynny 8:00-13:00. Miejsce: W budynku Przychodni od ul. Gdy\u0144skiej. Realizacja bada\u0144 odbywa si\u0119 na podstawie skierowa\u0144 (NFZ) oraz odp\u0142atnie wed\u0142ug obowi\u0105zuj\u0105cego cennika.<\/p>\n\n\n\n<p>BADANIE S\u0141UCHU dla Dzieci i Doros\u0142ych (Bezp\u0142atnie)<\/p>\n\n\n\n<p>Informacje organizacyjne: Rejestracja oraz szczeg\u00f3\u0142owe informacje na temat godzin przyj\u0119\u0107 dost\u0119pne s\u0105 pod numerem telefonu:<\/p>\n\n\n\n<p><img loading=\"lazy\" decoding=\"async\" height=\"16\" width=\"16\" src=\"https:\/\/static.xx.fbcdn.net\/images\/emoji.php\/v9\/t4d\/1\/16\/1f4de.png\" alt=\"\ud83d\udcde\"> 22 76 33 200 (pon-czw 7:00-19:00, pt 7:00-18:00) lub osobi\u015bcie w budynku Przychodni. Lokalizacja: ul. Gdy\u0144ska 1\/3, Wo\u0142omin (nowy budynek Przychodni od ul. Gdy\u0144skiej).<\/p>\n\n\n\n<hr class=\"wp-block-separator aligncenter has-alpha-channel-opacity\"\/>\n\n\n<div class=\"wp-block-image\">\n<figure class=\"alignleft size-full is-resized\"><img loading=\"lazy\" decoding=\"async\" width=\"986\" height=\"986\" src=\"https:\/\/powiatwwl.pl\/wp-content\/uploads\/2026\/02\/471215420_1097417855172626_438410656441550007_n.jpg\" alt=\"\" class=\"wp-image-306\" style=\"width:110px;height:auto\" srcset=\"https:\/\/powiatwwl.pl\/wp-content\/uploads\/2026\/02\/471215420_1097417855172626_438410656441550007_n.jpg 986w, https:\/\/powiatwwl.pl\/wp-content\/uploads\/2026\/02\/471215420_1097417855172626_438410656441550007_n-300x300.jpg 300w, https:\/\/powiatwwl.pl\/wp-content\/uploads\/2026\/02\/471215420_1097417855172626_438410656441550007_n-150x150.jpg 150w, https:\/\/powiatwwl.pl\/wp-content\/uploads\/2026\/02\/471215420_1097417855172626_438410656441550007_n-768x768.jpg 768w, https:\/\/powiatwwl.pl\/wp-content\/uploads\/2026\/02\/471215420_1097417855172626_438410656441550007_n-80x80.jpg 80w, https:\/\/powiatwwl.pl\/wp-content\/uploads\/2026\/02\/471215420_1097417855172626_438410656441550007_n-320x320.jpg 320w\" sizes=\"auto, (max-width: 986px) 100vw, 986px\" \/><\/figure>\n<\/div>\n\n\n<h2 class=\"wp-block-heading\"><strong><a href=\"https:\/\/www.facebook.com\/szpitalwolomin\">SZPITAL POWIATOWY<\/a><\/strong><\/h2>\n\n\n\n<p><\/p>\n","protected":false},"excerpt":{"rendered":"<p>Wiemy, jak wa\u017cny jest dla Pa\u0144stwa dost\u0119p do lekarzy i profilaktyki w dni wolne. W lutym z tej mo\u017cliwo\u015bci skorzysta\u0142o a\u017c 500 os\u00f3b. Tak du\u017ca frekwencja to dla nas jasny sygna\u0142, by u\u0142atwia\u0107 Pa\u0144stwu regularne dbanie o zdrowie w SOBOTY. Wiosenne przesilenie bywa wyzwaniem dla organizmu, dlatego informujemy o kolejnej \u201eZDROWEJ SOBOCIE\u201d, kt\u00f3ra odb\u0119dzie si\u0119 JU\u017b W TYM TYGODNIU, 28 marca. Kogo spotkacie w t\u0119 sobot\u0119 w naszych gabinetach? &#8230;<\/p>\n","protected":false},"author":1,"featured_media":2403,"comment_status":"open","ping_status":"open","sticky":false,"template":"","format":"standard","meta":{"footnotes":""},"categories":[1],"tags":[],"class_list":["post-2402","post","type-post","status-publish","format-standard","has-post-thumbnail","hentry","category-aktualnosci"],"_links":{"self":[{"href":"https:\/\/powiatwwl.pl\/index.php?rest_route=\/wp\/v2\/posts\/2402","targetHints":{"allow":["GET"]}}],"collection":[{"href":"https:\/\/powiatwwl.pl\/index.php?rest_route=\/wp\/v2\/posts"}],"about":[{"href":"https:\/\/powiatwwl.pl\/index.php?rest_route=\/wp\/v2\/types\/post"}],"author":[{"embeddable":true,"href":"https:\/\/powiatwwl.pl\/index.php?rest_route=\/wp\/v2\/users\/1"}],"replies":[{"embeddable":true,"href":"https:\/\/powiatwwl.pl\/index.php?rest_route=%2Fwp%2Fv2%2Fcomments&post=2402"}],"version-history":[{"count":1,"href":"https:\/\/powiatwwl.pl\/index.php?rest_route=\/wp\/v2\/posts\/2402\/revisions"}],"predecessor-version":[{"id":2404,"href":"https:\/\/powiatwwl.pl\/index.php?rest_route=\/wp\/v2\/posts\/2402\/revisions\/2404"}],"wp:featuredmedia":[{"embeddable":true,"href":"https:\/\/powiatwwl.pl\/index.php?rest_route=\/wp\/v2\/media\/2403"}],"wp:attachment":[{"href":"https:\/\/powiatwwl.pl\/index.php?rest_route=%2Fwp%2Fv2%2Fmedia&parent=2402"}],"wp:term":[{"taxonomy":"category","embeddable":true,"href":"https:\/\/powiatwwl.pl\/index.php?rest_route=%2Fwp%2Fv2%2Fcategories&post=2402"},{"taxonomy":"post_tag","embeddable":true,"href":"https:\/\/powiatwwl.pl\/index.php?rest_route=%2Fwp%2Fv2%2Ftags&post=2402"}],"curies":[{"name":"wp","href":"https:\/\/api.w.org\/{rel}","templated":true}]}}