{"id":2407,"date":"2026-03-26T08:18:49","date_gmt":"2026-03-26T07:18:49","guid":{"rendered":"http:\/\/powiatwwl.pl\/?p=2407"},"modified":"2026-03-26T08:18:50","modified_gmt":"2026-03-26T07:18:50","slug":"100-lat-100-lat-witu-zielonka","status":"publish","type":"post","link":"https:\/\/powiatwwl.pl\/?p=2407","title":{"rendered":"100 lat&#8230;100 lat&#8230; WITU Zielonka"},"content":{"rendered":"<div class=\"wp-block-image\">\n<figure class=\"aligncenter size-large is-resized\"><img loading=\"lazy\" decoding=\"async\" width=\"1024\" height=\"768\" src=\"https:\/\/powiatwwl.pl\/wp-content\/uploads\/2026\/03\/659801801_1494298846033703_7374884878293305944_n-1024x768.jpg\" alt=\"\" class=\"wp-image-2408\" style=\"aspect-ratio:1.3333401151553377;width:548px;height:auto\" srcset=\"https:\/\/powiatwwl.pl\/wp-content\/uploads\/2026\/03\/659801801_1494298846033703_7374884878293305944_n-1024x768.jpg 1024w, https:\/\/powiatwwl.pl\/wp-content\/uploads\/2026\/03\/659801801_1494298846033703_7374884878293305944_n-300x225.jpg 300w, https:\/\/powiatwwl.pl\/wp-content\/uploads\/2026\/03\/659801801_1494298846033703_7374884878293305944_n-768x576.jpg 768w, https:\/\/powiatwwl.pl\/wp-content\/uploads\/2026\/03\/659801801_1494298846033703_7374884878293305944_n-1536x1152.jpg 1536w, https:\/\/powiatwwl.pl\/wp-content\/uploads\/2026\/03\/659801801_1494298846033703_7374884878293305944_n.jpg 2048w\" sizes=\"auto, (max-width: 1024px) 100vw, 1024px\" \/><\/figure>\n<\/div>\n\n\n<p>100 lat do\u015bwiadczenia, innowacji i s\u0142u\u017cby dla bezpiecze\u0144stwa Polski \u2013 to dorobek, kt\u00f3ry budzi najwy\u017cszy szacunek. Mia\u0142em zaszczyt uczestniczy\u0107 w jubileuszu \ud835\udfed\ud835\udfec\ud835\udfec-\ud835\uddf9\ud835\uddf2\ud835\uddf0\ud835\uddf6\ud835\uddee \ud835\uddea\ud835\uddfc\ud835\uddf7\ud835\ude00\ud835\uddf8\ud835\uddfc\ud835\ude04\ud835\uddf2\ud835\uddf4\ud835\uddfc \ud835\udddc\ud835\uddfb\ud835\ude00\ud835\ude01\ud835\ude06\ud835\ude01\ud835\ude02\ud835\ude01\ud835\ude02 \ud835\udde7\ud835\uddf2\ud835\uddf0\ud835\uddf5\ud835\uddfb\ud835\uddf6\ud835\uddf0\ud835\ude07\ud835\uddfb\ud835\uddf2\ud835\uddf4\ud835\uddfc \ud835\udde8\ud835\ude07\ud835\uddef\ud835\uddff\ud835\uddfc\ud835\uddf7\ud835\uddf2\ud835\uddfb\ud835\uddf6\ud835\uddee \u2013 miejsca na mapie <a href=\"https:\/\/www.facebook.com\/Powiat.Wolominski?__cft__[0]=AZbFPDOyV3I6u60irMPvnt1DID-zXTc_ujeEqgnS1rtJ3fqERHkG5f9VsYb7eo38w6cYHJNDdt5nMb3M85JXP36fdTUBja2D5sEi1gZVjZV6-5TY1Rwz6hZl4Y9o9QwESqZNKt1TWABG6Pq_NjLZtCdOM5LL9t28ECofx0YwCLX07l86wqjWoM-FUzcQmxb31t0&amp;__tn__=-]K-R\">Powiat Wo\u0142omi\u0144ski<\/a><a href=\"https:\/\/www.facebook.com\/Zielonka.Miasto?__cft__[0]=AZbFPDOyV3I6u60irMPvnt1DID-zXTc_ujeEqgnS1rtJ3fqERHkG5f9VsYb7eo38w6cYHJNDdt5nMb3M85JXP36fdTUBja2D5sEi1gZVjZV6-5TY1Rwz6hZl4Y9o9QwESqZNKt1TWABG6Pq_NjLZtCdOM5LL9t28ECofx0YwCLX07l86wqjWoM-FUzcQmxb31t0&amp;__tn__=-]K-R\">Zielonka &#8211; oficjalna strona Miasta<\/a>, gdzie od wieku \u0142\u0105czy si\u0119 wiedza, nowoczesne technologie i odpowiedzialno\u015b\u0107 za bezpiecze\u0144stwo naszego kraju . To wyj\u0105tkowa okazja, by podzi\u0119kowa\u0107 wszystkim, kt\u00f3rzy na przestrzeni lat wsp\u00f3\u0142tworzyli si\u0142\u0119 tej instytucji \u2013 naukowcom, in\u017cynierom, pracownikom i partnerom. Dzi\u0119ki Pa\u0144stwa pracy WITU pozostaje jednym z kluczowych o\u015brodk\u00f3w rozwoju my\u015bli technicznej i obronnej w Polsce. Dzi\u0119kuj\u0119 Dyrektorowi, Panu p\u0142k. dr. in\u017c. Paw\u0142owi Swek\u0142ejowi, za zaproszenie oraz za konsekwentne budowanie nowoczesnego oblicza Instytutu.<\/p>\n\n\n\n<p>Do wa\u017cniejszych efekt\u00f3w pracy i dzia\u0142alno\u015bci WITU nale\u017c\u0105:<\/p>\n\n\n\n<p><img loading=\"lazy\" decoding=\"async\" height=\"16\" width=\"16\" alt=\"\ud83d\udc49\" src=\"https:\/\/static.xx.fbcdn.net\/images\/emoji.php\/v9\/t51\/1\/16\/1f449.png\"> Bezza\u0142ogowe systemy rakietowe i suborbitalne-<\/p>\n\n\n\n<p><img loading=\"lazy\" decoding=\"async\" height=\"16\" width=\"16\" alt=\"\ud83d\udc49\" src=\"https:\/\/static.xx.fbcdn.net\/images\/emoji.php\/v9\/t51\/1\/16\/1f449.png\"> Technologie dla wojsk in\u017cynieryjnych<\/p>\n\n\n\n<p><img loading=\"lazy\" decoding=\"async\" height=\"16\" width=\"16\" alt=\"\ud83d\udc49\" src=\"https:\/\/static.xx.fbcdn.net\/images\/emoji.php\/v9\/t51\/1\/16\/1f449.png\"> Otwarte Testy Bezza\u0142ogowych System\u00f3w Uzbrojenia<\/p>\n\n\n\n<p><img loading=\"lazy\" decoding=\"async\" height=\"16\" width=\"16\" alt=\"\ud83d\udc49\" src=\"https:\/\/static.xx.fbcdn.net\/images\/emoji.php\/v9\/t51\/1\/16\/1f449.png\"> Instytut jest beneficjentem funduszy z Narodowego Centrum Bada\u0144 i Rozwoju<\/p>\n\n\n\n<p><img loading=\"lazy\" decoding=\"async\" height=\"16\" width=\"16\" alt=\"\ud83d\udc49\" src=\"https:\/\/static.xx.fbcdn.net\/images\/emoji.php\/v9\/t51\/1\/16\/1f449.png\"> zdobycie m.in. Br\u0105zowego Lauru Innowacyjno\u015bci<\/p>\n\n\n\n<p><img loading=\"lazy\" decoding=\"async\" height=\"16\" width=\"16\" alt=\"\ud83d\udc49\" src=\"https:\/\/static.xx.fbcdn.net\/images\/emoji.php\/v9\/t51\/1\/16\/1f449.png\"> Wsp\u00f3\u0142praca mi\u0119dzynarodowa i badawcza<\/p>\n\n\n\n<p>Serdecznie Gratulujemy Jubileuszu ! \/AW\/<\/p>\n\n\n\n<hr class=\"wp-block-separator aligncenter has-alpha-channel-opacity\"\/>\n\n\n<div class=\"wp-block-image\">\n<figure class=\"alignleft size-large is-resized\"><img loading=\"lazy\" decoding=\"async\" width=\"1024\" height=\"1024\" src=\"https:\/\/powiatwwl.pl\/wp-content\/uploads\/2026\/03\/PW-logo12-Zdjecie-profilowe-na-Facebooka-1-1-1024x1024.jpg\" alt=\"\" class=\"wp-image-1847\" style=\"width:106px;height:auto\" srcset=\"https:\/\/powiatwwl.pl\/wp-content\/uploads\/2026\/03\/PW-logo12-Zdjecie-profilowe-na-Facebooka-1-1-1024x1024.jpg 1024w, https:\/\/powiatwwl.pl\/wp-content\/uploads\/2026\/03\/PW-logo12-Zdjecie-profilowe-na-Facebooka-1-1-300x300.jpg 300w, https:\/\/powiatwwl.pl\/wp-content\/uploads\/2026\/03\/PW-logo12-Zdjecie-profilowe-na-Facebooka-1-1-150x150.jpg 150w, https:\/\/powiatwwl.pl\/wp-content\/uploads\/2026\/03\/PW-logo12-Zdjecie-profilowe-na-Facebooka-1-1-768x768.jpg 768w, https:\/\/powiatwwl.pl\/wp-content\/uploads\/2026\/03\/PW-logo12-Zdjecie-profilowe-na-Facebooka-1-1-1536x1536.jpg 1536w, https:\/\/powiatwwl.pl\/wp-content\/uploads\/2026\/03\/PW-logo12-Zdjecie-profilowe-na-Facebooka-1-1-80x80.jpg 80w, https:\/\/powiatwwl.pl\/wp-content\/uploads\/2026\/03\/PW-logo12-Zdjecie-profilowe-na-Facebooka-1-1-320x320.jpg 320w, https:\/\/powiatwwl.pl\/wp-content\/uploads\/2026\/03\/PW-logo12-Zdjecie-profilowe-na-Facebooka-1-1.jpg 2048w\" sizes=\"auto, (max-width: 1024px) 100vw, 1024px\" \/><\/figure>\n<\/div>\n\n\n<h2 class=\"wp-block-heading\"><strong><a href=\"https:\/\/www.facebook.com\/starostaWerelich\">Arkadiusz WERELICH<\/a><\/strong><\/h2>\n\n\n\n<p><\/p>\n","protected":false},"excerpt":{"rendered":"<p>100 lat do\u015bwiadczenia, innowacji i s\u0142u\u017cby dla bezpiecze\u0144stwa Polski \u2013 to dorobek, kt\u00f3ry budzi najwy\u017cszy szacunek. Mia\u0142em zaszczyt uczestniczy\u0107 w jubileuszu \ud835\udfed\ud835\udfec\ud835\udfec-\ud835\uddf9\ud835\uddf2\ud835\uddf0\ud835\uddf6\ud835\uddee \ud835\uddea\ud835\uddfc\ud835\uddf7\ud835\ude00\ud835\uddf8\ud835\uddfc\ud835\ude04\ud835\uddf2\ud835\uddf4\ud835\uddfc \ud835\udddc\ud835\uddfb\ud835\ude00\ud835\ude01\ud835\ude06\ud835\ude01\ud835\ude02\ud835\ude01\ud835\ude02 \ud835\udde7\ud835\uddf2\ud835\uddf0\ud835\uddf5\ud835\uddfb\ud835\uddf6\ud835\uddf0\ud835\ude07\ud835\uddfb\ud835\uddf2\ud835\uddf4\ud835\uddfc \ud835\udde8\ud835\ude07\ud835\uddef\ud835\uddff\ud835\uddfc\ud835\uddf7\ud835\uddf2\ud835\uddfb\ud835\uddf6\ud835\uddee \u2013 miejsca na mapie Powiatu Wo\u0142omi\u0144skiego, Zielonka, gdzie od wieku \u0142\u0105czy si\u0119 wiedza, nowoczesne technologie i odpowiedzialno\u015b\u0107 za bezpiecze\u0144stwo naszego kraju . To wyj\u0105tkowa okazja, by podzi\u0119kowa\u0107 wszystkim, kt\u00f3rzy na przestrzeni lat wsp\u00f3\u0142tworzyli si\u0142\u0119 tej instytucji \u2013 naukowcom, in\u017cynierom, pracownikom i partnerom&#8230; <\/p>\n","protected":false},"author":1,"featured_media":2409,"comment_status":"open","ping_status":"open","sticky":false,"template":"","format":"standard","meta":{"footnotes":""},"categories":[1],"tags":[],"class_list":["post-2407","post","type-post","status-publish","format-standard","has-post-thumbnail","hentry","category-aktualnosci"],"_links":{"self":[{"href":"https:\/\/powiatwwl.pl\/index.php?rest_route=\/wp\/v2\/posts\/2407","targetHints":{"allow":["GET"]}}],"collection":[{"href":"https:\/\/powiatwwl.pl\/index.php?rest_route=\/wp\/v2\/posts"}],"about":[{"href":"https:\/\/powiatwwl.pl\/index.php?rest_route=\/wp\/v2\/types\/post"}],"author":[{"embeddable":true,"href":"https:\/\/powiatwwl.pl\/index.php?rest_route=\/wp\/v2\/users\/1"}],"replies":[{"embeddable":true,"href":"https:\/\/powiatwwl.pl\/index.php?rest_route=%2Fwp%2Fv2%2Fcomments&post=2407"}],"version-history":[{"count":1,"href":"https:\/\/powiatwwl.pl\/index.php?rest_route=\/wp\/v2\/posts\/2407\/revisions"}],"predecessor-version":[{"id":2410,"href":"https:\/\/powiatwwl.pl\/index.php?rest_route=\/wp\/v2\/posts\/2407\/revisions\/2410"}],"wp:featuredmedia":[{"embeddable":true,"href":"https:\/\/powiatwwl.pl\/index.php?rest_route=\/wp\/v2\/media\/2409"}],"wp:attachment":[{"href":"https:\/\/powiatwwl.pl\/index.php?rest_route=%2Fwp%2Fv2%2Fmedia&parent=2407"}],"wp:term":[{"taxonomy":"category","embeddable":true,"href":"https:\/\/powiatwwl.pl\/index.php?rest_route=%2Fwp%2Fv2%2Fcategories&post=2407"},{"taxonomy":"post_tag","embeddable":true,"href":"https:\/\/powiatwwl.pl\/index.php?rest_route=%2Fwp%2Fv2%2Ftags&post=2407"}],"curies":[{"name":"wp","href":"https:\/\/api.w.org\/{rel}","templated":true}]}}