{"id":2416,"date":"2026-03-27T11:34:36","date_gmt":"2026-03-27T10:34:36","guid":{"rendered":"http:\/\/powiatwwl.pl\/?p=2416"},"modified":"2026-03-27T11:59:39","modified_gmt":"2026-03-27T10:59:39","slug":"jan-z-czarnolasu","status":"publish","type":"post","link":"https:\/\/powiatwwl.pl\/?p=2416","title":{"rendered":"Jan Kochanowski poeta z &#8222;Czarnolasu&#8221;\/VIDEO\/"},"content":{"rendered":"<div class=\"wp-block-image\">\n<figure class=\"aligncenter size-large is-resized\"><img loading=\"lazy\" decoding=\"async\" width=\"858\" height=\"1024\" src=\"https:\/\/powiatwwl.pl\/wp-content\/uploads\/2026\/03\/657151192_122212832168372847_7709675089491420318_n-858x1024.jpg\" alt=\"\" class=\"wp-image-2417\" style=\"width:500px;height:auto\" srcset=\"https:\/\/powiatwwl.pl\/wp-content\/uploads\/2026\/03\/657151192_122212832168372847_7709675089491420318_n-858x1024.jpg 858w, https:\/\/powiatwwl.pl\/wp-content\/uploads\/2026\/03\/657151192_122212832168372847_7709675089491420318_n-251x300.jpg 251w, https:\/\/powiatwwl.pl\/wp-content\/uploads\/2026\/03\/657151192_122212832168372847_7709675089491420318_n-768x917.jpg 768w, https:\/\/powiatwwl.pl\/wp-content\/uploads\/2026\/03\/657151192_122212832168372847_7709675089491420318_n.jpg 1080w\" sizes=\"auto, (max-width: 858px) 100vw, 858px\" \/><\/figure>\n<\/div>\n\n\n<p>W pi\u0105tek , 26 marca jako <a href=\"https:\/\/www.facebook.com\/profile.php?id=61561185435479&amp;__cft__[0]=AZapNIiYl1dlxphVIdT2OkQ3lpD4ST1s4dQllil4Xq4WSkC7iTLcGNx9n5_TM47adZR-WPGsuKu0DxdJ9KQ32FzuWFAEkZsW3Ntj6Q_OHZ-vAWaBKqadzCgd4Nvw804g-X7cn5xKLrx7uywME1aCZBzyAqLFIXAo2KmUPWaqc2sgsK2ze8vCTvJb28ZIqhzbe7JnyPkLwnYhrk_-25ikN_L4&amp;__tn__=-]K-R\">Cz\u0142onek Zarz\u0105du i Radny Powiatu Wo\u0142omi\u0144skiego<\/a> mia\u0142em wielki zaszczyt i ogromn\u0105 przyjemno\u015b\u0107 uczestniczenia we wspania\u0142ym wydarzeniu w <a href=\"https:\/\/www.facebook.com\/profile.php?id=61565362011709&amp;__cft__[0]=AZapNIiYl1dlxphVIdT2OkQ3lpD4ST1s4dQllil4Xq4WSkC7iTLcGNx9n5_TM47adZR-WPGsuKu0DxdJ9KQ32FzuWFAEkZsW3Ntj6Q_OHZ-vAWaBKqadzCgd4Nvw804g-X7cn5xKLrx7uywME1aCZBzyAqLFIXAo2KmUPWaqc2sgsK2ze8vCTvJb28ZIqhzbe7JnyPkLwnYhrk_-25ikN_L4&amp;__tn__=-]K-R\">Szko\u0142a Podstawowa nr 2 im. Jana Kochanowskiego<\/a> w <a href=\"https:\/\/www.facebook.com\/Zabkimiasto?__cft__[0]=AZapNIiYl1dlxphVIdT2OkQ3lpD4ST1s4dQllil4Xq4WSkC7iTLcGNx9n5_TM47adZR-WPGsuKu0DxdJ9KQ32FzuWFAEkZsW3Ntj6Q_OHZ-vAWaBKqadzCgd4Nvw804g-X7cn5xKLrx7uywME1aCZBzyAqLFIXAo2KmUPWaqc2sgsK2ze8vCTvJb28ZIqhzbe7JnyPkLwnYhrk_-25ikN_L4&amp;__tn__=-]K-R\">Miasto Z\u0105bki<\/a>. By\u0142 to uroczysty fina\u0142 og\u00f3lnoszkolnego projektu edukacyjnego pt. ,,Kochanowski w formie&#8221; realizowanego z okazji 45-lecia nadania szkole imienia renesansowego poety z Czarnolasu.\/TK\/<\/p>\n\n\n\n<hr class=\"wp-block-separator aligncenter has-alpha-channel-opacity\"\/>\n\n\n<div class=\"wp-block-image\">\n<figure class=\"alignleft size-full is-resized\"><img loading=\"lazy\" decoding=\"async\" width=\"300\" height=\"300\" src=\"https:\/\/powiatwwl.pl\/wp-content\/uploads\/2026\/03\/Dodaj-podtytul-1.jpg\" alt=\"\" class=\"wp-image-2264\" style=\"width:111px;height:auto\" srcset=\"https:\/\/powiatwwl.pl\/wp-content\/uploads\/2026\/03\/Dodaj-podtytul-1.jpg 300w, https:\/\/powiatwwl.pl\/wp-content\/uploads\/2026\/03\/Dodaj-podtytul-1-150x150.jpg 150w, https:\/\/powiatwwl.pl\/wp-content\/uploads\/2026\/03\/Dodaj-podtytul-1-80x80.jpg 80w\" sizes=\"auto, (max-width: 300px) 100vw, 300px\" \/><\/figure>\n<\/div>\n\n\n<h2 class=\"wp-block-heading\"><strong><a href=\"https:\/\/www.facebook.com\/profile.php?id=61561185435479\">Tomasz KALATA<\/a><\/strong><\/h2>\n\n\n\n<hr class=\"wp-block-separator aligncenter has-alpha-channel-opacity\"\/>\n\n\n<div class=\"wp-block-image\">\n<figure class=\"alignleft size-large is-resized\"><img loading=\"lazy\" decoding=\"async\" width=\"1024\" height=\"1024\" src=\"https:\/\/powiatwwl.pl\/wp-content\/uploads\/2026\/03\/PW-logok-Zdjecie-profilowe-na-Facebooka-6-1024x1024.jpg\" alt=\"\" class=\"wp-image-1976\" style=\"width:97px;height:auto\" srcset=\"https:\/\/powiatwwl.pl\/wp-content\/uploads\/2026\/03\/PW-logok-Zdjecie-profilowe-na-Facebooka-6-1024x1024.jpg 1024w, https:\/\/powiatwwl.pl\/wp-content\/uploads\/2026\/03\/PW-logok-Zdjecie-profilowe-na-Facebooka-6-300x300.jpg 300w, https:\/\/powiatwwl.pl\/wp-content\/uploads\/2026\/03\/PW-logok-Zdjecie-profilowe-na-Facebooka-6-150x150.jpg 150w, https:\/\/powiatwwl.pl\/wp-content\/uploads\/2026\/03\/PW-logok-Zdjecie-profilowe-na-Facebooka-6-768x768.jpg 768w, https:\/\/powiatwwl.pl\/wp-content\/uploads\/2026\/03\/PW-logok-Zdjecie-profilowe-na-Facebooka-6-80x80.jpg 80w, https:\/\/powiatwwl.pl\/wp-content\/uploads\/2026\/03\/PW-logok-Zdjecie-profilowe-na-Facebooka-6-320x320.jpg 320w, https:\/\/powiatwwl.pl\/wp-content\/uploads\/2026\/03\/PW-logok-Zdjecie-profilowe-na-Facebooka-6.jpg 1280w\" sizes=\"auto, (max-width: 1024px) 100vw, 1024px\" \/><\/figure>\n<\/div>\n\n\n<h2 class=\"wp-block-heading\"><strong><a href=\"https:\/\/www.facebook.com\/reel\/1432274127899879\">ROLKA VIDEO<\/a><\/strong><\/h2>\n\n\n\n<p><\/p>\n","protected":false},"excerpt":{"rendered":"<p>W pi\u0105tek , 26 marca jako Cz\u0142onek Zarz\u0105du i Radny Powiatu Wo\u0142omi\u0144skiego mia\u0142em wielki zaszczyt i ogromn\u0105 przyjemno\u015b\u0107 uczestniczenia we wspania\u0142ym wydarzeniu w Szkole Podstawowej nr 2 im. Jana Kochanowskiego w Z\u0105bkach. By\u0142 to uroczysty fina\u0142 og\u00f3lnoszkolnego projektu edukacyjnego pt. ,,Kochanowski w formie&#8221; realizowanego z okazji 45-lecia nadania szkole imienia renesansowego poety z Czarnolasu.\/TK\/<\/p>\n","protected":false},"author":1,"featured_media":2418,"comment_status":"open","ping_status":"open","sticky":false,"template":"","format":"standard","meta":{"footnotes":""},"categories":[1],"tags":[],"class_list":["post-2416","post","type-post","status-publish","format-standard","has-post-thumbnail","hentry","category-aktualnosci"],"_links":{"self":[{"href":"https:\/\/powiatwwl.pl\/index.php?rest_route=\/wp\/v2\/posts\/2416","targetHints":{"allow":["GET"]}}],"collection":[{"href":"https:\/\/powiatwwl.pl\/index.php?rest_route=\/wp\/v2\/posts"}],"about":[{"href":"https:\/\/powiatwwl.pl\/index.php?rest_route=\/wp\/v2\/types\/post"}],"author":[{"embeddable":true,"href":"https:\/\/powiatwwl.pl\/index.php?rest_route=\/wp\/v2\/users\/1"}],"replies":[{"embeddable":true,"href":"https:\/\/powiatwwl.pl\/index.php?rest_route=%2Fwp%2Fv2%2Fcomments&post=2416"}],"version-history":[{"count":3,"href":"https:\/\/powiatwwl.pl\/index.php?rest_route=\/wp\/v2\/posts\/2416\/revisions"}],"predecessor-version":[{"id":2430,"href":"https:\/\/powiatwwl.pl\/index.php?rest_route=\/wp\/v2\/posts\/2416\/revisions\/2430"}],"wp:featuredmedia":[{"embeddable":true,"href":"https:\/\/powiatwwl.pl\/index.php?rest_route=\/wp\/v2\/media\/2418"}],"wp:attachment":[{"href":"https:\/\/powiatwwl.pl\/index.php?rest_route=%2Fwp%2Fv2%2Fmedia&parent=2416"}],"wp:term":[{"taxonomy":"category","embeddable":true,"href":"https:\/\/powiatwwl.pl\/index.php?rest_route=%2Fwp%2Fv2%2Fcategories&post=2416"},{"taxonomy":"post_tag","embeddable":true,"href":"https:\/\/powiatwwl.pl\/index.php?rest_route=%2Fwp%2Fv2%2Ftags&post=2416"}],"curies":[{"name":"wp","href":"https:\/\/api.w.org\/{rel}","templated":true}]}}