{"id":2421,"date":"2026-03-27T11:42:36","date_gmt":"2026-03-27T10:42:36","guid":{"rendered":"http:\/\/powiatwwl.pl\/?p=2421"},"modified":"2026-03-27T11:42:38","modified_gmt":"2026-03-27T10:42:38","slug":"odrobina-swiatecznego-ciepla-dla-naszych-kombatantow","status":"publish","type":"post","link":"https:\/\/powiatwwl.pl\/?p=2421","title":{"rendered":"Odrobina \u015bwi\u0105tecznego ciep\u0142a dla naszych kombatant\u00f3w"},"content":{"rendered":"<div class=\"wp-block-image\">\n<figure class=\"aligncenter size-large is-resized\"><img loading=\"lazy\" decoding=\"async\" width=\"1024\" height=\"735\" src=\"https:\/\/powiatwwl.pl\/wp-content\/uploads\/2026\/03\/657155241_1494764412653813_2267866425211710402_n-1024x735.jpg\" alt=\"\" class=\"wp-image-2422\" style=\"width:542px;height:auto\" srcset=\"https:\/\/powiatwwl.pl\/wp-content\/uploads\/2026\/03\/657155241_1494764412653813_2267866425211710402_n-1024x735.jpg 1024w, https:\/\/powiatwwl.pl\/wp-content\/uploads\/2026\/03\/657155241_1494764412653813_2267866425211710402_n-300x215.jpg 300w, https:\/\/powiatwwl.pl\/wp-content\/uploads\/2026\/03\/657155241_1494764412653813_2267866425211710402_n-768x551.jpg 768w, https:\/\/powiatwwl.pl\/wp-content\/uploads\/2026\/03\/657155241_1494764412653813_2267866425211710402_n-1536x1103.jpg 1536w, https:\/\/powiatwwl.pl\/wp-content\/uploads\/2026\/03\/657155241_1494764412653813_2267866425211710402_n.jpg 2048w\" sizes=\"auto, (max-width: 1024px) 100vw, 1024px\" \/><\/figure>\n<\/div>\n\n\n<p>Wielkanoc to czas spotka\u0144 i drobnych gest\u00f3w, kt\u00f3re wywo\u0142uj\u0105 u\u015bmiech. Uczniowie z <a href=\"https:\/\/www.facebook.com\/ILOPULWolomin?__cft__[0]=AZa4bT5wpek8bbY4jsJO1_uH_BTF_bGf45V9btT4ZKrWlW66I3gZz_8-vRkCUj-Kg1Pkqxn1LEO7qt32eENFhbIG5Sspdth3bRNdD_gsuLzMjsHA7qO_Fx8iz_6owlkbzgMLHwPxWyUzlyjGguyKWUu27Xnxxg5F9pDGAABTH1u8spZnmwBuC5lvOybiMq-ztL4&amp;__tn__=-]K-R\">I LO PUL w Wo\u0142ominie<\/a>, z ogromnym zapa\u0142em, pomogli nam dostarczy\u0107 Wielkanocne upominki kombatantom z terenu naszego powiatu, przygotowane przez Zarz\u0105du <a href=\"https:\/\/www.facebook.com\/Powiat.Wolominski?__cft__[0]=AZa4bT5wpek8bbY4jsJO1_uH_BTF_bGf45V9btT4ZKrWlW66I3gZz_8-vRkCUj-Kg1Pkqxn1LEO7qt32eENFhbIG5Sspdth3bRNdD_gsuLzMjsHA7qO_Fx8iz_6owlkbzgMLHwPxWyUzlyjGguyKWUu27Xnxxg5F9pDGAABTH1u8spZnmwBuC5lvOybiMq-ztL4&amp;__tn__=-]K-R\">Powiat Wo\u0142omi\u0144ski<\/a>. Cieszymy si\u0119, \u017ce mogli\u015bmy w ten spos\u00f3b przekaza\u0107 odrobin\u0119 \u015bwi\u0105tecznego ciep\u0142a tym, kt\u00f3rzy przed laty dbali o nasz\u0105 wolno\u015b\u0107. Dzi\u0119kujemy uczniom za ich zaanga\u017cowanie i pomocn\u0105 d\u0142o\u0144!<\/p>\n\n\n\n<hr class=\"wp-block-separator aligncenter has-alpha-channel-opacity\"\/>\n\n\n<div class=\"wp-block-image\">\n<figure class=\"alignleft size-large is-resized\"><img loading=\"lazy\" decoding=\"async\" width=\"1024\" height=\"1024\" src=\"https:\/\/powiatwwl.pl\/wp-content\/uploads\/2026\/02\/pw-1024x1024.jpg\" alt=\"\" class=\"wp-image-395\" style=\"width:109px;height:auto\" srcset=\"https:\/\/powiatwwl.pl\/wp-content\/uploads\/2026\/02\/pw-1024x1024.jpg 1024w, https:\/\/powiatwwl.pl\/wp-content\/uploads\/2026\/02\/pw-300x300.jpg 300w, https:\/\/powiatwwl.pl\/wp-content\/uploads\/2026\/02\/pw-150x150.jpg 150w, https:\/\/powiatwwl.pl\/wp-content\/uploads\/2026\/02\/pw-768x768.jpg 768w, https:\/\/powiatwwl.pl\/wp-content\/uploads\/2026\/02\/pw-80x80.jpg 80w, https:\/\/powiatwwl.pl\/wp-content\/uploads\/2026\/02\/pw-320x320.jpg 320w, https:\/\/powiatwwl.pl\/wp-content\/uploads\/2026\/02\/pw.jpg 1280w\" sizes=\"auto, (max-width: 1024px) 100vw, 1024px\" \/><\/figure>\n<\/div>\n\n\n<h2 class=\"wp-block-heading\"><strong><a href=\"https:\/\/www.facebook.com\/Powiat.Wolominski\">Powiat Wo\u0142omi\u0144ski<\/a><\/strong><\/h2>\n","protected":false},"excerpt":{"rendered":"<p>Wielkanoc to czas spotka\u0144 i drobnych gest\u00f3w, kt\u00f3re wywo\u0142uj\u0105 u\u015bmiech. Uczniowie z I LO PUL w Wo\u0142ominie, z ogromnym zapa\u0142em, pomogli nam dostarczy\u0107 Wielkanocne upominki kombatantom z terenu naszego powiatu, przygotowane przez Zarz\u0105du Powiat Wo\u0142omi\u0144ski. Cieszymy si\u0119, \u017ce mogli\u015bmy w ten spos\u00f3b przekaza\u0107 odrobin\u0119 \u015bwi\u0105tecznego ciep\u0142a tym, kt\u00f3rzy przed laty dbali o nasz\u0105 wolno\u015b\u0107. Dzi\u0119kujemy uczniom za ich zaanga\u017cowanie i pomocn\u0105 d\u0142o\u0144!<\/p>\n","protected":false},"author":1,"featured_media":2423,"comment_status":"open","ping_status":"open","sticky":false,"template":"","format":"standard","meta":{"footnotes":""},"categories":[1],"tags":[],"class_list":["post-2421","post","type-post","status-publish","format-standard","has-post-thumbnail","hentry","category-aktualnosci"],"_links":{"self":[{"href":"https:\/\/powiatwwl.pl\/index.php?rest_route=\/wp\/v2\/posts\/2421","targetHints":{"allow":["GET"]}}],"collection":[{"href":"https:\/\/powiatwwl.pl\/index.php?rest_route=\/wp\/v2\/posts"}],"about":[{"href":"https:\/\/powiatwwl.pl\/index.php?rest_route=\/wp\/v2\/types\/post"}],"author":[{"embeddable":true,"href":"https:\/\/powiatwwl.pl\/index.php?rest_route=\/wp\/v2\/users\/1"}],"replies":[{"embeddable":true,"href":"https:\/\/powiatwwl.pl\/index.php?rest_route=%2Fwp%2Fv2%2Fcomments&post=2421"}],"version-history":[{"count":1,"href":"https:\/\/powiatwwl.pl\/index.php?rest_route=\/wp\/v2\/posts\/2421\/revisions"}],"predecessor-version":[{"id":2424,"href":"https:\/\/powiatwwl.pl\/index.php?rest_route=\/wp\/v2\/posts\/2421\/revisions\/2424"}],"wp:featuredmedia":[{"embeddable":true,"href":"https:\/\/powiatwwl.pl\/index.php?rest_route=\/wp\/v2\/media\/2423"}],"wp:attachment":[{"href":"https:\/\/powiatwwl.pl\/index.php?rest_route=%2Fwp%2Fv2%2Fmedia&parent=2421"}],"wp:term":[{"taxonomy":"category","embeddable":true,"href":"https:\/\/powiatwwl.pl\/index.php?rest_route=%2Fwp%2Fv2%2Fcategories&post=2421"},{"taxonomy":"post_tag","embeddable":true,"href":"https:\/\/powiatwwl.pl\/index.php?rest_route=%2Fwp%2Fv2%2Ftags&post=2421"}],"curies":[{"name":"wp","href":"https:\/\/api.w.org\/{rel}","templated":true}]}}