{"id":2425,"date":"2026-03-27T11:59:12","date_gmt":"2026-03-27T10:59:12","guid":{"rendered":"http:\/\/powiatwwl.pl\/?p=2425"},"modified":"2026-03-27T11:59:14","modified_gmt":"2026-03-27T10:59:14","slug":"poezja-k-k-baczynskiego-konkurs-recytatorski-w-tluszczu-video","status":"publish","type":"post","link":"https:\/\/powiatwwl.pl\/?p=2425","title":{"rendered":"Poezja K.K.Baczy\u0144skiego &#8211; konkurs recytatorski w T\u0142uszczu \/VIDEO\/"},"content":{"rendered":"<div class=\"wp-block-image\">\n<figure class=\"aligncenter size-large is-resized\"><img loading=\"lazy\" decoding=\"async\" width=\"1024\" height=\"583\" src=\"https:\/\/powiatwwl.pl\/wp-content\/uploads\/2026\/03\/659049184_1516955220430506_5231471497693938777_n-1024x583.jpg\" alt=\"\" class=\"wp-image-2428\" style=\"width:752px;height:auto\" srcset=\"https:\/\/powiatwwl.pl\/wp-content\/uploads\/2026\/03\/659049184_1516955220430506_5231471497693938777_n-1024x583.jpg 1024w, https:\/\/powiatwwl.pl\/wp-content\/uploads\/2026\/03\/659049184_1516955220430506_5231471497693938777_n-300x171.jpg 300w, https:\/\/powiatwwl.pl\/wp-content\/uploads\/2026\/03\/659049184_1516955220430506_5231471497693938777_n-768x437.jpg 768w, https:\/\/powiatwwl.pl\/wp-content\/uploads\/2026\/03\/659049184_1516955220430506_5231471497693938777_n.jpg 1264w\" sizes=\"auto, (max-width: 1024px) 100vw, 1024px\" \/><\/figure>\n<\/div>\n\n\n<p>S\u0105 takie historie, kt\u00f3rych nie da si\u0119 zamkn\u0105\u0107 w jednej minucie. Emocje ukryte w wersach, cisza mi\u0119dzy s\u0142owami i interpretacje, kt\u00f3re zostaj\u0105 w pami\u0119ci na d\u0142ugo \u2014 tego nie da si\u0119 stre\u015bci\u0107 bez straty. Dlatego ta relacja jest d\u0142u\u017csza. Podczas 22. Powiatowego Konkursu Recytatorskiego Poezji Krzysztofa Kamila Baczy\u0144skiego w <a href=\"https:\/\/www.facebook.com\/profile.php?id=100063481286965&amp;__cft__[0]=AZZ86BZZDYPd7fR2w1NHkKPWuaGDuPbUP_kEBiFUDcRJ4dxfqCMZZOpG-3ORlUoELvTrKLOTxBuq7AvWI2YQWJ73oj1vY0vOaoDgKFZqC443ym1CQ0us4WUU7CPUyItLQGjYLUaZgmAFTEH1ydS14cnpsdmFt7L0oIxhh6yNiCnV92C4s8k9GQm9fXOjZU8vEPO71_m-d653b-SEY_ZDfRxY&amp;__tn__=-]K-R\">Zesp\u00f3\u0142 Szk\u00f3\u0142 imienia Krzysztofa Kamila Baczy\u0144skiego w T\u0142uszczu<\/a> us\u0142yszeli\u015bmy dziesi\u0105tki wyj\u0105tkowych interpretacji. Na scenie wyst\u0105pili uczniowie z 15 szk\u00f3\u0142 podstawowych i 11 szk\u00f3\u0142 ponadpodstawowych, w tym reprezentanci 3 warszawskich szk\u00f3\u0142. To, co mo\u017cecie zobaczy\u0107 poni\u017cej, to tylko fragment tego wydarzenia. Ka\u017cdy uczestnik wni\u00f3s\u0142 co\u015b niepowtarzalnego, dlatego chcemy cho\u0107 w cz\u0119\u015bci odda\u0107 atmosfer\u0119 tego dnia. Zapraszamy do obejrzenia tej wyj\u0105tkowej mozaiki g\u0142os\u00f3w, emocji i wra\u017cliwo\u015bci.<\/p>\n\n\n\n<hr class=\"wp-block-separator aligncenter has-alpha-channel-opacity\"\/>\n\n\n<div class=\"wp-block-image\">\n<figure class=\"alignleft size-large is-resized\"><img loading=\"lazy\" decoding=\"async\" width=\"1024\" height=\"1024\" src=\"https:\/\/powiatwwl.pl\/wp-content\/uploads\/2026\/03\/PW-logok-Zdjecie-profilowe-na-Facebooka-6-1024x1024.jpg\" alt=\"\" class=\"wp-image-1976\" style=\"width:115px;height:auto\" srcset=\"https:\/\/powiatwwl.pl\/wp-content\/uploads\/2026\/03\/PW-logok-Zdjecie-profilowe-na-Facebooka-6-1024x1024.jpg 1024w, https:\/\/powiatwwl.pl\/wp-content\/uploads\/2026\/03\/PW-logok-Zdjecie-profilowe-na-Facebooka-6-300x300.jpg 300w, https:\/\/powiatwwl.pl\/wp-content\/uploads\/2026\/03\/PW-logok-Zdjecie-profilowe-na-Facebooka-6-150x150.jpg 150w, https:\/\/powiatwwl.pl\/wp-content\/uploads\/2026\/03\/PW-logok-Zdjecie-profilowe-na-Facebooka-6-768x768.jpg 768w, https:\/\/powiatwwl.pl\/wp-content\/uploads\/2026\/03\/PW-logok-Zdjecie-profilowe-na-Facebooka-6-80x80.jpg 80w, https:\/\/powiatwwl.pl\/wp-content\/uploads\/2026\/03\/PW-logok-Zdjecie-profilowe-na-Facebooka-6-320x320.jpg 320w, https:\/\/powiatwwl.pl\/wp-content\/uploads\/2026\/03\/PW-logok-Zdjecie-profilowe-na-Facebooka-6.jpg 1280w\" sizes=\"auto, (max-width: 1024px) 100vw, 1024px\" \/><\/figure>\n<\/div>\n\n\n<h2 class=\"wp-block-heading\"><strong><a href=\"https:\/\/www.facebook.com\/reel\/1876382329682100\">ROLKA VIDEO<\/a><\/strong><\/h2>\n\n\n\n<hr class=\"wp-block-separator aligncenter has-alpha-channel-opacity\"\/>\n\n\n<div class=\"wp-block-image\">\n<figure class=\"alignleft size-full is-resized\"><img loading=\"lazy\" decoding=\"async\" width=\"225\" height=\"225\" src=\"https:\/\/powiatwwl.pl\/wp-content\/uploads\/2026\/03\/images.jpeg\" alt=\"\" class=\"wp-image-2427\" style=\"width:110px;height:auto\" srcset=\"https:\/\/powiatwwl.pl\/wp-content\/uploads\/2026\/03\/images.jpeg 225w, https:\/\/powiatwwl.pl\/wp-content\/uploads\/2026\/03\/images-150x150.jpeg 150w, https:\/\/powiatwwl.pl\/wp-content\/uploads\/2026\/03\/images-80x80.jpeg 80w\" sizes=\"auto, (max-width: 225px) 100vw, 225px\" \/><\/figure>\n<\/div>\n\n\n<h2 class=\"wp-block-heading\"><strong><a href=\"https:\/\/www.facebook.com\/profile.php?id=100063481286965\">ZS w T\u0142uszczu<\/a><\/strong><\/h2>\n","protected":false},"excerpt":{"rendered":"<p>S\u0105 takie historie, kt\u00f3rych nie da si\u0119 zamkn\u0105\u0107 w jednej minucie. Emocje ukryte w wersach, cisza mi\u0119dzy s\u0142owami i interpretacje, kt\u00f3re zostaj\u0105 w pami\u0119ci na d\u0142ugo \u2014 tego nie da si\u0119 stre\u015bci\u0107 bez straty. Dlatego ta relacja jest d\u0142u\u017csza. Podczas 22. Powiatowego Konkursu Recytatorskiego Poezji Krzysztofa Kamila Baczy\u0144skiego w Zespole Szk\u00f3\u0142 imienia Krzysztofa Kamila Baczy\u0144skiego w T\u0142uszczu us\u0142yszeli\u015bmy dziesi\u0105tki wyj\u0105tkowych interpretacji&#8230;<\/p>\n","protected":false},"author":1,"featured_media":2426,"comment_status":"open","ping_status":"open","sticky":false,"template":"","format":"standard","meta":{"footnotes":""},"categories":[1],"tags":[],"class_list":["post-2425","post","type-post","status-publish","format-standard","has-post-thumbnail","hentry","category-aktualnosci"],"_links":{"self":[{"href":"https:\/\/powiatwwl.pl\/index.php?rest_route=\/wp\/v2\/posts\/2425","targetHints":{"allow":["GET"]}}],"collection":[{"href":"https:\/\/powiatwwl.pl\/index.php?rest_route=\/wp\/v2\/posts"}],"about":[{"href":"https:\/\/powiatwwl.pl\/index.php?rest_route=\/wp\/v2\/types\/post"}],"author":[{"embeddable":true,"href":"https:\/\/powiatwwl.pl\/index.php?rest_route=\/wp\/v2\/users\/1"}],"replies":[{"embeddable":true,"href":"https:\/\/powiatwwl.pl\/index.php?rest_route=%2Fwp%2Fv2%2Fcomments&post=2425"}],"version-history":[{"count":1,"href":"https:\/\/powiatwwl.pl\/index.php?rest_route=\/wp\/v2\/posts\/2425\/revisions"}],"predecessor-version":[{"id":2429,"href":"https:\/\/powiatwwl.pl\/index.php?rest_route=\/wp\/v2\/posts\/2425\/revisions\/2429"}],"wp:featuredmedia":[{"embeddable":true,"href":"https:\/\/powiatwwl.pl\/index.php?rest_route=\/wp\/v2\/media\/2426"}],"wp:attachment":[{"href":"https:\/\/powiatwwl.pl\/index.php?rest_route=%2Fwp%2Fv2%2Fmedia&parent=2425"}],"wp:term":[{"taxonomy":"category","embeddable":true,"href":"https:\/\/powiatwwl.pl\/index.php?rest_route=%2Fwp%2Fv2%2Fcategories&post=2425"},{"taxonomy":"post_tag","embeddable":true,"href":"https:\/\/powiatwwl.pl\/index.php?rest_route=%2Fwp%2Fv2%2Ftags&post=2425"}],"curies":[{"name":"wp","href":"https:\/\/api.w.org\/{rel}","templated":true}]}}