{"id":2504,"date":"2026-03-30T09:59:27","date_gmt":"2026-03-30T07:59:27","guid":{"rendered":"http:\/\/powiatwwl.pl\/?p=2504"},"modified":"2026-03-30T10:02:17","modified_gmt":"2026-03-30T08:02:17","slug":"na-czym-polega-wielki-tydzien","status":"publish","type":"post","link":"https:\/\/powiatwwl.pl\/?p=2504","title":{"rendered":"Na czym polega Wielki Tydzie\u0144 ?"},"content":{"rendered":"<div class=\"wp-block-image\">\n<figure class=\"aligncenter size-full\"><img loading=\"lazy\" decoding=\"async\" width=\"600\" height=\"461\" src=\"https:\/\/powiatwwl.pl\/wp-content\/uploads\/2026\/03\/WT.jpg\" alt=\"\" class=\"wp-image-2505\" srcset=\"https:\/\/powiatwwl.pl\/wp-content\/uploads\/2026\/03\/WT.jpg 600w, https:\/\/powiatwwl.pl\/wp-content\/uploads\/2026\/03\/WT-300x231.jpg 300w\" sizes=\"auto, (max-width: 600px) 100vw, 600px\" \/><\/figure>\n<\/div>\n\n\n<p>W ca\u0142ej Polsce Wielki Tydzie\u0144 jest \u2013 tradycyjnie-\u00a0<strong>czasem wzmo\u017conej pobo\u017cno\u015bci i praktyk religijnych ( takich jak rekolekcje, udzia\u0142 w nabo\u017ce\u0144stwach pasyjnych, spowied\u017a wielkanocna, pobo\u017cne nawiedzanie \u015bwi\u0105ty\u0144)<\/strong>. Wielki Tydzie\u0144 w tradycji chrze\u015bcija\u0144skiej to okres bezpo\u015brednio poprzedzaj\u0105cy Wielkanoc, upami\u0119tniaj\u0105cy ostatnie dni ziemskiego \u017cycia Jezusa Chrystusa:\u00a0Jego\u00a0<mark>uroczysty wjazd do Jerozolimy (Niedziela Palmowa),<\/mark> <mark>ustanowienie Eucharystii (Wielki Czwartek), M\u0119k\u0119 i \u015amier\u0107 (Wielki Pi\u0105tek) oraz spoczynek w grobie (Wielka Sobota), ko\u0144cz\u0105cy si\u0119 Zmartwychwstaniem<\/mark>.<\/p>\n\n\n\n<hr class=\"wp-block-separator aligncenter has-alpha-channel-opacity\"\/>\n\n\n<div class=\"wp-block-image\">\n<figure class=\"alignleft size-large is-resized\"><img loading=\"lazy\" decoding=\"async\" width=\"1024\" height=\"1024\" src=\"https:\/\/powiatwwl.pl\/wp-content\/uploads\/2026\/03\/308627577_452238743604624_75520368212850833_n-1024x1024.png\" alt=\"\" class=\"wp-image-2506\" style=\"width:108px;height:auto\" srcset=\"https:\/\/powiatwwl.pl\/wp-content\/uploads\/2026\/03\/308627577_452238743604624_75520368212850833_n-1024x1024.png 1024w, https:\/\/powiatwwl.pl\/wp-content\/uploads\/2026\/03\/308627577_452238743604624_75520368212850833_n-300x300.png 300w, https:\/\/powiatwwl.pl\/wp-content\/uploads\/2026\/03\/308627577_452238743604624_75520368212850833_n-150x150.png 150w, https:\/\/powiatwwl.pl\/wp-content\/uploads\/2026\/03\/308627577_452238743604624_75520368212850833_n-768x768.png 768w, https:\/\/powiatwwl.pl\/wp-content\/uploads\/2026\/03\/308627577_452238743604624_75520368212850833_n-80x80.png 80w, https:\/\/powiatwwl.pl\/wp-content\/uploads\/2026\/03\/308627577_452238743604624_75520368212850833_n-320x320.png 320w, https:\/\/powiatwwl.pl\/wp-content\/uploads\/2026\/03\/308627577_452238743604624_75520368212850833_n.png 1292w\" sizes=\"auto, (max-width: 1024px) 100vw, 1024px\" \/><\/figure>\n<\/div>\n\n\n<h2 class=\"wp-block-heading\"><strong><a href=\"https:\/\/www.facebook.com\/DiecezjaWarszawskoPraska\">Diecezja Warszawsko-Praska<\/a><\/strong><\/h2>\n\n\n\n<p><\/p>\n","protected":false},"excerpt":{"rendered":"<p>W ca\u0142ej Polsce Wielki Tydzie\u0144 jest \u2013 tradycyjnie-\u00a0czasem wzmo\u017conej pobo\u017cno\u015bci i praktyk religijnych ( takich jak rekolekcje, udzia\u0142 w nabo\u017ce\u0144stwach pasyjnych, spowied\u017a wielkanocna, pobo\u017cne nawiedzanie \u015bwi\u0105ty\u0144). Wielki Tydzie\u0144 w tradycji chrze\u015bcija\u0144skiej to okres bezpo\u015brednio poprzedzaj\u0105cy Wielkanoc, upami\u0119tniaj\u0105cy ostatnie dni ziemskiego \u017cycia Jezusa Chrystusa&#8230;<\/p>\n","protected":false},"author":1,"featured_media":2507,"comment_status":"open","ping_status":"open","sticky":false,"template":"","format":"standard","meta":{"footnotes":""},"categories":[1],"tags":[],"class_list":["post-2504","post","type-post","status-publish","format-standard","has-post-thumbnail","hentry","category-aktualnosci"],"_links":{"self":[{"href":"https:\/\/powiatwwl.pl\/index.php?rest_route=\/wp\/v2\/posts\/2504","targetHints":{"allow":["GET"]}}],"collection":[{"href":"https:\/\/powiatwwl.pl\/index.php?rest_route=\/wp\/v2\/posts"}],"about":[{"href":"https:\/\/powiatwwl.pl\/index.php?rest_route=\/wp\/v2\/types\/post"}],"author":[{"embeddable":true,"href":"https:\/\/powiatwwl.pl\/index.php?rest_route=\/wp\/v2\/users\/1"}],"replies":[{"embeddable":true,"href":"https:\/\/powiatwwl.pl\/index.php?rest_route=%2Fwp%2Fv2%2Fcomments&post=2504"}],"version-history":[{"count":2,"href":"https:\/\/powiatwwl.pl\/index.php?rest_route=\/wp\/v2\/posts\/2504\/revisions"}],"predecessor-version":[{"id":2510,"href":"https:\/\/powiatwwl.pl\/index.php?rest_route=\/wp\/v2\/posts\/2504\/revisions\/2510"}],"wp:featuredmedia":[{"embeddable":true,"href":"https:\/\/powiatwwl.pl\/index.php?rest_route=\/wp\/v2\/media\/2507"}],"wp:attachment":[{"href":"https:\/\/powiatwwl.pl\/index.php?rest_route=%2Fwp%2Fv2%2Fmedia&parent=2504"}],"wp:term":[{"taxonomy":"category","embeddable":true,"href":"https:\/\/powiatwwl.pl\/index.php?rest_route=%2Fwp%2Fv2%2Fcategories&post=2504"},{"taxonomy":"post_tag","embeddable":true,"href":"https:\/\/powiatwwl.pl\/index.php?rest_route=%2Fwp%2Fv2%2Ftags&post=2504"}],"curies":[{"name":"wp","href":"https:\/\/api.w.org\/{rel}","templated":true}]}}