{"id":2519,"date":"2026-03-30T11:04:44","date_gmt":"2026-03-30T09:04:44","guid":{"rendered":"http:\/\/powiatwwl.pl\/?p=2519"},"modified":"2026-03-30T11:04:45","modified_gmt":"2026-03-30T09:04:45","slug":"nowoczesna-komenda-powiatowej-policji-nowe-informacje","status":"publish","type":"post","link":"https:\/\/powiatwwl.pl\/?p=2519","title":{"rendered":"Nowoczesna Komenda Powiatowej Policji &#8211; nowe informacje"},"content":{"rendered":"<div class=\"wp-block-image\">\n<figure class=\"aligncenter size-full is-resized\"><img loading=\"lazy\" decoding=\"async\" width=\"800\" height=\"540\" src=\"https:\/\/powiatwwl.pl\/wp-content\/uploads\/2026\/03\/657567731_1495885305875057_587759808592159276_n.jpg\" alt=\"\" class=\"wp-image-2520\" style=\"width:544px;height:auto\" srcset=\"https:\/\/powiatwwl.pl\/wp-content\/uploads\/2026\/03\/657567731_1495885305875057_587759808592159276_n.jpg 800w, https:\/\/powiatwwl.pl\/wp-content\/uploads\/2026\/03\/657567731_1495885305875057_587759808592159276_n-300x203.jpg 300w, https:\/\/powiatwwl.pl\/wp-content\/uploads\/2026\/03\/657567731_1495885305875057_587759808592159276_n-768x518.jpg 768w\" sizes=\"auto, (max-width: 800px) 100vw, 800px\" \/><\/figure>\n<\/div>\n\n\n<p>Nowa Komenda Powiatowej Policji w Wo\u0142ominie: Inwestycja za blisko 100 mln z\u0142 coraz bli\u017cej. Bezpiecze\u0144stwo to nasz priorytet, dlatego z satysfakcj\u0105 informuj\u0119 o kolejnych milowych krokach w stron\u0119 budowy nowej siedziby Komendy Powiatowej Policji w Wo\u0142ominie. Dzi\u015b o szczeg\u00f3\u0142ach tej ogromnej inwestycji rozmawia\u0142em z Zast\u0119pc\u0105 Komendanta Sto\u0142ecznego Policji, insp. Robertem Fr\u0105ckowiakiem.<\/p>\n\n\n\n<p>Co warto wiedzie\u0107? Przetarg w toku: Obecnie trwa procedura wy\u0142onienia wykonawcy w formule \u201ezaprojektuj i wybuduj\u201d. Zak\u0142adamy, \u017ce umowa z wykonawc\u0105 zostanie podpisana w ci\u0105gu najbli\u017cszych 3 miesi\u0119cy. \u015arodki finansowe s\u0105 zabezpieczone przez Komend\u0119 Sto\u0142eczn\u0105 Policji w ramach Programu Modernizacji S\u0142u\u017cb Mundurowych 2026-2029. Z wa\u017cnych informacji. Zmniejszy\u0142a si\u0119 i zmniejszy liczba wakat\u00f3w w Komendzie Powiatowej Policji, a to automatycznie wi\u0119ksza liczba policjant\u00f3w w naszych lokalnych komisariatach. To z kolei wi\u0119cej funkcjonariuszy na ulicach gmin naszego powiatu.\/AW\/<\/p>\n\n\n\n<hr class=\"wp-block-separator has-alpha-channel-opacity\"\/>\n\n\n<div class=\"wp-block-image\">\n<figure class=\"alignleft size-large is-resized\"><img loading=\"lazy\" decoding=\"async\" width=\"1024\" height=\"1024\" src=\"https:\/\/powiatwwl.pl\/wp-content\/uploads\/2026\/03\/PW-logo12-Zdjecie-profilowe-na-Facebooka-1-1024x1024.jpg\" alt=\"\" class=\"wp-image-1845\" style=\"width:109px;height:auto\" srcset=\"https:\/\/powiatwwl.pl\/wp-content\/uploads\/2026\/03\/PW-logo12-Zdjecie-profilowe-na-Facebooka-1-1024x1024.jpg 1024w, https:\/\/powiatwwl.pl\/wp-content\/uploads\/2026\/03\/PW-logo12-Zdjecie-profilowe-na-Facebooka-1-300x300.jpg 300w, https:\/\/powiatwwl.pl\/wp-content\/uploads\/2026\/03\/PW-logo12-Zdjecie-profilowe-na-Facebooka-1-150x150.jpg 150w, https:\/\/powiatwwl.pl\/wp-content\/uploads\/2026\/03\/PW-logo12-Zdjecie-profilowe-na-Facebooka-1-768x768.jpg 768w, https:\/\/powiatwwl.pl\/wp-content\/uploads\/2026\/03\/PW-logo12-Zdjecie-profilowe-na-Facebooka-1-1536x1536.jpg 1536w, https:\/\/powiatwwl.pl\/wp-content\/uploads\/2026\/03\/PW-logo12-Zdjecie-profilowe-na-Facebooka-1-80x80.jpg 80w, https:\/\/powiatwwl.pl\/wp-content\/uploads\/2026\/03\/PW-logo12-Zdjecie-profilowe-na-Facebooka-1-320x320.jpg 320w, https:\/\/powiatwwl.pl\/wp-content\/uploads\/2026\/03\/PW-logo12-Zdjecie-profilowe-na-Facebooka-1.jpg 2048w\" sizes=\"auto, (max-width: 1024px) 100vw, 1024px\" \/><\/figure>\n<\/div>\n\n\n<h2 class=\"wp-block-heading\"><strong><a href=\"https:\/\/www.facebook.com\/starostaWerelich\">Arkadiusz WERELICH<\/a><\/strong><\/h2>\n\n\n\n<p><\/p>\n","protected":false},"excerpt":{"rendered":"<p>Nowa Komenda Powiatowej Policji w Wo\u0142ominie: Inwestycja za blisko 100 mln z\u0142 coraz bli\u017cej. Bezpiecze\u0144stwo to nasz priorytet, dlatego z satysfakcj\u0105 informuj\u0119 o kolejnych milowych krokach w stron\u0119 budowy nowej siedziby Komendy Powiatowej Policji w Wo\u0142ominie. Dzi\u015b o szczeg\u00f3\u0142ach tej ogromnej inwestycji rozmawia\u0142em z Zast\u0119pc\u0105 Komendanta Sto\u0142ecznego Policji, insp. Robertem Fr\u0105ckowiakiem&#8230;<\/p>\n","protected":false},"author":1,"featured_media":2520,"comment_status":"open","ping_status":"open","sticky":false,"template":"","format":"standard","meta":{"footnotes":""},"categories":[1],"tags":[],"class_list":["post-2519","post","type-post","status-publish","format-standard","has-post-thumbnail","hentry","category-aktualnosci"],"_links":{"self":[{"href":"https:\/\/powiatwwl.pl\/index.php?rest_route=\/wp\/v2\/posts\/2519","targetHints":{"allow":["GET"]}}],"collection":[{"href":"https:\/\/powiatwwl.pl\/index.php?rest_route=\/wp\/v2\/posts"}],"about":[{"href":"https:\/\/powiatwwl.pl\/index.php?rest_route=\/wp\/v2\/types\/post"}],"author":[{"embeddable":true,"href":"https:\/\/powiatwwl.pl\/index.php?rest_route=\/wp\/v2\/users\/1"}],"replies":[{"embeddable":true,"href":"https:\/\/powiatwwl.pl\/index.php?rest_route=%2Fwp%2Fv2%2Fcomments&post=2519"}],"version-history":[{"count":1,"href":"https:\/\/powiatwwl.pl\/index.php?rest_route=\/wp\/v2\/posts\/2519\/revisions"}],"predecessor-version":[{"id":2521,"href":"https:\/\/powiatwwl.pl\/index.php?rest_route=\/wp\/v2\/posts\/2519\/revisions\/2521"}],"wp:featuredmedia":[{"embeddable":true,"href":"https:\/\/powiatwwl.pl\/index.php?rest_route=\/wp\/v2\/media\/2520"}],"wp:attachment":[{"href":"https:\/\/powiatwwl.pl\/index.php?rest_route=%2Fwp%2Fv2%2Fmedia&parent=2519"}],"wp:term":[{"taxonomy":"category","embeddable":true,"href":"https:\/\/powiatwwl.pl\/index.php?rest_route=%2Fwp%2Fv2%2Fcategories&post=2519"},{"taxonomy":"post_tag","embeddable":true,"href":"https:\/\/powiatwwl.pl\/index.php?rest_route=%2Fwp%2Fv2%2Ftags&post=2519"}],"curies":[{"name":"wp","href":"https:\/\/api.w.org\/{rel}","templated":true}]}}