{"id":2522,"date":"2026-03-30T11:14:23","date_gmt":"2026-03-30T09:14:23","guid":{"rendered":"http:\/\/powiatwwl.pl\/?p=2522"},"modified":"2026-03-30T11:14:24","modified_gmt":"2026-03-30T09:14:24","slug":"mala-wojowniczka-stefcia-video","status":"publish","type":"post","link":"https:\/\/powiatwwl.pl\/?p=2522","title":{"rendered":"Ma\u0142a Wojowniczka &#8222;Stefcia&#8221;\/VIDEO\/"},"content":{"rendered":"<div class=\"wp-block-image\">\n<figure class=\"aligncenter size-full\"><img loading=\"lazy\" decoding=\"async\" width=\"400\" height=\"265\" src=\"https:\/\/powiatwwl.pl\/wp-content\/uploads\/2026\/03\/Kangur-fot.-Dawid-Wdowinski-7.png\" alt=\"\" class=\"wp-image-2523\" srcset=\"https:\/\/powiatwwl.pl\/wp-content\/uploads\/2026\/03\/Kangur-fot.-Dawid-Wdowinski-7.png 400w, https:\/\/powiatwwl.pl\/wp-content\/uploads\/2026\/03\/Kangur-fot.-Dawid-Wdowinski-7-300x199.png 300w\" sizes=\"auto, (max-width: 400px) 100vw, 400px\" \/><\/figure>\n<\/div>\n\n\n<p>Poznajcie ma\u0142\u0105 kangurzyc\u0119 uratowan\u0105 przez Opiekun\u00f3w i wychowan\u0105 dzi\u0119ki ich trosce. Latem 2025 roku w Warszawskim ZOO na \u015bwiat przysz\u0142a kangurzyca, ale jej historia od pocz\u0105tku nie by\u0142a \u0142atwa. Wyrzucana z torby przez starszego brata, by\u0142a wielokrotnie wk\u0142adana z powrotem przez Opiekun\u00f3w, kt\u00f3rzy starali si\u0119 da\u0107 jej szans\u0119 na dalszy rozw\u00f3j przy matce. Po pewnym czasie starszy brat zosta\u0142 oddzielony, a m\u0142oda kangurzyca pocz\u0105tkowo rozwija\u0142a si\u0119 prawid\u0142owo. Jednak po oko\u0142o miesi\u0105cu Opiekunowie zauwa\u017cyli, \u017ce zacz\u0119\u0142a traci\u0107 na wadze. Dok\u0142adna kontrola wykaza\u0142a, \u017ce matka przesta\u0142a produkowa\u0107 mleko. Dla zaledwie kilkumiesi\u0119cznego kangurka to oznacza\u0142o jedno &#8211; bez pomocy nie prze\u017cyje. Podj\u0119to decyzj\u0119 o sztucznym odchowie. Rozpocz\u0119\u0142a si\u0119 walka o jej \u017cycie: karmienie co kilka godzin, dni i noce pe\u0142ne troski, cierpliwo\u015bci i nadziei. W odchowanie zaanga\u017cowani byli m.in. Opiekunowie Dawid Wdowi\u0144ski i Anna Bentkowska. <\/p>\n\n\n\n<p>Ma\u0142a ros\u0142a dzi\u0119ki specjalistycznemu mleku zast\u0119pczemu, a z czasem zacz\u0119\u0142a poznawa\u0107 smak warzyw, p\u0142atk\u00f3w owsianych i granulatu. Ka\u017cdy dzie\u0144 by\u0142 krokiem naprz\u00f3d, a ka\u017cdy gram wi\u0119cej by\u0142 ma\u0142ym zwyci\u0119stwem. Kangurzyca sp\u0119dza\u0142a z Opiekunami ca\u0142e dni i noce, je\u017cd\u017c\u0105c do domu i wzbudzaj\u0105c niema\u0142e zainteresowanie po drodze i na osiedlu. Podr\u00f3\u017ce by\u0142y jednak konieczne, ma\u0142a musia\u0142a mie\u0107 zapewnion\u0105 ca\u0142odobow\u0105 opiek\u0119. Po niemal dw\u00f3ch miesi\u0105cach intensywnej troski nadszed\u0142 kolejny wa\u017cny moment, czyli pierwsze spotkania ze stadem. Dzi\u015b mo\u017cecie zobaczy\u0107 j\u0105, jak coraz \u015bmielej integruje si\u0119 z innymi kangurami rudymi. Je\u015bli spotkacie j\u0105 na wybiegu, to pami\u0119tajcie, \u017ce patrzycie na prawdziw\u0105 ma\u0142\u0105 wojowniczk\u0119! Kangurka otrzyma\u0142a ju\u017c imi\u0119 \u2013 Stefania. Wybra\u0142a je osoba, kt\u00f3ra wspar\u0142a j\u0105 swoj\u0105 pomoc\u0105, i zauroczona jej histori\u0105, zapewni\u0142a Stefci zapas karmy. Wszyscy z dum\u0105 obserwujemy, jak ma\u0142a pi\u0119knie ro\u015bnie i si\u0119 rozwija. Dzi\u0119kujemy za okazane serce!<\/p>\n\n\n\n<p>Je\u015bli Wy chcieliby\u015bcie pom\u00f3c innym naszym zwierz\u0119tom, zach\u0119camy do udzia\u0142u w programie adopcji honorowej prowadzonym przez <a href=\"https:\/\/www.facebook.com\/FundacjaRozwojuWarszawskiegoOgroduZoologicznego?__cft__[0]=AZaZw1q2idwe8N9zV9YRRQYiU9b1DSEzNOn0YxvOrAHYWZrfxmqQf4k1xzlrqtx18nblST5L8t1QtDcY2sHgSg3BWSEAI3aBNj-GwmnBXNcqCBe776PfLt8vBWk-OA-sNPpvECsdLZQWAGPHRUArN0j1HGDu6D8JGgu6QNcBXgzO0P-IwfpJzrxsNBdBD9pASI9v9kEtyOByDA5CG_W3bSIw&amp;__tn__=-]K-R\">Fundacja PANDA<\/a>. Ro\u015bnij zdrowo, maluszku, \u017cyczymy Ci du\u017co zdrowia, rado\u015bci i pi\u0119knych chwil z Twoim stadem! Dzi\u0119kujemy Opiekunom za wspania\u0142\u0105 trosk\u0119 i odchowanie ma\u0142ej. O Stefci opowiada Opiekun Dawid Wdowi\u0144ski z <a href=\"https:\/\/www.facebook.com\/KopytneWarszawskiegoZ00?__cft__[0]=AZaZw1q2idwe8N9zV9YRRQYiU9b1DSEzNOn0YxvOrAHYWZrfxmqQf4k1xzlrqtx18nblST5L8t1QtDcY2sHgSg3BWSEAI3aBNj-GwmnBXNcqCBe776PfLt8vBWk-OA-sNPpvECsdLZQWAGPHRUArN0j1HGDu6D8JGgu6QNcBXgzO0P-IwfpJzrxsNBdBD9pASI9v9kEtyOByDA5CG_W3bSIw&amp;__tn__=-]K-R\">Kopytne Warszawskiego ZOO<\/a>.<\/p>\n\n\n<div class=\"wp-block-image\">\n<figure class=\"alignleft size-large is-resized\"><img loading=\"lazy\" decoding=\"async\" width=\"1024\" height=\"1024\" src=\"https:\/\/powiatwwl.pl\/wp-content\/uploads\/2026\/03\/PW-logok-Zdjecie-profilowe-na-Facebooka-6-1024x1024.jpg\" alt=\"\" class=\"wp-image-1976\" style=\"width:103px;height:auto\" srcset=\"https:\/\/powiatwwl.pl\/wp-content\/uploads\/2026\/03\/PW-logok-Zdjecie-profilowe-na-Facebooka-6-1024x1024.jpg 1024w, https:\/\/powiatwwl.pl\/wp-content\/uploads\/2026\/03\/PW-logok-Zdjecie-profilowe-na-Facebooka-6-300x300.jpg 300w, https:\/\/powiatwwl.pl\/wp-content\/uploads\/2026\/03\/PW-logok-Zdjecie-profilowe-na-Facebooka-6-150x150.jpg 150w, https:\/\/powiatwwl.pl\/wp-content\/uploads\/2026\/03\/PW-logok-Zdjecie-profilowe-na-Facebooka-6-768x768.jpg 768w, https:\/\/powiatwwl.pl\/wp-content\/uploads\/2026\/03\/PW-logok-Zdjecie-profilowe-na-Facebooka-6-80x80.jpg 80w, https:\/\/powiatwwl.pl\/wp-content\/uploads\/2026\/03\/PW-logok-Zdjecie-profilowe-na-Facebooka-6-320x320.jpg 320w, https:\/\/powiatwwl.pl\/wp-content\/uploads\/2026\/03\/PW-logok-Zdjecie-profilowe-na-Facebooka-6.jpg 1280w\" sizes=\"auto, (max-width: 1024px) 100vw, 1024px\" \/><\/figure>\n<\/div>\n\n\n<hr class=\"wp-block-separator has-alpha-channel-opacity\"\/>\n\n\n\n<h2 class=\"wp-block-heading\"><a href=\"https:\/\/www.facebook.com\/reel\/2315863072236073\">ROLKA VIDEO<\/a><\/h2>\n\n\n\n<hr class=\"wp-block-separator aligncenter has-alpha-channel-opacity\"\/>\n\n\n<div class=\"wp-block-image\">\n<figure class=\"alignleft size-large is-resized\"><img loading=\"lazy\" decoding=\"async\" width=\"1024\" height=\"1024\" src=\"https:\/\/powiatwwl.pl\/wp-content\/uploads\/2026\/03\/415186294_762455222594233_8767852783779268106_n-1024x1024.jpg\" alt=\"\" class=\"wp-image-2201\" style=\"width:107px;height:auto\" srcset=\"https:\/\/powiatwwl.pl\/wp-content\/uploads\/2026\/03\/415186294_762455222594233_8767852783779268106_n-1024x1024.jpg 1024w, https:\/\/powiatwwl.pl\/wp-content\/uploads\/2026\/03\/415186294_762455222594233_8767852783779268106_n-300x300.jpg 300w, https:\/\/powiatwwl.pl\/wp-content\/uploads\/2026\/03\/415186294_762455222594233_8767852783779268106_n-150x150.jpg 150w, https:\/\/powiatwwl.pl\/wp-content\/uploads\/2026\/03\/415186294_762455222594233_8767852783779268106_n-768x768.jpg 768w, https:\/\/powiatwwl.pl\/wp-content\/uploads\/2026\/03\/415186294_762455222594233_8767852783779268106_n-1536x1536.jpg 1536w, https:\/\/powiatwwl.pl\/wp-content\/uploads\/2026\/03\/415186294_762455222594233_8767852783779268106_n-80x80.jpg 80w, https:\/\/powiatwwl.pl\/wp-content\/uploads\/2026\/03\/415186294_762455222594233_8767852783779268106_n-320x320.jpg 320w, https:\/\/powiatwwl.pl\/wp-content\/uploads\/2026\/03\/415186294_762455222594233_8767852783779268106_n.jpg 1861w\" sizes=\"auto, (max-width: 1024px) 100vw, 1024px\" \/><\/figure>\n<\/div>\n\n\n<h2 class=\"wp-block-heading\"><a href=\"https:\/\/www.facebook.com\/WarszawskieZOO\">Warszawskie <strong>ZOO<\/strong><\/a><\/h2>\n\n\n\n<p><\/p>\n","protected":false},"excerpt":{"rendered":"<p>Poznajcie ma\u0142\u0105 kangurzyc\u0119 uratowan\u0105 przez Opiekun\u00f3w i wychowan\u0105 dzi\u0119ki ich trosce. Latem 2025 roku w Warszawskim ZOO na \u015bwiat przysz\u0142a kangurzyca, ale jej historia od pocz\u0105tku nie by\u0142a \u0142atwa. Wyrzucana z torby przez starszego brata, by\u0142a wielokrotnie wk\u0142adana z powrotem przez Opiekun\u00f3w, kt\u00f3rzy starali si\u0119 da\u0107 jej szans\u0119 na dalszy rozw\u00f3j przy matce. Po pewnym czasie starszy brat zosta\u0142 oddzielony, a m\u0142oda kangurzyca pocz\u0105tkowo rozwija\u0142a si\u0119 prawid\u0142owo. Jednak po oko\u0142o miesi\u0105cu Opiekunowie zauwa\u017cyli, \u017ce zacz\u0119\u0142a traci\u0107 na wadze. Dok\u0142adna kontrola wykaza\u0142a, \u017ce matka przesta\u0142a produkowa\u0107 mleko. Dla zaledwie kilkumiesi\u0119cznego kangurka to oznacza\u0142o jedno &#8211; bez pomocy nie prze\u017cyje&#8230;<\/p>\n","protected":false},"author":1,"featured_media":2523,"comment_status":"open","ping_status":"open","sticky":false,"template":"","format":"standard","meta":{"footnotes":""},"categories":[1],"tags":[],"class_list":["post-2522","post","type-post","status-publish","format-standard","has-post-thumbnail","hentry","category-aktualnosci"],"_links":{"self":[{"href":"https:\/\/powiatwwl.pl\/index.php?rest_route=\/wp\/v2\/posts\/2522","targetHints":{"allow":["GET"]}}],"collection":[{"href":"https:\/\/powiatwwl.pl\/index.php?rest_route=\/wp\/v2\/posts"}],"about":[{"href":"https:\/\/powiatwwl.pl\/index.php?rest_route=\/wp\/v2\/types\/post"}],"author":[{"embeddable":true,"href":"https:\/\/powiatwwl.pl\/index.php?rest_route=\/wp\/v2\/users\/1"}],"replies":[{"embeddable":true,"href":"https:\/\/powiatwwl.pl\/index.php?rest_route=%2Fwp%2Fv2%2Fcomments&post=2522"}],"version-history":[{"count":1,"href":"https:\/\/powiatwwl.pl\/index.php?rest_route=\/wp\/v2\/posts\/2522\/revisions"}],"predecessor-version":[{"id":2524,"href":"https:\/\/powiatwwl.pl\/index.php?rest_route=\/wp\/v2\/posts\/2522\/revisions\/2524"}],"wp:featuredmedia":[{"embeddable":true,"href":"https:\/\/powiatwwl.pl\/index.php?rest_route=\/wp\/v2\/media\/2523"}],"wp:attachment":[{"href":"https:\/\/powiatwwl.pl\/index.php?rest_route=%2Fwp%2Fv2%2Fmedia&parent=2522"}],"wp:term":[{"taxonomy":"category","embeddable":true,"href":"https:\/\/powiatwwl.pl\/index.php?rest_route=%2Fwp%2Fv2%2Fcategories&post=2522"},{"taxonomy":"post_tag","embeddable":true,"href":"https:\/\/powiatwwl.pl\/index.php?rest_route=%2Fwp%2Fv2%2Ftags&post=2522"}],"curies":[{"name":"wp","href":"https:\/\/api.w.org\/{rel}","templated":true}]}}